{"id":91161,"date":"2019-04-10T10:34:02","date_gmt":"2019-04-10T13:34:02","guid":{"rendered":"http:\/\/www.hoymercedes.com.ar\/principal\/?p=91161"},"modified":"2019-04-10T15:03:52","modified_gmt":"2019-04-10T18:03:52","slug":"anuncian-construccion-del-1o-hospital-universitario-odontologico-municipal","status":"publish","type":"post","link":"https:\/\/www.hoymercedes.com.ar\/principal\/2019\/04\/10\/anuncian-construccion-del-1o-hospital-universitario-odontologico-municipal\/","title":{"rendered":"Anuncian construcci\u00f3n del 1\u00ba Hospital Universitario Odontol\u00f3gico Municipal"},"content":{"rendered":"\n<ul class=\"wp-block-gallery columns-1 is-cropped wp-block-gallery-1 is-layout-flex wp-block-gallery-is-layout-flex\"><li class=\"blocks-gallery-item\"><figure><img loading=\"lazy\" decoding=\"async\" width=\"1024\" height=\"572\" data-attachment-id=\"91163\" data-permalink=\"https:\/\/www.hoymercedes.com.ar\/principal\/2019\/04\/10\/anuncian-construccion-del-1o-hospital-universitario-odontologico-municipal\/1-19\/#main\" data-orig-file=\"https:\/\/www.hoymercedes.com.ar\/principal\/wp-content\/uploads\/2019\/04\/1-1.jpg\" data-orig-size=\"1118,625\" data-comments-opened=\"0\" data-image-meta=\"{&quot;aperture&quot;:&quot;0&quot;,&quot;credit&quot;:&quot;&quot;,&quot;camera&quot;:&quot;&quot;,&quot;caption&quot;:&quot;&quot;,&quot;created_timestamp&quot;:&quot;0&quot;,&quot;copyright&quot;:&quot;&quot;,&quot;focal_length&quot;:&quot;0&quot;,&quot;iso&quot;:&quot;0&quot;,&quot;shutter_speed&quot;:&quot;0&quot;,&quot;title&quot;:&quot;&quot;,&quot;orientation&quot;:&quot;0&quot;}\" data-image-title=\"1\" data-image-description=\"\" data-image-caption=\"\" data-large-file=\"https:\/\/www.hoymercedes.com.ar\/principal\/wp-content\/uploads\/2019\/04\/1-1-1024x572.jpg\" src=\"https:\/\/www.hoymercedes.com.ar\/principal\/wp-content\/uploads\/2019\/04\/1-1-1024x572.jpg\" alt=\"\" data-id=\"91163\" data-link=\"https:\/\/www.hoymercedes.com.ar\/principal\/?attachment_id=91163\" class=\"wp-image-91163\" srcset=\"https:\/\/www.hoymercedes.com.ar\/principal\/wp-content\/uploads\/2019\/04\/1-1-1024x572.jpg 1024w, https:\/\/www.hoymercedes.com.ar\/principal\/wp-content\/uploads\/2019\/04\/1-1-150x84.jpg 150w, https:\/\/www.hoymercedes.com.ar\/principal\/wp-content\/uploads\/2019\/04\/1-1-630x352.jpg 630w, https:\/\/www.hoymercedes.com.ar\/principal\/wp-content\/uploads\/2019\/04\/1-1.jpg 1118w\" sizes=\"auto, (max-width: 1024px) 100vw, 1024px\" \/><figcaption>Estudiantes de UNLp y personal municipal del \u00e1rea <\/figcaption><\/figure><\/li><\/ul>\n\n\n\n<p>El intendente municipal Juan Ignacio Ustarroz junto al decano de la Facultad de Odontolog\u00eda de la Universidad de La Plata,  Gabriel Lazo, realizaron el anuncio de la construcci\u00f3n del primer Hospital Universitario Odontol\u00f3gico Municipal. El mismo ser\u00e1 construido con fondos municipales en calle 29 y 64 y contar\u00e1 con la cobertura acad\u00e9mica de la mencionada instituci\u00f3n educativa.<\/p>\n\n\n\n<ul class=\"wp-block-gallery columns-1 is-cropped wp-block-gallery-2 is-layout-flex wp-block-gallery-is-layout-flex\"><li class=\"blocks-gallery-item\"><figure><img loading=\"lazy\" decoding=\"async\" width=\"1024\" height=\"614\" data-attachment-id=\"91164\" data-permalink=\"https:\/\/www.hoymercedes.com.ar\/principal\/2019\/04\/10\/anuncian-construccion-del-1o-hospital-universitario-odontologico-municipal\/huom\/#main\" data-orig-file=\"https:\/\/www.hoymercedes.com.ar\/principal\/wp-content\/uploads\/2019\/04\/huom.jpg\" data-orig-size=\"1200,720\" data-comments-opened=\"0\" data-image-meta=\"{&quot;aperture&quot;:&quot;0&quot;,&quot;credit&quot;:&quot;&quot;,&quot;camera&quot;:&quot;&quot;,&quot;caption&quot;:&quot;&quot;,&quot;created_timestamp&quot;:&quot;0&quot;,&quot;copyright&quot;:&quot;&quot;,&quot;focal_length&quot;:&quot;0&quot;,&quot;iso&quot;:&quot;0&quot;,&quot;shutter_speed&quot;:&quot;0&quot;,&quot;title&quot;:&quot;&quot;,&quot;orientation&quot;:&quot;0&quot;}\" data-image-title=\"huom\" data-image-description=\"\" data-image-caption=\"\" data-large-file=\"https:\/\/www.hoymercedes.com.ar\/principal\/wp-content\/uploads\/2019\/04\/huom-1024x614.jpg\" src=\"https:\/\/www.hoymercedes.com.ar\/principal\/wp-content\/uploads\/2019\/04\/huom-1024x614.jpg\" alt=\"\" data-id=\"91164\" data-link=\"https:\/\/www.hoymercedes.com.ar\/principal\/?attachment_id=91164\" class=\"wp-image-91164\" srcset=\"https:\/\/www.hoymercedes.com.ar\/principal\/wp-content\/uploads\/2019\/04\/huom-1024x614.jpg 1024w, https:\/\/www.hoymercedes.com.ar\/principal\/wp-content\/uploads\/2019\/04\/huom-150x90.jpg 150w, https:\/\/www.hoymercedes.com.ar\/principal\/wp-content\/uploads\/2019\/04\/huom-630x378.jpg 630w, https:\/\/www.hoymercedes.com.ar\/principal\/wp-content\/uploads\/2019\/04\/huom.jpg 1200w\" sizes=\"auto, (max-width: 1024px) 100vw, 1024px\" \/><\/figure><\/li><\/ul>\n\n\n\n<p>La obra ser\u00e1 la primera en la provincia fuera de la\nUniversidad, permitiendo atenciones a los vecinos, planes integrales,\nresidencia, actividades acad\u00e9micas y especialmente cuidado de la salud bucal de\nlos mercedinos.<\/p>\n\n\n\n<ul class=\"wp-block-list\"><li>Ampliaremos &#8211;<\/li><\/ul>\n","protected":false},"excerpt":{"rendered":"<p>El intendente municipal Juan Ignacio Ustarroz junto al decano de la Facultad de Odontolog\u00eda de la Universidad de La Plata, &#8230; <a title=\"Anuncian construcci\u00f3n del 1\u00ba Hospital Universitario Odontol\u00f3gico Municipal\" class=\"read-more\" href=\"https:\/\/www.hoymercedes.com.ar\/principal\/2019\/04\/10\/anuncian-construccion-del-1o-hospital-universitario-odontologico-municipal\/\" aria-label=\"Leer m\u00e1s sobre Anuncian construcci\u00f3n del 1\u00ba Hospital Universitario Odontol\u00f3gico Municipal\">Leer m\u00e1s<\/a><\/p>\n","protected":false},"author":1,"featured_media":91163,"comment_status":"closed","ping_status":"open","sticky":false,"template":"","format":"standard","meta":{"_monsterinsights_skip_tracking":false,"_monsterinsights_sitenote_active":false,"_monsterinsights_sitenote_note":"","_monsterinsights_sitenote_category":0,"jetpack_post_was_ever_published":false,"_jetpack_newsletter_access":"","_jetpack_dont_email_post_to_subs":false,"_jetpack_newsletter_tier_id":0,"_jetpack_memberships_contains_paywalled_content":false,"_jetpack_memberships_contains_paid_content":false,"footnotes":"","jetpack_publicize_message":"","jetpack_publicize_feature_enabled":true,"jetpack_social_post_already_shared":true,"jetpack_social_options":{"image_generator_settings":{"template":"highway","default_image_id":0,"font":"","enabled":false},"version":2},"_wpas_customize_per_network":false},"categories":[30],"tags":[14849,244,14850],"class_list":["post-91161","post","type-post","status-publish","format-standard","has-post-thumbnail","hentry","category-municipio","tag-hospital-oftalmologico","tag-municipio-2","tag-universitario","generate-columns","tablet-grid-50","mobile-grid-100","grid-parent","grid-50"],"jetpack_publicize_connections":[],"jetpack_featured_media_url":"https:\/\/www.hoymercedes.com.ar\/principal\/wp-content\/uploads\/2019\/04\/1-1.jpg","wps_subtitle":"Inversi\u00f3n y salud","jetpack_sharing_enabled":true,"_links":{"self":[{"href":"https:\/\/www.hoymercedes.com.ar\/principal\/wp-json\/wp\/v2\/posts\/91161","targetHints":{"allow":["GET"]}}],"collection":[{"href":"https:\/\/www.hoymercedes.com.ar\/principal\/wp-json\/wp\/v2\/posts"}],"about":[{"href":"https:\/\/www.hoymercedes.com.ar\/principal\/wp-json\/wp\/v2\/types\/post"}],"author":[{"embeddable":true,"href":"https:\/\/www.hoymercedes.com.ar\/principal\/wp-json\/wp\/v2\/users\/1"}],"replies":[{"embeddable":true,"href":"https:\/\/www.hoymercedes.com.ar\/principal\/wp-json\/wp\/v2\/comments?post=91161"}],"version-history":[{"count":0,"href":"https:\/\/www.hoymercedes.com.ar\/principal\/wp-json\/wp\/v2\/posts\/91161\/revisions"}],"wp:featuredmedia":[{"embeddable":true,"href":"https:\/\/www.hoymercedes.com.ar\/principal\/wp-json\/wp\/v2\/media\/91163"}],"wp:attachment":[{"href":"https:\/\/www.hoymercedes.com.ar\/principal\/wp-json\/wp\/v2\/media?parent=91161"}],"wp:term":[{"taxonomy":"category","embeddable":true,"href":"https:\/\/www.hoymercedes.com.ar\/principal\/wp-json\/wp\/v2\/categories?post=91161"},{"taxonomy":"post_tag","embeddable":true,"href":"https:\/\/www.hoymercedes.com.ar\/principal\/wp-json\/wp\/v2\/tags?post=91161"}],"curies":[{"name":"wp","href":"https:\/\/api.w.org\/{rel}","templated":true}]}}