{"id":91206,"date":"2019-04-11T06:10:44","date_gmt":"2019-04-11T09:10:44","guid":{"rendered":"http:\/\/www.hoymercedes.com.ar\/principal\/?p=91206"},"modified":"2019-04-11T10:00:56","modified_gmt":"2019-04-11T13:00:56","slug":"mercedinos-involucrado-en-cuadruple-choque-en-ruta-5","status":"publish","type":"post","link":"https:\/\/www.hoymercedes.com.ar\/principal\/2019\/04\/11\/mercedinos-involucrado-en-cuadruple-choque-en-ruta-5\/","title":{"rendered":"Mercedino involucrado en cuadruple choque en ruta 5"},"content":{"rendered":"\n<p>Ocurri\u00f3 en el kil\u00f3metro 139, sobre el puente Las Saladas, en el l\u00edmite de los partidos de Suipacha y Chivilcoy. Algunos de los ocupantes de los rodados involucrados fueron trasladados al Hospital Esteban Iribarne con lesiones que no revestir\u00edan gravedad. El tr\u00e1nsito estuvo parcialmente interrumpido.<\/p>\n\n\n\n<figure class=\"wp-block-image\"><img loading=\"lazy\" decoding=\"async\" width=\"750\" height=\"500\" data-attachment-id=\"91208\" data-permalink=\"https:\/\/www.hoymercedes.com.ar\/principal\/2019\/04\/11\/mercedinos-involucrado-en-cuadruple-choque-en-ruta-5\/11-choque-2\/#main\" data-orig-file=\"https:\/\/www.hoymercedes.com.ar\/principal\/wp-content\/uploads\/2019\/04\/11-choque-2.jpg\" data-orig-size=\"750,500\" data-comments-opened=\"0\" data-image-meta=\"{&quot;aperture&quot;:&quot;0&quot;,&quot;credit&quot;:&quot;&quot;,&quot;camera&quot;:&quot;&quot;,&quot;caption&quot;:&quot;&quot;,&quot;created_timestamp&quot;:&quot;0&quot;,&quot;copyright&quot;:&quot;&quot;,&quot;focal_length&quot;:&quot;0&quot;,&quot;iso&quot;:&quot;0&quot;,&quot;shutter_speed&quot;:&quot;0&quot;,&quot;title&quot;:&quot;&quot;,&quot;orientation&quot;:&quot;0&quot;}\" data-image-title=\"11 choque 2\" data-image-description=\"\" data-image-caption=\"\" data-large-file=\"https:\/\/www.hoymercedes.com.ar\/principal\/wp-content\/uploads\/2019\/04\/11-choque-2.jpg\" src=\"https:\/\/www.hoymercedes.com.ar\/principal\/wp-content\/uploads\/2019\/04\/11-choque-2.jpg\" alt=\"\" class=\"wp-image-91208\" srcset=\"https:\/\/www.hoymercedes.com.ar\/principal\/wp-content\/uploads\/2019\/04\/11-choque-2.jpg 750w, https:\/\/www.hoymercedes.com.ar\/principal\/wp-content\/uploads\/2019\/04\/11-choque-2-150x100.jpg 150w, https:\/\/www.hoymercedes.com.ar\/principal\/wp-content\/uploads\/2019\/04\/11-choque-2-630x420.jpg 630w, https:\/\/www.hoymercedes.com.ar\/principal\/wp-content\/uploads\/2019\/04\/11-choque-2-720x480.jpg 720w, https:\/\/www.hoymercedes.com.ar\/principal\/wp-content\/uploads\/2019\/04\/11-choque-2-360x240.jpg 360w\" sizes=\"auto, (max-width: 750px) 100vw, 750px\" \/><\/figure>\n\n\n\n<p>Cerca de las 17 del d\u00eda mi\u00e9rcoles, ocurri\u00f3 un choque m\u00faltiple sobre el trazado de la Ruta Nacional N\u00b0 5, en el kil\u00f3metro&nbsp; 138, en jurisdicci\u00f3n del partido de Suipacha, donde se vieron involucrados cuatro autom\u00f3viles. El siniestro se produjo sobre el puente ubicado sobre el lecho del arroyo \u201cLas Saladas\u00bb. <\/p>\n\n\n\n<p>Un autom\u00f3vil Renault Fluence, dominio LSJ-982, color rojo, conducido por Daniel Oscar Sberna de profesi\u00f3n remisero, que circulaba en direcci\u00f3n Suipacha \u2013Chivilcoy, intenta adelantarse a otros veh\u00edculos que circulaban delante de \u00e9l, impactando contra el lateral izquierdo de un autom\u00f3vil Ford Ka , dominio AD-011-SZ, color gris, conducido por la suipachense Mar\u00eda Alejandra Coaudeau, que viajaba acompa\u00f1ada por su hijo de 11 a\u00f1os en direcci\u00f3n Chivilcoy-Suipacha, que a su vez producto del choque con el Renault Fluence pierde el control de su Ford Ka, embistiendo la parte trasera de un autom\u00f3vil Chevrolet Cruze , dominio LGO-117, color azul oscuro, conducido por Marcelo Fernando Bojorge, domiciliado en Mercedes, que circulaba delante y que hab\u00eda frenado bruscamente al esquivar el Renault Fluence que invad\u00eda la mano de circulaci\u00f3n de ambos.<\/p>\n\n\n\n<figure class=\"wp-block-image\"><img loading=\"lazy\" decoding=\"async\" width=\"750\" height=\"500\" data-attachment-id=\"91210\" data-permalink=\"https:\/\/www.hoymercedes.com.ar\/principal\/2019\/04\/11\/mercedinos-involucrado-en-cuadruple-choque-en-ruta-5\/11-choque-4\/#main\" data-orig-file=\"https:\/\/www.hoymercedes.com.ar\/principal\/wp-content\/uploads\/2019\/04\/11-choque-4.jpg\" data-orig-size=\"750,500\" data-comments-opened=\"0\" data-image-meta=\"{&quot;aperture&quot;:&quot;0&quot;,&quot;credit&quot;:&quot;&quot;,&quot;camera&quot;:&quot;&quot;,&quot;caption&quot;:&quot;&quot;,&quot;created_timestamp&quot;:&quot;0&quot;,&quot;copyright&quot;:&quot;&quot;,&quot;focal_length&quot;:&quot;0&quot;,&quot;iso&quot;:&quot;0&quot;,&quot;shutter_speed&quot;:&quot;0&quot;,&quot;title&quot;:&quot;&quot;,&quot;orientation&quot;:&quot;0&quot;}\" data-image-title=\"11 choque 4\" data-image-description=\"\" data-image-caption=\"\" data-large-file=\"https:\/\/www.hoymercedes.com.ar\/principal\/wp-content\/uploads\/2019\/04\/11-choque-4.jpg\" src=\"https:\/\/www.hoymercedes.com.ar\/principal\/wp-content\/uploads\/2019\/04\/11-choque-4.jpg\" alt=\"\" class=\"wp-image-91210\" srcset=\"https:\/\/www.hoymercedes.com.ar\/principal\/wp-content\/uploads\/2019\/04\/11-choque-4.jpg 750w, https:\/\/www.hoymercedes.com.ar\/principal\/wp-content\/uploads\/2019\/04\/11-choque-4-150x100.jpg 150w, https:\/\/www.hoymercedes.com.ar\/principal\/wp-content\/uploads\/2019\/04\/11-choque-4-630x420.jpg 630w, https:\/\/www.hoymercedes.com.ar\/principal\/wp-content\/uploads\/2019\/04\/11-choque-4-720x480.jpg 720w, https:\/\/www.hoymercedes.com.ar\/principal\/wp-content\/uploads\/2019\/04\/11-choque-4-360x240.jpg 360w\" sizes=\"auto, (max-width: 750px) 100vw, 750px\" \/><\/figure>\n\n\n\n<p>Asimismo tambi\u00e9n particip\u00f3 en la colisi\u00f3n un autom\u00f3vil Audi A4, dominio MMA-790, color blanco, conducido por Ernesto Trotz, que circulaba detr\u00e1s del Ford Ka y se vio sorprendido por el choque y embisti\u00f3 tambi\u00e9n la parte trasera del Chevrolet Cruze.<\/p>\n\n\n\n<p>Afortunadamente a pesar de las caracter\u00edsticas del siniestro y si bien todos los ocupantes de los veh\u00edculos fueron derivados al Hospital Esteban Iribarne de Suipacha por ambulancias del SAME Provincia,&nbsp; para controles de rutina, de donde se determin\u00f3 que no hab\u00edan recibido lesiones.<\/p>\n\n\n\n<p>El autom\u00f3vil Ford Ka, el Chevrolet Cruze y el Audi A4 circulaban desde Chivilcoy hacia Mercedes, en tanto el Renault Fluence, lo hac\u00eda en sentido contrario contrario desde Suipacha hacia Chivilcoy, transportando dos pasajeras, una joven y una ni\u00f1a de 9 a\u00f1os.<\/p>\n\n\n\n<figure class=\"wp-block-image\"><img loading=\"lazy\" decoding=\"async\" width=\"750\" height=\"500\" data-attachment-id=\"91209\" data-permalink=\"https:\/\/www.hoymercedes.com.ar\/principal\/2019\/04\/11\/mercedinos-involucrado-en-cuadruple-choque-en-ruta-5\/11-choque-3\/#main\" data-orig-file=\"https:\/\/www.hoymercedes.com.ar\/principal\/wp-content\/uploads\/2019\/04\/11-choque-3.jpg\" data-orig-size=\"750,500\" data-comments-opened=\"0\" data-image-meta=\"{&quot;aperture&quot;:&quot;0&quot;,&quot;credit&quot;:&quot;&quot;,&quot;camera&quot;:&quot;&quot;,&quot;caption&quot;:&quot;&quot;,&quot;created_timestamp&quot;:&quot;0&quot;,&quot;copyright&quot;:&quot;&quot;,&quot;focal_length&quot;:&quot;0&quot;,&quot;iso&quot;:&quot;0&quot;,&quot;shutter_speed&quot;:&quot;0&quot;,&quot;title&quot;:&quot;&quot;,&quot;orientation&quot;:&quot;0&quot;}\" data-image-title=\"11 choque 3\" data-image-description=\"\" data-image-caption=\"\" data-large-file=\"https:\/\/www.hoymercedes.com.ar\/principal\/wp-content\/uploads\/2019\/04\/11-choque-3.jpg\" src=\"https:\/\/www.hoymercedes.com.ar\/principal\/wp-content\/uploads\/2019\/04\/11-choque-3.jpg\" alt=\"\" class=\"wp-image-91209\" srcset=\"https:\/\/www.hoymercedes.com.ar\/principal\/wp-content\/uploads\/2019\/04\/11-choque-3.jpg 750w, https:\/\/www.hoymercedes.com.ar\/principal\/wp-content\/uploads\/2019\/04\/11-choque-3-150x100.jpg 150w, https:\/\/www.hoymercedes.com.ar\/principal\/wp-content\/uploads\/2019\/04\/11-choque-3-630x420.jpg 630w, https:\/\/www.hoymercedes.com.ar\/principal\/wp-content\/uploads\/2019\/04\/11-choque-3-720x480.jpg 720w, https:\/\/www.hoymercedes.com.ar\/principal\/wp-content\/uploads\/2019\/04\/11-choque-3-360x240.jpg 360w\" sizes=\"auto, (max-width: 750px) 100vw, 750px\" \/><\/figure>\n\n\n\n<p>El tr\u00e1nsito en la Ruta N\u00b0 5 estuvo interrumpido por alrededor de una hora y media, en tanto se realizaban las tareas de rescate, pericias y remoci\u00f3n de los veh\u00edculos que hab\u00edan quedado sobre la cinta asf\u00e1ltica, situaci\u00f3n agravada por la lluvia que comenz\u00f3 a caer sobre la zona, lo que gener\u00f3 colas de hasta 7 kil\u00f3metros de ambas manos.<\/p>\n\n\n\n<p>Intervinieron Bomberos Voluntarios, polic\u00eda Comunal, CPR, y ambulancias del SAME Suipacha.<\/p>\n\n\n\n<p>Fuente: La Raz\u00f3n de Chivilcoy<br>Fotograf\u00edas: Jorge Oscar Lasala de Suipacha<\/p>\n\n\n\n<figure class=\"wp-block-image\"><img loading=\"lazy\" decoding=\"async\" width=\"750\" height=\"500\" data-attachment-id=\"91207\" data-permalink=\"https:\/\/www.hoymercedes.com.ar\/principal\/2019\/04\/11\/mercedinos-involucrado-en-cuadruple-choque-en-ruta-5\/11-choque-1\/#main\" data-orig-file=\"https:\/\/www.hoymercedes.com.ar\/principal\/wp-content\/uploads\/2019\/04\/11-choque-1.jpg\" data-orig-size=\"750,500\" data-comments-opened=\"0\" data-image-meta=\"{&quot;aperture&quot;:&quot;0&quot;,&quot;credit&quot;:&quot;&quot;,&quot;camera&quot;:&quot;&quot;,&quot;caption&quot;:&quot;&quot;,&quot;created_timestamp&quot;:&quot;0&quot;,&quot;copyright&quot;:&quot;&quot;,&quot;focal_length&quot;:&quot;0&quot;,&quot;iso&quot;:&quot;0&quot;,&quot;shutter_speed&quot;:&quot;0&quot;,&quot;title&quot;:&quot;&quot;,&quot;orientation&quot;:&quot;0&quot;}\" data-image-title=\"11 choque 1\" data-image-description=\"\" data-image-caption=\"\" data-large-file=\"https:\/\/www.hoymercedes.com.ar\/principal\/wp-content\/uploads\/2019\/04\/11-choque-1.jpg\" src=\"https:\/\/www.hoymercedes.com.ar\/principal\/wp-content\/uploads\/2019\/04\/11-choque-1.jpg\" alt=\"\" class=\"wp-image-91207\" srcset=\"https:\/\/www.hoymercedes.com.ar\/principal\/wp-content\/uploads\/2019\/04\/11-choque-1.jpg 750w, https:\/\/www.hoymercedes.com.ar\/principal\/wp-content\/uploads\/2019\/04\/11-choque-1-150x100.jpg 150w, https:\/\/www.hoymercedes.com.ar\/principal\/wp-content\/uploads\/2019\/04\/11-choque-1-630x420.jpg 630w, https:\/\/www.hoymercedes.com.ar\/principal\/wp-content\/uploads\/2019\/04\/11-choque-1-720x480.jpg 720w, https:\/\/www.hoymercedes.com.ar\/principal\/wp-content\/uploads\/2019\/04\/11-choque-1-360x240.jpg 360w\" sizes=\"auto, (max-width: 750px) 100vw, 750px\" \/><\/figure>\n","protected":false},"excerpt":{"rendered":"<p>Ocurri\u00f3 en el kil\u00f3metro 139, sobre el puente Las Saladas, en el l\u00edmite de los partidos de Suipacha y Chivilcoy. &#8230; <a title=\"Mercedino involucrado en cuadruple choque en ruta 5\" class=\"read-more\" href=\"https:\/\/www.hoymercedes.com.ar\/principal\/2019\/04\/11\/mercedinos-involucrado-en-cuadruple-choque-en-ruta-5\/\" aria-label=\"Leer m\u00e1s sobre Mercedino involucrado en cuadruple choque en ruta 5\">Leer m\u00e1s<\/a><\/p>\n","protected":false},"author":1,"featured_media":91207,"comment_status":"closed","ping_status":"open","sticky":false,"template":"","format":"standard","meta":{"_monsterinsights_skip_tracking":false,"_monsterinsights_sitenote_active":false,"_monsterinsights_sitenote_note":"","_monsterinsights_sitenote_category":0,"jetpack_post_was_ever_published":false,"_jetpack_newsletter_access":"","_jetpack_dont_email_post_to_subs":false,"_jetpack_newsletter_tier_id":0,"_jetpack_memberships_contains_paywalled_content":false,"_jetpack_memberships_contains_paid_content":false,"footnotes":"","jetpack_publicize_message":"","jetpack_publicize_feature_enabled":true,"jetpack_social_post_already_shared":true,"jetpack_social_options":{"image_generator_settings":{"template":"highway","default_image_id":0,"font":"","enabled":false},"version":2},"_wpas_customize_per_network":false},"categories":[85],"tags":[3260,538,10395],"class_list":["post-91206","post","type-post","status-publish","format-standard","has-post-thumbnail","hentry","category-policial","tag-choque","tag-ruta-5","tag-siniestro-vial","generate-columns","tablet-grid-50","mobile-grid-100","grid-parent","grid-50"],"jetpack_publicize_connections":[],"jetpack_featured_media_url":"https:\/\/www.hoymercedes.com.ar\/principal\/wp-content\/uploads\/2019\/04\/11-choque-1.jpg","wps_subtitle":"Lo chocaron cuando fren\u00f3 por otro choque","jetpack_sharing_enabled":true,"_links":{"self":[{"href":"https:\/\/www.hoymercedes.com.ar\/principal\/wp-json\/wp\/v2\/posts\/91206","targetHints":{"allow":["GET"]}}],"collection":[{"href":"https:\/\/www.hoymercedes.com.ar\/principal\/wp-json\/wp\/v2\/posts"}],"about":[{"href":"https:\/\/www.hoymercedes.com.ar\/principal\/wp-json\/wp\/v2\/types\/post"}],"author":[{"embeddable":true,"href":"https:\/\/www.hoymercedes.com.ar\/principal\/wp-json\/wp\/v2\/users\/1"}],"replies":[{"embeddable":true,"href":"https:\/\/www.hoymercedes.com.ar\/principal\/wp-json\/wp\/v2\/comments?post=91206"}],"version-history":[{"count":0,"href":"https:\/\/www.hoymercedes.com.ar\/principal\/wp-json\/wp\/v2\/posts\/91206\/revisions"}],"wp:featuredmedia":[{"embeddable":true,"href":"https:\/\/www.hoymercedes.com.ar\/principal\/wp-json\/wp\/v2\/media\/91207"}],"wp:attachment":[{"href":"https:\/\/www.hoymercedes.com.ar\/principal\/wp-json\/wp\/v2\/media?parent=91206"}],"wp:term":[{"taxonomy":"category","embeddable":true,"href":"https:\/\/www.hoymercedes.com.ar\/principal\/wp-json\/wp\/v2\/categories?post=91206"},{"taxonomy":"post_tag","embeddable":true,"href":"https:\/\/www.hoymercedes.com.ar\/principal\/wp-json\/wp\/v2\/tags?post=91206"}],"curies":[{"name":"wp","href":"https:\/\/api.w.org\/{rel}","templated":true}]}}