{"id":91213,"date":"2019-04-11T09:30:55","date_gmt":"2019-04-11T12:30:55","guid":{"rendered":"http:\/\/www.hoymercedes.com.ar\/principal\/?p=91213"},"modified":"2019-04-11T09:33:56","modified_gmt":"2019-04-11T12:33:56","slug":"compilaciones-colectivas-en-el-museo-de-arte","status":"publish","type":"post","link":"https:\/\/www.hoymercedes.com.ar\/principal\/2019\/04\/11\/compilaciones-colectivas-en-el-museo-de-arte\/","title":{"rendered":"Compilaciones colectivas en el Museo de Arte"},"content":{"rendered":"\n<p>El s\u00e1bado 13 de abril, 19 horas, se inaugurar\u00e1 una muestra colectiva en el Museo de Arte \u00abMunicipalidad de Mercedes\u00bb. Exponen  artistas pl\u00e1sticos invitados de distintas localidades y de nuestra ciudad lo har\u00e1n Laura Parras y Pablo Russo, La curador\u00eda est\u00e1 a cargo de Paula Doberti y D\u00e9bora Kirnos. <\/p>\n\n\n\n<figure class=\"wp-block-image\"><img loading=\"lazy\" decoding=\"async\" width=\"673\" height=\"750\" data-attachment-id=\"91214\" data-permalink=\"https:\/\/www.hoymercedes.com.ar\/principal\/2019\/04\/11\/compilaciones-colectivas-en-el-museo-de-arte\/11-mamm1\/#main\" data-orig-file=\"https:\/\/www.hoymercedes.com.ar\/principal\/wp-content\/uploads\/2019\/04\/11-mamm1.png\" data-orig-size=\"673,750\" data-comments-opened=\"0\" data-image-meta=\"{&quot;aperture&quot;:&quot;0&quot;,&quot;credit&quot;:&quot;&quot;,&quot;camera&quot;:&quot;&quot;,&quot;caption&quot;:&quot;&quot;,&quot;created_timestamp&quot;:&quot;0&quot;,&quot;copyright&quot;:&quot;&quot;,&quot;focal_length&quot;:&quot;0&quot;,&quot;iso&quot;:&quot;0&quot;,&quot;shutter_speed&quot;:&quot;0&quot;,&quot;title&quot;:&quot;&quot;,&quot;orientation&quot;:&quot;0&quot;}\" data-image-title=\"11 mamm1\" data-image-description=\"\" data-image-caption=\"\" data-large-file=\"https:\/\/www.hoymercedes.com.ar\/principal\/wp-content\/uploads\/2019\/04\/11-mamm1.png\" src=\"https:\/\/www.hoymercedes.com.ar\/principal\/wp-content\/uploads\/2019\/04\/11-mamm1.png\" alt=\"\" class=\"wp-image-91214\" srcset=\"https:\/\/www.hoymercedes.com.ar\/principal\/wp-content\/uploads\/2019\/04\/11-mamm1.png 673w, https:\/\/www.hoymercedes.com.ar\/principal\/wp-content\/uploads\/2019\/04\/11-mamm1-135x150.png 135w, https:\/\/www.hoymercedes.com.ar\/principal\/wp-content\/uploads\/2019\/04\/11-mamm1-556x620.png 556w\" sizes=\"auto, (max-width: 673px) 100vw, 673px\" \/><\/figure>\n\n\n\n<p>\u201c En 2017 se convoc\u00f3 en Umbral Espacio de Arte a intervenir y\/o introducir im\u00e1genes, objetos, textos (y\/o lo que cada uno quisiera) adentro de un contenedor pl\u00e1stico utilizado en laboratorios m\u00e9dicos. La idea fue entonces generar una compilaci\u00f3n de conceptos, propuestas, emocionalidades, est\u00e9ticas y pol\u00edticas tanto particulares como fusionadas, tanto \u00edntimas como sociales.<\/p>\n\n\n\n<p>Generamos as\u00ed una especie de archivo m\u00faltiple sin l\u00edmites ni desde lo discursivo, ni desde las formas de la memoria, ni desde la apropiaci\u00f3n de sentidos.<\/p>\n\n\n\n<p>Para Foucault un archivo es lo que permite que las \u201ccosas dichas\u201d no se repitan azarosamente y de un modo amorfo, sino que se ordenen de acuerdo a sus regularidades espec\u00edficas, a diferentes formas de acumulaci\u00f3n y de conexi\u00f3n. Es precisamente eso lo que proponemos exhibir: los detalles especificados, las aproximaciones fragmentarias, las particularidades y diferencias de un todo\u201d.<\/p>\n\n\n\n<p>As\u00ed es como D\u00e9bora Kirnos y Paula Doberti, artistas responsables y curadoras de la muestra, nos presentan el trabajo colectivo que vienen realizando junto a muchos colegas que han participado de sus inventarios.<\/p>\n\n\n\n<p>La muestra a realizarse en el MAMM el s\u00e1bado 13 de Abril, desde las 19 hs, se completar\u00e1, adem\u00e1s, con nuevos contenedores intervenidos provenientes de su \u201cderiva situacionista\u201d, una invitaci\u00f3n a deambular por la ciudad ese mismo d\u00eda, de ma\u00f1ana (10 am), durante cuyo paseo los artistas que deseen participar podr\u00e1n compilar objetos e im\u00e1genes que luego se ensamblar\u00e1n en el espacio \u201cEl Limonero\u201d y de all\u00ed continuar\u00e1n su camino hacia las paredes del Museo.<\/p>\n\n\n\n<figure class=\"wp-block-image\"><img loading=\"lazy\" decoding=\"async\" width=\"750\" height=\"744\" data-attachment-id=\"91215\" data-permalink=\"https:\/\/www.hoymercedes.com.ar\/principal\/2019\/04\/11\/compilaciones-colectivas-en-el-museo-de-arte\/11-mamm-2\/#main\" data-orig-file=\"https:\/\/www.hoymercedes.com.ar\/principal\/wp-content\/uploads\/2019\/04\/11-mamm.png\" data-orig-size=\"750,744\" data-comments-opened=\"0\" data-image-meta=\"{&quot;aperture&quot;:&quot;0&quot;,&quot;credit&quot;:&quot;&quot;,&quot;camera&quot;:&quot;&quot;,&quot;caption&quot;:&quot;&quot;,&quot;created_timestamp&quot;:&quot;0&quot;,&quot;copyright&quot;:&quot;&quot;,&quot;focal_length&quot;:&quot;0&quot;,&quot;iso&quot;:&quot;0&quot;,&quot;shutter_speed&quot;:&quot;0&quot;,&quot;title&quot;:&quot;&quot;,&quot;orientation&quot;:&quot;0&quot;}\" data-image-title=\"11 mamm\" data-image-description=\"\" data-image-caption=\"\" data-large-file=\"https:\/\/www.hoymercedes.com.ar\/principal\/wp-content\/uploads\/2019\/04\/11-mamm.png\" src=\"https:\/\/www.hoymercedes.com.ar\/principal\/wp-content\/uploads\/2019\/04\/11-mamm.png\" alt=\"\" class=\"wp-image-91215\" srcset=\"https:\/\/www.hoymercedes.com.ar\/principal\/wp-content\/uploads\/2019\/04\/11-mamm.png 750w, https:\/\/www.hoymercedes.com.ar\/principal\/wp-content\/uploads\/2019\/04\/11-mamm-150x150.png 150w, https:\/\/www.hoymercedes.com.ar\/principal\/wp-content\/uploads\/2019\/04\/11-mamm-625x620.png 625w, https:\/\/www.hoymercedes.com.ar\/principal\/wp-content\/uploads\/2019\/04\/11-mamm-100x100.png 100w\" sizes=\"auto, (max-width: 750px) 100vw, 750px\" \/><\/figure>\n","protected":false},"excerpt":{"rendered":"<p>El s\u00e1bado 13 de abril, 19 horas, se inaugurar\u00e1 una muestra colectiva en el Museo de Arte \u00abMunicipalidad de Mercedes\u00bb. &#8230; <a title=\"Compilaciones colectivas en el Museo de Arte\" class=\"read-more\" href=\"https:\/\/www.hoymercedes.com.ar\/principal\/2019\/04\/11\/compilaciones-colectivas-en-el-museo-de-arte\/\" aria-label=\"Leer m\u00e1s sobre Compilaciones colectivas en el Museo de Arte\">Leer m\u00e1s<\/a><\/p>\n","protected":false},"author":1,"featured_media":91215,"comment_status":"closed","ping_status":"open","sticky":false,"template":"","format":"standard","meta":{"_monsterinsights_skip_tracking":false,"_monsterinsights_sitenote_active":false,"_monsterinsights_sitenote_note":"","_monsterinsights_sitenote_category":0,"jetpack_post_was_ever_published":false,"_jetpack_newsletter_access":"","_jetpack_dont_email_post_to_subs":false,"_jetpack_newsletter_tier_id":0,"_jetpack_memberships_contains_paywalled_content":false,"_jetpack_memberships_contains_paid_content":false,"footnotes":"","jetpack_publicize_message":"","jetpack_publicize_feature_enabled":true,"jetpack_social_post_already_shared":true,"jetpack_social_options":{"image_generator_settings":{"template":"highway","default_image_id":0,"font":"","enabled":false},"version":2},"_wpas_customize_per_network":false},"categories":[104],"tags":[8890,8674,10869],"class_list":["post-91213","post","type-post","status-publish","format-standard","has-post-thumbnail","hentry","category-cultura","tag-artes-plasticas","tag-mamm","tag-museo-de-arte","generate-columns","tablet-grid-50","mobile-grid-100","grid-parent","grid-50"],"jetpack_publicize_connections":[],"jetpack_featured_media_url":"https:\/\/www.hoymercedes.com.ar\/principal\/wp-content\/uploads\/2019\/04\/11-mamm.png","wps_subtitle":"","jetpack_sharing_enabled":true,"_links":{"self":[{"href":"https:\/\/www.hoymercedes.com.ar\/principal\/wp-json\/wp\/v2\/posts\/91213","targetHints":{"allow":["GET"]}}],"collection":[{"href":"https:\/\/www.hoymercedes.com.ar\/principal\/wp-json\/wp\/v2\/posts"}],"about":[{"href":"https:\/\/www.hoymercedes.com.ar\/principal\/wp-json\/wp\/v2\/types\/post"}],"author":[{"embeddable":true,"href":"https:\/\/www.hoymercedes.com.ar\/principal\/wp-json\/wp\/v2\/users\/1"}],"replies":[{"embeddable":true,"href":"https:\/\/www.hoymercedes.com.ar\/principal\/wp-json\/wp\/v2\/comments?post=91213"}],"version-history":[{"count":0,"href":"https:\/\/www.hoymercedes.com.ar\/principal\/wp-json\/wp\/v2\/posts\/91213\/revisions"}],"wp:featuredmedia":[{"embeddable":true,"href":"https:\/\/www.hoymercedes.com.ar\/principal\/wp-json\/wp\/v2\/media\/91215"}],"wp:attachment":[{"href":"https:\/\/www.hoymercedes.com.ar\/principal\/wp-json\/wp\/v2\/media?parent=91213"}],"wp:term":[{"taxonomy":"category","embeddable":true,"href":"https:\/\/www.hoymercedes.com.ar\/principal\/wp-json\/wp\/v2\/categories?post=91213"},{"taxonomy":"post_tag","embeddable":true,"href":"https:\/\/www.hoymercedes.com.ar\/principal\/wp-json\/wp\/v2\/tags?post=91213"}],"curies":[{"name":"wp","href":"https:\/\/api.w.org\/{rel}","templated":true}]}}