{"id":91217,"date":"2019-04-12T09:15:26","date_gmt":"2019-04-12T12:15:26","guid":{"rendered":"http:\/\/www.hoymercedes.com.ar\/principal\/?p=91217"},"modified":"2019-04-12T09:32:47","modified_gmt":"2019-04-12T12:32:47","slug":"vuelve-literal-mammbo-con-otro-decir-america","status":"publish","type":"post","link":"https:\/\/www.hoymercedes.com.ar\/principal\/2019\/04\/12\/vuelve-literal-mammbo-con-otro-decir-america\/","title":{"rendered":"Vuelve Literal MAMMbo con otro decir Am\u00e9rica"},"content":{"rendered":"\n<p>Inicia un nuevo a\u00f1o del ciclo Literal MAMMbo que llevan adelante un grupo de escritores y lectores mercedinos en el Museo de Arte \u00abMunicipalidad de Mercedes\u00bb. Este domingo 14 de abril, D\u00eda de las Am\u00e9ricas, 18 horas, los literales dar\u00e1n cuenta de otra Am\u00e9rica, aquella de la que hablan autores latinos desconocidos. <\/p>\n\n\n\n<p>\u00abQu\u00e9 dicen aquellos autores latinos desconocidos\u00bb se cuestionan los literales para unir palabra, letra, poes\u00eda, magia y alma los corazones de todos los mammbeados. \u00abInauguramos el ciclo con \u201cOtro decir Am\u00e9rica\u201d, una invitaci\u00f3n a leer autores latinoamericanos y su decir desconocido. Una forma de acercarnos a aquella literatura que nos habla y dice sobre otra Latinoam\u00e9rica. Nos dejamos atravesar por todo lo que somos pero desde un rinc\u00f3n poco iluminado pero no menos brillante\u00bb, adelantaron.<\/p>\n\n\n\n<p>Los literales invitados son: Cecilia Ferrairoa, Pia Bouzas, Marcelo Bello y Marcial Gala. Adem\u00e1s, el \u201cGrupo de investigaci\u00f3n de movimiento\u201d  acercar\u00e1, tambi\u00e9n, la danza y Rulo Godar la m\u00fasica latinoamericana.<\/p>\n\n\n\n<p>Con entrada libre y gratuita, a partir de la hora 18 en el Museo de Arte \u00abMunicipalidad de Mercedes\u00bb (calle 23, entre 18 y 16), el LiteralMAMMbo pensar\u00e1 Otra Decir Am\u00e9rica<\/p>\n","protected":false},"excerpt":{"rendered":"<p>Inicia un nuevo a\u00f1o del ciclo Literal MAMMbo que llevan adelante un grupo de escritores y lectores mercedinos en el &#8230; <a title=\"Vuelve Literal MAMMbo con otro decir Am\u00e9rica\" class=\"read-more\" href=\"https:\/\/www.hoymercedes.com.ar\/principal\/2019\/04\/12\/vuelve-literal-mammbo-con-otro-decir-america\/\" aria-label=\"Leer m\u00e1s sobre Vuelve Literal MAMMbo con otro decir Am\u00e9rica\">Leer m\u00e1s<\/a><\/p>\n","protected":false},"author":1,"featured_media":91218,"comment_status":"closed","ping_status":"open","sticky":false,"template":"","format":"standard","meta":{"_monsterinsights_skip_tracking":false,"_monsterinsights_sitenote_active":false,"_monsterinsights_sitenote_note":"","_monsterinsights_sitenote_category":0,"jetpack_post_was_ever_published":false,"_jetpack_newsletter_access":"","_jetpack_dont_email_post_to_subs":false,"_jetpack_newsletter_tier_id":0,"_jetpack_memberships_contains_paywalled_content":false,"_jetpack_memberships_contains_paid_content":false,"footnotes":"","jetpack_publicize_message":"","jetpack_publicize_feature_enabled":true,"jetpack_social_post_already_shared":true,"jetpack_social_options":{"image_generator_settings":{"template":"highway","default_image_id":0,"font":"","enabled":false},"version":2},"_wpas_customize_per_network":false},"categories":[104],"tags":[7805,10921,73,8674],"class_list":["post-91217","post","type-post","status-publish","format-standard","has-post-thumbnail","hentry","category-cultura","tag-cultura","tag-literal-mammbo","tag-literatura","tag-mamm","generate-columns","tablet-grid-50","mobile-grid-100","grid-parent","grid-50"],"jetpack_publicize_connections":[],"jetpack_featured_media_url":"https:\/\/www.hoymercedes.com.ar\/principal\/wp-content\/uploads\/2019\/04\/12-MAMM-literal.jpg","wps_subtitle":"Este domingo","jetpack_sharing_enabled":true,"_links":{"self":[{"href":"https:\/\/www.hoymercedes.com.ar\/principal\/wp-json\/wp\/v2\/posts\/91217","targetHints":{"allow":["GET"]}}],"collection":[{"href":"https:\/\/www.hoymercedes.com.ar\/principal\/wp-json\/wp\/v2\/posts"}],"about":[{"href":"https:\/\/www.hoymercedes.com.ar\/principal\/wp-json\/wp\/v2\/types\/post"}],"author":[{"embeddable":true,"href":"https:\/\/www.hoymercedes.com.ar\/principal\/wp-json\/wp\/v2\/users\/1"}],"replies":[{"embeddable":true,"href":"https:\/\/www.hoymercedes.com.ar\/principal\/wp-json\/wp\/v2\/comments?post=91217"}],"version-history":[{"count":0,"href":"https:\/\/www.hoymercedes.com.ar\/principal\/wp-json\/wp\/v2\/posts\/91217\/revisions"}],"wp:featuredmedia":[{"embeddable":true,"href":"https:\/\/www.hoymercedes.com.ar\/principal\/wp-json\/wp\/v2\/media\/91218"}],"wp:attachment":[{"href":"https:\/\/www.hoymercedes.com.ar\/principal\/wp-json\/wp\/v2\/media?parent=91217"}],"wp:term":[{"taxonomy":"category","embeddable":true,"href":"https:\/\/www.hoymercedes.com.ar\/principal\/wp-json\/wp\/v2\/categories?post=91217"},{"taxonomy":"post_tag","embeddable":true,"href":"https:\/\/www.hoymercedes.com.ar\/principal\/wp-json\/wp\/v2\/tags?post=91217"}],"curies":[{"name":"wp","href":"https:\/\/api.w.org\/{rel}","templated":true}]}}