{"id":9122,"date":"2011-11-15T02:23:57","date_gmt":"2011-11-15T02:23:57","guid":{"rendered":"http:\/\/www.hoymercedes.com.ar\/principal\/?p=9122"},"modified":"2011-11-15T21:37:19","modified_gmt":"2011-11-15T21:37:19","slug":"dirigente-de-aatrac-denuncia-que-sufre-panfletadas-cerca-de-su-domicilio","status":"publish","type":"post","link":"https:\/\/www.hoymercedes.com.ar\/principal\/2011\/11\/15\/dirigente-de-aatrac-denuncia-que-sufre-panfletadas-cerca-de-su-domicilio\/","title":{"rendered":"Dirigente de AATRAC denuncia  que sufre panfletadas cerca de su domicilio"},"content":{"rendered":"<p>Un grupo de dirigentes gremiales de nuestra ciudad que en su oportunidad decidieron formar la Mesa Sindical Mercedina en apoyo directo a la candidatura a intendente de Juan Ignacio Ustarroz comenzaron a recibir en proximidades de sus domicilio volanteadas, pintadas en paredes y otro tipo de hechos en sus rodados.<\/p>\n<p>Eduardo Musso, Secretario General de la Seccional Mercedes de la Asociaci\u00f3n Argentina de Trabajadores de las Comunicaciones (AATRAC) sostuvo \u201cdesde hace por lo menos dos semanas varios delos dirigentes que firmamos el apoyo a la candidatura de Juan Ignacio Ustarroz y que al mismo tiempo dimos forma a la nueva Mesa Sindical de nuestra ciudad, hemos comenzado a ser v\u00edctimas de panfletadas, pintadas y hasta ataques contra nuestros veh\u00edculos.<\/p>\n<p>En mi casi particular fue una volanteada en las proximidades de mi domicilio y en oros sectores de la ciudad, concretamente dichos panfletos tienen expresiones en contra de la Mesa Sindical que formamos y desde ya hacia el candidato a intendente que nosotros apoyamos en las elecciones del 23 de octubre \u00faltimo, por lo cual en lo personal directamente no entiendo que es lo que se pretende hacer, a que se quiere llegar justamente porque las elecciones ya pasaron y el resultado fue elocuente y sin nada para discutir.<\/p>\n<p>Pero las cosas no fueron solo para mi ya que en la \u00faltima reuni\u00f3n de la Mesa Sindical que llevamos a cabo pudimos establecer que este tipo de acciones se repiten en por lo menos media docena de dirigentes, entre los que adem\u00e1s de mi caso puedo mencionar al hijo de Julio N\u00fa\u00f1ez representante de la UOM, a Mat\u00edas Marchessini de los Judiciales Nacionales, al representante de SMATA en Mercedes, tambi\u00e9n a Juan Mart\u00edn Andr\u00e9s de la AEFIP, entre otros pero lo m\u00e1s grave es el caso del compa\u00f1ero Calabria de SMATA a quien le pintaron la palabra traidor en una pared de su vivienda y le arrojaron sobre su autom\u00f3vil pintura de color rojo con removedor.<\/p>\n<p>Por su puesto que se ha procedido a concretar las denuncias correspondiente ante la Justicia local tratando en primer t\u00e9rmino que este tipo de hechos cesen y luego que se pueda dar con el o los autores de los mismos porque son realmente descalificadores como la bomba de pintura que arrojaron contra el mural pintado en una de las paredes de la sede de Casa Joven en 33 y 14.<\/p>\n<p>Pensamos directamente que la o las personas que est\u00e1n llevado a cabo esto muestra un verdadero gesto de intolerancia pol\u00edtica dentro de la ciudad, aun m\u00e1s y a esto lo remarco, cuando ya las elecciones pasaron as\u00ed que realmente estamos muy sorprendidos incluso porque desde la Mesa Sindical siempre hemos sido tolerantes y respetuosos del accionar y el pensamiento de quienes integran otros sectores pol\u00edticos de la ciudad.<\/p>\n<p>Los volantes contienen afirmaciones totalmente err\u00f3neas y totalmente inexactas relacionadas con nuestra actividades, las de la Mesa y las del candidato a intendente que resolvimos apoyar<\/p>\n","protected":false},"excerpt":{"rendered":"<p>Un grupo de dirigentes gremiales de nuestra ciudad que en su oportunidad decidieron formar la Mesa Sindical Mercedina en apoyo &#8230; <a title=\"Dirigente de AATRAC denuncia  que sufre panfletadas cerca de su domicilio\" class=\"read-more\" href=\"https:\/\/www.hoymercedes.com.ar\/principal\/2011\/11\/15\/dirigente-de-aatrac-denuncia-que-sufre-panfletadas-cerca-de-su-domicilio\/\" aria-label=\"Leer m\u00e1s sobre Dirigente de AATRAC denuncia  que sufre panfletadas cerca de su domicilio\">Leer m\u00e1s<\/a><\/p>\n","protected":false},"author":1,"featured_media":0,"comment_status":"open","ping_status":"open","sticky":false,"template":"","format":"standard","meta":{"_monsterinsights_skip_tracking":false,"_monsterinsights_sitenote_active":false,"_monsterinsights_sitenote_note":"","_monsterinsights_sitenote_category":0,"jetpack_post_was_ever_published":false,"_jetpack_newsletter_access":"","_jetpack_dont_email_post_to_subs":false,"_jetpack_newsletter_tier_id":0,"_jetpack_memberships_contains_paywalled_content":false,"_jetpack_memberships_contains_paid_content":false,"footnotes":"","jetpack_publicize_message":"","jetpack_publicize_feature_enabled":true,"jetpack_social_post_already_shared":false,"jetpack_social_options":{"image_generator_settings":{"template":"highway","default_image_id":0,"font":"","enabled":false},"version":2},"_wpas_customize_per_network":false},"categories":[8],"tags":[],"class_list":["post-9122","post","type-post","status-publish","format-standard","hentry","category-sociedad","generate-columns","tablet-grid-50","mobile-grid-100","grid-parent","grid-50"],"jetpack_publicize_connections":[],"jetpack_featured_media_url":"","wps_subtitle":"","jetpack_sharing_enabled":true,"_links":{"self":[{"href":"https:\/\/www.hoymercedes.com.ar\/principal\/wp-json\/wp\/v2\/posts\/9122","targetHints":{"allow":["GET"]}}],"collection":[{"href":"https:\/\/www.hoymercedes.com.ar\/principal\/wp-json\/wp\/v2\/posts"}],"about":[{"href":"https:\/\/www.hoymercedes.com.ar\/principal\/wp-json\/wp\/v2\/types\/post"}],"author":[{"embeddable":true,"href":"https:\/\/www.hoymercedes.com.ar\/principal\/wp-json\/wp\/v2\/users\/1"}],"replies":[{"embeddable":true,"href":"https:\/\/www.hoymercedes.com.ar\/principal\/wp-json\/wp\/v2\/comments?post=9122"}],"version-history":[{"count":0,"href":"https:\/\/www.hoymercedes.com.ar\/principal\/wp-json\/wp\/v2\/posts\/9122\/revisions"}],"wp:attachment":[{"href":"https:\/\/www.hoymercedes.com.ar\/principal\/wp-json\/wp\/v2\/media?parent=9122"}],"wp:term":[{"taxonomy":"category","embeddable":true,"href":"https:\/\/www.hoymercedes.com.ar\/principal\/wp-json\/wp\/v2\/categories?post=9122"},{"taxonomy":"post_tag","embeddable":true,"href":"https:\/\/www.hoymercedes.com.ar\/principal\/wp-json\/wp\/v2\/tags?post=9122"}],"curies":[{"name":"wp","href":"https:\/\/api.w.org\/{rel}","templated":true}]}}