{"id":91228,"date":"2019-04-11T14:37:13","date_gmt":"2019-04-11T17:37:13","guid":{"rendered":"http:\/\/www.hoymercedes.com.ar\/principal\/?p=91228"},"modified":"2019-04-11T14:38:30","modified_gmt":"2019-04-11T17:38:30","slug":"caidim-recibio-mas-de-un-millon-de-pesos-del-gobierno-nacional","status":"publish","type":"post","link":"https:\/\/www.hoymercedes.com.ar\/principal\/2019\/04\/11\/caidim-recibio-mas-de-un-millon-de-pesos-del-gobierno-nacional\/","title":{"rendered":"CAIDIM recibi\u00f3 m\u00e1s de un mill\u00f3n de pesos del gobierno Nacional"},"content":{"rendered":"\n<p>A trav\u00e9s del Programa Nacional Manos a la Obra del Ministerio de Salud y Desarrollo Social de la Naci\u00f3n, el taller protegido de producci\u00f3n de Mercedes, CAIDIM, recibi\u00f3 un subsidio de m\u00e1s de 1.360.000 pesos para la compra de una m\u00e1quina autom\u00e1tica confeccionadora de bolsas de fondo y camiseta, m\u00e1s tres mil quinientas bobinas de polietileno para la fabricaci\u00f3n de bolsas de residuos y de consorcio. La entrega se hizo a trav\u00e9s del Centro de Referencia Mercedes. <\/p>\n\n\n\n<figure class=\"wp-block-image\"><img loading=\"lazy\" decoding=\"async\" width=\"787\" height=\"525\" data-attachment-id=\"91229\" data-permalink=\"https:\/\/www.hoymercedes.com.ar\/principal\/2019\/04\/11\/caidim-recibio-mas-de-un-millon-de-pesos-del-gobierno-nacional\/11-caidim-cdr\/#main\" data-orig-file=\"https:\/\/www.hoymercedes.com.ar\/principal\/wp-content\/uploads\/2019\/04\/11-caidim-CDR.jpg\" data-orig-size=\"787,525\" data-comments-opened=\"0\" data-image-meta=\"{&quot;aperture&quot;:&quot;0&quot;,&quot;credit&quot;:&quot;&quot;,&quot;camera&quot;:&quot;&quot;,&quot;caption&quot;:&quot;&quot;,&quot;created_timestamp&quot;:&quot;1554897454&quot;,&quot;copyright&quot;:&quot;&quot;,&quot;focal_length&quot;:&quot;0&quot;,&quot;iso&quot;:&quot;0&quot;,&quot;shutter_speed&quot;:&quot;0&quot;,&quot;title&quot;:&quot;&quot;,&quot;orientation&quot;:&quot;1&quot;}\" data-image-title=\"11 caidim CDR\" data-image-description=\"\" data-image-caption=\"\" data-large-file=\"https:\/\/www.hoymercedes.com.ar\/principal\/wp-content\/uploads\/2019\/04\/11-caidim-CDR.jpg\" src=\"https:\/\/www.hoymercedes.com.ar\/principal\/wp-content\/uploads\/2019\/04\/11-caidim-CDR.jpg\" alt=\"\" class=\"wp-image-91229\" srcset=\"https:\/\/www.hoymercedes.com.ar\/principal\/wp-content\/uploads\/2019\/04\/11-caidim-CDR.jpg 787w, https:\/\/www.hoymercedes.com.ar\/principal\/wp-content\/uploads\/2019\/04\/11-caidim-CDR-150x100.jpg 150w, https:\/\/www.hoymercedes.com.ar\/principal\/wp-content\/uploads\/2019\/04\/11-caidim-CDR-630x420.jpg 630w, https:\/\/www.hoymercedes.com.ar\/principal\/wp-content\/uploads\/2019\/04\/11-caidim-CDR-720x480.jpg 720w, https:\/\/www.hoymercedes.com.ar\/principal\/wp-content\/uploads\/2019\/04\/11-caidim-CDR-360x240.jpg 360w\" sizes=\"auto, (max-width: 787px) 100vw, 787px\" \/><\/figure>\n\n\n\n<p>La articuladora del Centro de Referencia Local, Ana Luna hizo entrega del subsidio a la referente de CAIDIM Mercedes, Mar\u00eda Silva, y explic\u00f3 que \u201cdesde el Gobierno nacional, se busca la mejora en las condiciones laborales y de vida de las personas con discapacidad que asisten al taller, a la vez, que se favorece el desarrollo de una instituci\u00f3n con gran trayectoria en nuestra ciudad\u201d.<\/p>\n\n\n\n<p>Esta\ninversi\u00f3n, adem\u00e1s de reemplazar las maquinarias deterioradas, le permite\nampliar su capacidad productiva, ya que pasa de fabricar dos mil bolsas diarias\na cinco mil. A la vez que, le posibilita generar nuevos puestos de trabajo,\naumentar los ingresos de los trabajadores y fortalecer otras actividades. Tambi\u00e9n\nse mejoran las condiciones de seguridad e higiene laboral. <\/p>\n\n\n\n<p>Cabe\ndestacar que, CAIDIM se dedica a la integraci\u00f3n de personas con discapacidad a\ntrav\u00e9s del trabajo, desde hace 50 a\u00f1os y vende sus productos a empresas,\norganismos gubernamentales, entidades p\u00fablicas y privadas, clubs y colegios de\nla Ciudad.<\/p>\n\n\n\n<p>Actualmente,\nse dedican al fraccionado de bolsas de polietileno, producci\u00f3n de artesan\u00edas,\ntrasvasado de sustancias l\u00edquidas para limpieza, fabricaci\u00f3n de cepillos y\nplumeros, elaboraci\u00f3n de humus, reciclado de botellas, tapas pl\u00e1sticas y papel,\nempaquetado y comercializaci\u00f3n minorista de los productos. &nbsp;<\/p>\n\n\n\n<p><strong>Apoyo financiero a proyectos socioproductivos<\/strong><\/p>\n\n\n\n<p>El Ministerio de Salud y Desarrollo Social de la Naci\u00f3n, a trav\u00e9s del programa \u00abManos a la Obra\u00bb, otorga subsidios no reintegrables para proyectos socioproductivos, y a trav\u00e9s del CDR local se puede obtener informaci\u00f3n para su gesti\u00f3n. Pueden ser utilizados para adquirir maquinarias, herramientas, equipamiento e insumos y est\u00e1n destinados a grupos asociativos, cooperativas de trabajo, asociaciones de productores, empresas recuperadas, organismos gubernamentales, organizaciones no gubernamentales y organizaciones de pueblos originarios <\/p>\n\n\n\n<p>El objetivo del programa\nes fortalecer actividades productivas, mediante el apoyo al desarrollo de la\nproducci\u00f3n, ya sea, agregando valor para mejorar la calidad de los productos o\nmejorar los procesos de producci\u00f3n a fin de impulsar la competitividad y\nbeneficiar su comercializaci\u00f3n.<\/p>\n","protected":false},"excerpt":{"rendered":"<p>A trav\u00e9s del Programa Nacional Manos a la Obra del Ministerio de Salud y Desarrollo Social de la Naci\u00f3n, el &#8230; <a title=\"CAIDIM recibi\u00f3 m\u00e1s de un mill\u00f3n de pesos del gobierno Nacional\" class=\"read-more\" href=\"https:\/\/www.hoymercedes.com.ar\/principal\/2019\/04\/11\/caidim-recibio-mas-de-un-millon-de-pesos-del-gobierno-nacional\/\" aria-label=\"Leer m\u00e1s sobre CAIDIM recibi\u00f3 m\u00e1s de un mill\u00f3n de pesos del gobierno Nacional\">Leer m\u00e1s<\/a><\/p>\n","protected":false},"author":1,"featured_media":91229,"comment_status":"closed","ping_status":"open","sticky":false,"template":"","format":"standard","meta":{"_monsterinsights_skip_tracking":false,"_monsterinsights_sitenote_active":false,"_monsterinsights_sitenote_note":"","_monsterinsights_sitenote_category":0,"jetpack_post_was_ever_published":false,"_jetpack_newsletter_access":"","_jetpack_dont_email_post_to_subs":false,"_jetpack_newsletter_tier_id":0,"_jetpack_memberships_contains_paywalled_content":false,"_jetpack_memberships_contains_paid_content":false,"footnotes":"","jetpack_publicize_message":"","jetpack_publicize_feature_enabled":true,"jetpack_social_post_already_shared":true,"jetpack_social_options":{"image_generator_settings":{"template":"highway","default_image_id":0,"font":"","enabled":false},"version":2},"_wpas_customize_per_network":false},"categories":[8],"tags":[2483,5969,14861,2843],"class_list":["post-91228","post","type-post","status-publish","format-standard","has-post-thumbnail","hentry","category-sociedad","tag-caidim","tag-cdr-mercedes","tag-gobierno-nacional","tag-subsidio","generate-columns","tablet-grid-50","mobile-grid-100","grid-parent","grid-50"],"jetpack_publicize_connections":[],"jetpack_featured_media_url":"https:\/\/www.hoymercedes.com.ar\/principal\/wp-content\/uploads\/2019\/04\/11-caidim-CDR.jpg","wps_subtitle":"","jetpack_sharing_enabled":true,"_links":{"self":[{"href":"https:\/\/www.hoymercedes.com.ar\/principal\/wp-json\/wp\/v2\/posts\/91228","targetHints":{"allow":["GET"]}}],"collection":[{"href":"https:\/\/www.hoymercedes.com.ar\/principal\/wp-json\/wp\/v2\/posts"}],"about":[{"href":"https:\/\/www.hoymercedes.com.ar\/principal\/wp-json\/wp\/v2\/types\/post"}],"author":[{"embeddable":true,"href":"https:\/\/www.hoymercedes.com.ar\/principal\/wp-json\/wp\/v2\/users\/1"}],"replies":[{"embeddable":true,"href":"https:\/\/www.hoymercedes.com.ar\/principal\/wp-json\/wp\/v2\/comments?post=91228"}],"version-history":[{"count":0,"href":"https:\/\/www.hoymercedes.com.ar\/principal\/wp-json\/wp\/v2\/posts\/91228\/revisions"}],"wp:featuredmedia":[{"embeddable":true,"href":"https:\/\/www.hoymercedes.com.ar\/principal\/wp-json\/wp\/v2\/media\/91229"}],"wp:attachment":[{"href":"https:\/\/www.hoymercedes.com.ar\/principal\/wp-json\/wp\/v2\/media?parent=91228"}],"wp:term":[{"taxonomy":"category","embeddable":true,"href":"https:\/\/www.hoymercedes.com.ar\/principal\/wp-json\/wp\/v2\/categories?post=91228"},{"taxonomy":"post_tag","embeddable":true,"href":"https:\/\/www.hoymercedes.com.ar\/principal\/wp-json\/wp\/v2\/tags?post=91228"}],"curies":[{"name":"wp","href":"https:\/\/api.w.org\/{rel}","templated":true}]}}