{"id":91243,"date":"2019-04-11T16:06:07","date_gmt":"2019-04-11T19:06:07","guid":{"rendered":"http:\/\/www.hoymercedes.com.ar\/principal\/?p=91243"},"modified":"2019-04-11T16:14:46","modified_gmt":"2019-04-11T19:14:46","slug":"centros-de-jubilados-armaran-titeres-para-los-mas-pequenos","status":"publish","type":"post","link":"https:\/\/www.hoymercedes.com.ar\/principal\/2019\/04\/11\/centros-de-jubilados-armaran-titeres-para-los-mas-pequenos\/","title":{"rendered":"Centros de jubilados armar\u00e1n t\u00edteres para los m\u00e1s peque\u00f1os"},"content":{"rendered":"\n<p>Diferentes \u00e1reas del Municipio de Mercedes junto a los Centros de Jubilados est\u00e1n trabajando de manera mancomunada en distintas iniciativas que tienen como epicentro los ni\u00f1os y ni\u00f1as de la ciudad. En esta ocasi\u00f3n se lanz\u00f3 un curso de creaci\u00f3n de t\u00edteres y armado de historias destinado al p\u00fablico en general.&nbsp;<\/p>\n\n\n\n<p>En la presentaci\u00f3n participaron el intendente Juan Ignacio Ustarroz, la directora de adultos mayores Victoria O&#8217;dell, la directora de cultura Luc\u00eda Capaccio, Gabriela Olivella, directora de ni\u00f1ez y representantes de los Centros de Jubilados de la ciudad.<\/p>\n\n\n\n<p>\u201cQuiero agradecer este trabajo entre todas las \u00e1reas que es muy importante y la labor que realizan todos los d\u00edas los Centros de Jubilados que contienen y brindan espacios para nuestros adultos mayores\u201d se\u00f1al\u00f3 el jefe comunal, El Dr. Juan Ignacio Ustarroz.<\/p>\n\n\n\n<p>\u201cEs una nueva propuesta cultural, donde lo que hacemos es generar puestos de trabajo, al servicio de la comunidad, con objetivos claros y precisos\u201d y subray\u00f3 \u201ccreo que logramos hacer realidad esta s\u00edntesis de pensamiento que es que a la ciudad la hacemos entre todos\u201d.<\/p>\n\n\n\n<p>Es importante informar que los cursos se brindar\u00e1n en diferentes Centros de Jubilados de la ciudad.<\/p>\n\n\n\n<p>La directora de cultura Luc\u00eda Capaccio, inform\u00f3 \u201cjunto al intendente estuvimos pensando y planificando la idea de llevar la confecci\u00f3n de t\u00edteres y construcci\u00f3n de obras, para que nuestros vecinos puedan ser los protagonistas\u201d y a\u00f1adi\u00f3 \u201cexiste la idea que nuestros adultos mayores puedan realizar una funci\u00f3n para los chicos de la ciudad\u201d.<\/p>\n\n\n\n<p>\u201cNos parece una excelente propuesta desde el \u00e1rea de Cultura, poder aunar la primera infancia con los adultos mayores, puntales de muchas pol\u00edticas p\u00fablicas de esta gesti\u00f3n\u201d indic\u00f3 Capaccio.<\/p>\n\n\n\n<p>Yanina Parodi qui\u00e9n tendr\u00e1 a cargo estos cursos se\u00f1al\u00f3 \u201clo lindo de esta propuesta es la conjunci\u00f3n de los adultos mayores con los ni\u00f1os\u201d y complet\u00f3 \u201cser\u00e1 una iniciativa abierta para que todo el mundo lo tenga al alcance y puedan aprender las t\u00e9cnicas, no s\u00f3lo la confecci\u00f3n, sino escrituras de obras y puesta en escena\u201d.<\/p>\n\n\n\n<p>Fuente: Prensa Municipal<\/p>\n","protected":false},"excerpt":{"rendered":"<p>Diferentes \u00e1reas del Municipio de Mercedes junto a los Centros de Jubilados est\u00e1n trabajando de manera mancomunada en distintas iniciativas &#8230; <a title=\"Centros de jubilados armar\u00e1n t\u00edteres para los m\u00e1s peque\u00f1os\" class=\"read-more\" href=\"https:\/\/www.hoymercedes.com.ar\/principal\/2019\/04\/11\/centros-de-jubilados-armaran-titeres-para-los-mas-pequenos\/\" aria-label=\"Leer m\u00e1s sobre Centros de jubilados armar\u00e1n t\u00edteres para los m\u00e1s peque\u00f1os\">Leer m\u00e1s<\/a><\/p>\n","protected":false},"author":1,"featured_media":91244,"comment_status":"closed","ping_status":"open","sticky":false,"template":"","format":"standard","meta":{"_monsterinsights_skip_tracking":false,"_monsterinsights_sitenote_active":false,"_monsterinsights_sitenote_note":"","_monsterinsights_sitenote_category":0,"jetpack_post_was_ever_published":false,"_jetpack_newsletter_access":"","_jetpack_dont_email_post_to_subs":false,"_jetpack_newsletter_tier_id":0,"_jetpack_memberships_contains_paywalled_content":false,"_jetpack_memberships_contains_paid_content":false,"footnotes":"","jetpack_publicize_message":"","jetpack_publicize_feature_enabled":true,"jetpack_social_post_already_shared":true,"jetpack_social_options":{"image_generator_settings":{"template":"highway","default_image_id":0,"font":"","enabled":false},"version":2},"_wpas_customize_per_network":false},"categories":[30],"tags":[9861,244,14863],"class_list":["post-91243","post","type-post","status-publish","format-standard","has-post-thumbnail","hentry","category-municipio","tag-centros-de-jubilados","tag-municipio-2","tag-titeres","generate-columns","tablet-grid-50","mobile-grid-100","grid-parent","grid-50"],"jetpack_publicize_connections":[],"jetpack_featured_media_url":"https:\/\/www.hoymercedes.com.ar\/principal\/wp-content\/uploads\/2019\/04\/11-Titeres.jpg","wps_subtitle":"","jetpack_sharing_enabled":true,"_links":{"self":[{"href":"https:\/\/www.hoymercedes.com.ar\/principal\/wp-json\/wp\/v2\/posts\/91243","targetHints":{"allow":["GET"]}}],"collection":[{"href":"https:\/\/www.hoymercedes.com.ar\/principal\/wp-json\/wp\/v2\/posts"}],"about":[{"href":"https:\/\/www.hoymercedes.com.ar\/principal\/wp-json\/wp\/v2\/types\/post"}],"author":[{"embeddable":true,"href":"https:\/\/www.hoymercedes.com.ar\/principal\/wp-json\/wp\/v2\/users\/1"}],"replies":[{"embeddable":true,"href":"https:\/\/www.hoymercedes.com.ar\/principal\/wp-json\/wp\/v2\/comments?post=91243"}],"version-history":[{"count":0,"href":"https:\/\/www.hoymercedes.com.ar\/principal\/wp-json\/wp\/v2\/posts\/91243\/revisions"}],"wp:featuredmedia":[{"embeddable":true,"href":"https:\/\/www.hoymercedes.com.ar\/principal\/wp-json\/wp\/v2\/media\/91244"}],"wp:attachment":[{"href":"https:\/\/www.hoymercedes.com.ar\/principal\/wp-json\/wp\/v2\/media?parent=91243"}],"wp:term":[{"taxonomy":"category","embeddable":true,"href":"https:\/\/www.hoymercedes.com.ar\/principal\/wp-json\/wp\/v2\/categories?post=91243"},{"taxonomy":"post_tag","embeddable":true,"href":"https:\/\/www.hoymercedes.com.ar\/principal\/wp-json\/wp\/v2\/tags?post=91243"}],"curies":[{"name":"wp","href":"https:\/\/api.w.org\/{rel}","templated":true}]}}