{"id":9126,"date":"2011-11-15T02:35:44","date_gmt":"2011-11-15T02:35:44","guid":{"rendered":"http:\/\/www.hoymercedes.com.ar\/principal\/?p=9126"},"modified":"2011-11-15T02:38:31","modified_gmt":"2011-11-15T02:38:31","slug":"9126","status":"publish","type":"post","link":"https:\/\/www.hoymercedes.com.ar\/principal\/2011\/11\/15\/9126\/","title":{"rendered":"Barrio San Antonio gestiona y recibe importante donaci\u00f3n de SANSUR"},"content":{"rendered":"<p><a href=\"https:\/\/www.hoymercedes.com.ar\/principal\/wp-content\/uploads\/2011\/11\/Sansur-SanAntonio-O1.jpg\"><img loading=\"lazy\" decoding=\"async\" data-attachment-id=\"9129\" data-permalink=\"https:\/\/www.hoymercedes.com.ar\/principal\/2011\/11\/15\/9126\/sansur-sanantonio-o-2\/#main\" data-orig-file=\"https:\/\/www.hoymercedes.com.ar\/principal\/wp-content\/uploads\/2011\/11\/Sansur-SanAntonio-O1.jpg\" data-orig-size=\"612,459\" data-comments-opened=\"1\" data-image-meta=\"{&quot;aperture&quot;:&quot;2&quot;,&quot;credit&quot;:&quot;&quot;,&quot;camera&quot;:&quot;GR-D790&quot;,&quot;caption&quot;:&quot;&quot;,&quot;created_timestamp&quot;:&quot;1321002336&quot;,&quot;copyright&quot;:&quot;&quot;,&quot;focal_length&quot;:&quot;2.3&quot;,&quot;iso&quot;:&quot;0&quot;,&quot;shutter_speed&quot;:&quot;0.066666666666667&quot;,&quot;title&quot;:&quot;&quot;}\" data-image-title=\"Sansur-SanAntonio-O\" data-image-description=\"\" data-image-caption=\"\" data-large-file=\"https:\/\/www.hoymercedes.com.ar\/principal\/wp-content\/uploads\/2011\/11\/Sansur-SanAntonio-O1.jpg\" class=\"aligncenter size-full wp-image-9129\" title=\"Sansur-SanAntonio-O\" src=\"https:\/\/www.hoymercedes.com.ar\/principal\/wp-content\/uploads\/2011\/11\/Sansur-SanAntonio-O1.jpg\" alt=\"\" width=\"612\" height=\"459\" \/><\/a><\/p>\n<p>La sociedad de Fomento del Barrio San Antonio contin\u00faa trabajando para la comunidad inmediata de su barriada. A las diversas noticias conocidas \u00faltimamente se difunde ahora una reciente e importante donaci\u00f3n gestionada ante la empresa SANSUR que a su vez muestra una solidaridad destacada con la barriada.<\/p>\n<p>Desde la sociedad de Fomento informan:<\/p>\n<blockquote><p><em>La Sociedad de Fomento San Antonio festeja y agradece profundamente la donaci\u00f3n realizada por SANSUR , prestigiosa empresa metalurgica que se ubica en el barrio,y,que porsupuesto es un ejemplo para las otras que existen en la Ciudad. Hemos recibido 5 calefactores y 1 cocina , las que seran utilizadas en el CAPS y en el sal\u00f3n social, ubicados en calle 111 y 22<\/em><\/p>\n<p><em>Gracias , Jos\u00e9 Sparks, Ricardo y Hector Sparks, y a toda esa querida familia.<\/em><\/p>\n<p><em>Sociedad de Fomento San Antonio<\/em><\/p><\/blockquote>\n<p><a href=\"https:\/\/www.hoymercedes.com.ar\/principal\/wp-content\/uploads\/2011\/11\/Sansur-SanAntonio-III.jpg\"><img loading=\"lazy\" decoding=\"async\" data-attachment-id=\"9130\" data-permalink=\"https:\/\/www.hoymercedes.com.ar\/principal\/2011\/11\/15\/9126\/sansur-sanantonio-iii\/#main\" data-orig-file=\"https:\/\/www.hoymercedes.com.ar\/principal\/wp-content\/uploads\/2011\/11\/Sansur-SanAntonio-III.jpg\" data-orig-size=\"612,459\" data-comments-opened=\"1\" data-image-meta=\"{&quot;aperture&quot;:&quot;2&quot;,&quot;credit&quot;:&quot;&quot;,&quot;camera&quot;:&quot;GR-D790&quot;,&quot;caption&quot;:&quot;&quot;,&quot;created_timestamp&quot;:&quot;1321004866&quot;,&quot;copyright&quot;:&quot;&quot;,&quot;focal_length&quot;:&quot;2.3&quot;,&quot;iso&quot;:&quot;0&quot;,&quot;shutter_speed&quot;:&quot;0.016666666666667&quot;,&quot;title&quot;:&quot;&quot;}\" data-image-title=\"Sansur-SanAntonio-III\" data-image-description=\"\" data-image-caption=\"\" data-large-file=\"https:\/\/www.hoymercedes.com.ar\/principal\/wp-content\/uploads\/2011\/11\/Sansur-SanAntonio-III.jpg\" class=\"aligncenter size-full wp-image-9130\" title=\"Sansur-SanAntonio-III\" src=\"https:\/\/www.hoymercedes.com.ar\/principal\/wp-content\/uploads\/2011\/11\/Sansur-SanAntonio-III.jpg\" alt=\"\" width=\"612\" height=\"459\" srcset=\"https:\/\/www.hoymercedes.com.ar\/principal\/wp-content\/uploads\/2011\/11\/Sansur-SanAntonio-III.jpg 612w, https:\/\/www.hoymercedes.com.ar\/principal\/wp-content\/uploads\/2011\/11\/Sansur-SanAntonio-III-300x225.jpg 300w\" sizes=\"auto, (max-width: 612px) 100vw, 612px\" \/><\/a><\/p>\n<p><a href=\"https:\/\/www.hoymercedes.com.ar\/principal\/wp-content\/uploads\/2011\/11\/Sansur-SanAntonio-II.jpg\"><img loading=\"lazy\" decoding=\"async\" data-attachment-id=\"9131\" data-permalink=\"https:\/\/www.hoymercedes.com.ar\/principal\/2011\/11\/15\/9126\/sansur-sanantonio-ii\/#main\" data-orig-file=\"https:\/\/www.hoymercedes.com.ar\/principal\/wp-content\/uploads\/2011\/11\/Sansur-SanAntonio-II.jpg\" data-orig-size=\"612,459\" data-comments-opened=\"1\" data-image-meta=\"{&quot;aperture&quot;:&quot;2&quot;,&quot;credit&quot;:&quot;&quot;,&quot;camera&quot;:&quot;GR-D790&quot;,&quot;caption&quot;:&quot;&quot;,&quot;created_timestamp&quot;:&quot;1321004860&quot;,&quot;copyright&quot;:&quot;&quot;,&quot;focal_length&quot;:&quot;2.3&quot;,&quot;iso&quot;:&quot;0&quot;,&quot;shutter_speed&quot;:&quot;0.016666666666667&quot;,&quot;title&quot;:&quot;&quot;}\" data-image-title=\"Sansur-SanAntonio-II\" data-image-description=\"\" data-image-caption=\"\" data-large-file=\"https:\/\/www.hoymercedes.com.ar\/principal\/wp-content\/uploads\/2011\/11\/Sansur-SanAntonio-II.jpg\" class=\"aligncenter size-full wp-image-9131\" title=\"Sansur-SanAntonio-II\" src=\"https:\/\/www.hoymercedes.com.ar\/principal\/wp-content\/uploads\/2011\/11\/Sansur-SanAntonio-II.jpg\" alt=\"\" width=\"612\" height=\"459\" srcset=\"https:\/\/www.hoymercedes.com.ar\/principal\/wp-content\/uploads\/2011\/11\/Sansur-SanAntonio-II.jpg 612w, https:\/\/www.hoymercedes.com.ar\/principal\/wp-content\/uploads\/2011\/11\/Sansur-SanAntonio-II-300x225.jpg 300w\" sizes=\"auto, (max-width: 612px) 100vw, 612px\" \/><\/a><\/p>\n<p>&nbsp;<\/p>\n<p><a href=\"https:\/\/www.hoymercedes.com.ar\/principal\/wp-content\/uploads\/2011\/11\/Sansur-SanAntonio-I.jpg\"><img loading=\"lazy\" decoding=\"async\" data-attachment-id=\"9132\" data-permalink=\"https:\/\/www.hoymercedes.com.ar\/principal\/2011\/11\/15\/9126\/sansur-sanantonio-i\/#main\" data-orig-file=\"https:\/\/www.hoymercedes.com.ar\/principal\/wp-content\/uploads\/2011\/11\/Sansur-SanAntonio-I.jpg\" data-orig-size=\"612,459\" data-comments-opened=\"1\" data-image-meta=\"{&quot;aperture&quot;:&quot;2&quot;,&quot;credit&quot;:&quot;&quot;,&quot;camera&quot;:&quot;GR-D790&quot;,&quot;caption&quot;:&quot;&quot;,&quot;created_timestamp&quot;:&quot;1321003858&quot;,&quot;copyright&quot;:&quot;&quot;,&quot;focal_length&quot;:&quot;2.3&quot;,&quot;iso&quot;:&quot;0&quot;,&quot;shutter_speed&quot;:&quot;0.016666666666667&quot;,&quot;title&quot;:&quot;&quot;}\" data-image-title=\"Sansur-SanAntonio-I\" data-image-description=\"\" data-image-caption=\"\" data-large-file=\"https:\/\/www.hoymercedes.com.ar\/principal\/wp-content\/uploads\/2011\/11\/Sansur-SanAntonio-I.jpg\" class=\"aligncenter size-full wp-image-9132\" title=\"Sansur-SanAntonio-I\" src=\"https:\/\/www.hoymercedes.com.ar\/principal\/wp-content\/uploads\/2011\/11\/Sansur-SanAntonio-I.jpg\" alt=\"\" width=\"612\" height=\"459\" srcset=\"https:\/\/www.hoymercedes.com.ar\/principal\/wp-content\/uploads\/2011\/11\/Sansur-SanAntonio-I.jpg 612w, https:\/\/www.hoymercedes.com.ar\/principal\/wp-content\/uploads\/2011\/11\/Sansur-SanAntonio-I-300x225.jpg 300w\" sizes=\"auto, (max-width: 612px) 100vw, 612px\" \/><\/a><\/p>\n","protected":false},"excerpt":{"rendered":"<p>La sociedad de Fomento del Barrio San Antonio contin\u00faa trabajando para la comunidad inmediata de su barriada. A las diversas &#8230; <a title=\"Barrio San Antonio gestiona y recibe importante donaci\u00f3n de SANSUR\" class=\"read-more\" href=\"https:\/\/www.hoymercedes.com.ar\/principal\/2011\/11\/15\/9126\/\" aria-label=\"Leer m\u00e1s sobre Barrio San Antonio gestiona y recibe importante donaci\u00f3n de SANSUR\">Leer m\u00e1s<\/a><\/p>\n","protected":false},"author":1,"featured_media":0,"comment_status":"open","ping_status":"open","sticky":false,"template":"","format":"standard","meta":{"_monsterinsights_skip_tracking":false,"_monsterinsights_sitenote_active":false,"_monsterinsights_sitenote_note":"","_monsterinsights_sitenote_category":0,"jetpack_post_was_ever_published":false,"_jetpack_newsletter_access":"","_jetpack_dont_email_post_to_subs":false,"_jetpack_newsletter_tier_id":0,"_jetpack_memberships_contains_paywalled_content":false,"_jetpack_memberships_contains_paid_content":false,"footnotes":"","jetpack_publicize_message":"","jetpack_publicize_feature_enabled":true,"jetpack_social_post_already_shared":false,"jetpack_social_options":{"image_generator_settings":{"template":"highway","default_image_id":0,"font":"","enabled":false},"version":2},"_wpas_customize_per_network":false},"categories":[8],"tags":[526,1585,860],"class_list":["post-9126","post","type-post","status-publish","format-standard","hentry","category-sociedad","tag-barrio-san-antonio","tag-empresa-sansur","tag-nora-alvarado","generate-columns","tablet-grid-50","mobile-grid-100","grid-parent","grid-50"],"jetpack_publicize_connections":[],"jetpack_featured_media_url":"","wps_subtitle":"","jetpack_sharing_enabled":true,"_links":{"self":[{"href":"https:\/\/www.hoymercedes.com.ar\/principal\/wp-json\/wp\/v2\/posts\/9126","targetHints":{"allow":["GET"]}}],"collection":[{"href":"https:\/\/www.hoymercedes.com.ar\/principal\/wp-json\/wp\/v2\/posts"}],"about":[{"href":"https:\/\/www.hoymercedes.com.ar\/principal\/wp-json\/wp\/v2\/types\/post"}],"author":[{"embeddable":true,"href":"https:\/\/www.hoymercedes.com.ar\/principal\/wp-json\/wp\/v2\/users\/1"}],"replies":[{"embeddable":true,"href":"https:\/\/www.hoymercedes.com.ar\/principal\/wp-json\/wp\/v2\/comments?post=9126"}],"version-history":[{"count":0,"href":"https:\/\/www.hoymercedes.com.ar\/principal\/wp-json\/wp\/v2\/posts\/9126\/revisions"}],"wp:attachment":[{"href":"https:\/\/www.hoymercedes.com.ar\/principal\/wp-json\/wp\/v2\/media?parent=9126"}],"wp:term":[{"taxonomy":"category","embeddable":true,"href":"https:\/\/www.hoymercedes.com.ar\/principal\/wp-json\/wp\/v2\/categories?post=9126"},{"taxonomy":"post_tag","embeddable":true,"href":"https:\/\/www.hoymercedes.com.ar\/principal\/wp-json\/wp\/v2\/tags?post=9126"}],"curies":[{"name":"wp","href":"https:\/\/api.w.org\/{rel}","templated":true}]}}