{"id":91265,"date":"2019-04-12T16:12:48","date_gmt":"2019-04-12T19:12:48","guid":{"rendered":"http:\/\/www.hoymercedes.com.ar\/principal\/?p=91265"},"modified":"2019-04-12T16:21:42","modified_gmt":"2019-04-12T19:21:42","slug":"realizaron-taller-de-emprendurismo-para-internos-de-la-unidad-5","status":"publish","type":"post","link":"https:\/\/www.hoymercedes.com.ar\/principal\/2019\/04\/12\/realizaron-taller-de-emprendurismo-para-internos-de-la-unidad-5\/","title":{"rendered":"Realizaron taller de emprendurismo para internos de la Unidad 5"},"content":{"rendered":"\n<p>A lo largo de cuatro jornadas, se dict\u00f3 dentro de la Unidad Penitenciaria N\u00ba 5, el curso de \u201cMotivaci\u00f3n Emprendedora y Grupos Asociativos\u201d a cargo del Patronato de Liberados y el Ministerio de la Producci\u00f3n, a internos que se encuentran en la etapa de pre-egreso de pena, que son aproximadamente seis meses antes del cumplimiento.<\/p>\n\n\n\n<figure class=\"wp-block-image\"><img loading=\"lazy\" decoding=\"async\" width=\"750\" height=\"500\" data-attachment-id=\"91266\" data-permalink=\"https:\/\/www.hoymercedes.com.ar\/principal\/2019\/04\/12\/realizaron-taller-de-emprendurismo-para-internos-de-la-unidad-5\/12-carcel-emprende\/#main\" data-orig-file=\"https:\/\/www.hoymercedes.com.ar\/principal\/wp-content\/uploads\/2019\/04\/12-carcel-emprende.jpg\" data-orig-size=\"750,500\" data-comments-opened=\"0\" data-image-meta=\"{&quot;aperture&quot;:&quot;0&quot;,&quot;credit&quot;:&quot;&quot;,&quot;camera&quot;:&quot;&quot;,&quot;caption&quot;:&quot;&quot;,&quot;created_timestamp&quot;:&quot;0&quot;,&quot;copyright&quot;:&quot;&quot;,&quot;focal_length&quot;:&quot;0&quot;,&quot;iso&quot;:&quot;0&quot;,&quot;shutter_speed&quot;:&quot;0&quot;,&quot;title&quot;:&quot;&quot;,&quot;orientation&quot;:&quot;0&quot;}\" data-image-title=\"12 carcel emprende\" data-image-description=\"\" data-image-caption=\"\" data-large-file=\"https:\/\/www.hoymercedes.com.ar\/principal\/wp-content\/uploads\/2019\/04\/12-carcel-emprende.jpg\" src=\"https:\/\/www.hoymercedes.com.ar\/principal\/wp-content\/uploads\/2019\/04\/12-carcel-emprende.jpg\" alt=\"\" class=\"wp-image-91266\" srcset=\"https:\/\/www.hoymercedes.com.ar\/principal\/wp-content\/uploads\/2019\/04\/12-carcel-emprende.jpg 750w, https:\/\/www.hoymercedes.com.ar\/principal\/wp-content\/uploads\/2019\/04\/12-carcel-emprende-150x100.jpg 150w, https:\/\/www.hoymercedes.com.ar\/principal\/wp-content\/uploads\/2019\/04\/12-carcel-emprende-630x420.jpg 630w, https:\/\/www.hoymercedes.com.ar\/principal\/wp-content\/uploads\/2019\/04\/12-carcel-emprende-720x480.jpg 720w, https:\/\/www.hoymercedes.com.ar\/principal\/wp-content\/uploads\/2019\/04\/12-carcel-emprende-360x240.jpg 360w\" sizes=\"auto, (max-width: 750px) 100vw, 750px\" \/><\/figure>\n\n\n\n<p>Para este taller vinieron las Licenciadas en Administraci\u00f3n Mar\u00eda Victoria Garc\u00eda Castro y Mar\u00eda Eugenia Carricaburo\u00a0quienes fueron las docentes, las cuales de manera did\u00e1ctica, con juegos y con ejemplos concretos fueron a los largo de las jornadas, viendo diversos temas, como fueron la b\u00fasqueda del propio proyecto, formas de focalizar posibilidades, asociaciones, cooperativismo, lazos de ayuda, como desarrollar un emprendimiento, costos, entre otra cantidad de conceptos y di\u00e1logos que se fueron dando en las clases.<\/p>\n\n\n\n<p>El grupo de 35 privados de la libertad fue mixto, y esperaban con entusiasmo cada clase, y el en cierre con la entrega de certificados, expresaron diversas opiniones, todas muy favorables del curso, haciendo menci\u00f3n \u201ca la oportunidad de abrirnos la cabeza, pensar que podemos, ver la realidad de cada lugar a donde vayamos para organizarnos, y hacer nuestro propio camino\u201d otro testimonio que se verti\u00f3 fue el de una interna que dijo \u201cllevo varios a\u00f1os detenidas, yo no cre\u00eda en el estado, estaba en contra de todos, y con el trabajo del Patronato y estos cursos que nos dan, me reanimaron, me hicieron pensar de otra manera, me dan ganas de salir y hacer cosas para reinsertarme\u201d<\/p>\n\n\n\n<p>Por otra parte, las autoridades presentes fueron la Directora de Pre Libertad de Sede Claudia Malaret, el Director de Regi\u00f3n Itala Selser, la Jefa Distrital Mar\u00eda de las Mercedes Gigena, y la responsable de la Oficina de Pre Egreso con sede en la Unidad N\u00ba 5 Celeste Burone todos del Patronato de Liberados Bonaerense y la Subdirectora Administrativa de la Unidad N\u00ba 5 Paola Banegas quienes alentaron a los internos a continuar por el buen camino, que si se lo proponen todos tienen una oportunidad. Adem\u00e1s se expresaron agradecimientos mutuos para todas las instituciones participantes y de la excelente coordinaci\u00f3n que hubo en todos los encuentros.<\/p>\n\n\n\n<p>Fuente: Prensa Unidad 5<\/p>\n","protected":false},"excerpt":{"rendered":"<p>A lo largo de cuatro jornadas, se dict\u00f3 dentro de la Unidad Penitenciaria N\u00ba 5, el curso de \u201cMotivaci\u00f3n Emprendedora &#8230; <a title=\"Realizaron taller de emprendurismo para internos de la Unidad 5\" class=\"read-more\" href=\"https:\/\/www.hoymercedes.com.ar\/principal\/2019\/04\/12\/realizaron-taller-de-emprendurismo-para-internos-de-la-unidad-5\/\" aria-label=\"Leer m\u00e1s sobre Realizaron taller de emprendurismo para internos de la Unidad 5\">Leer m\u00e1s<\/a><\/p>\n","protected":false},"author":1,"featured_media":91266,"comment_status":"closed","ping_status":"open","sticky":false,"template":"","format":"standard","meta":{"_monsterinsights_skip_tracking":false,"_monsterinsights_sitenote_active":false,"_monsterinsights_sitenote_note":"","_monsterinsights_sitenote_category":0,"jetpack_post_was_ever_published":false,"_jetpack_newsletter_access":"","_jetpack_dont_email_post_to_subs":false,"_jetpack_newsletter_tier_id":0,"_jetpack_memberships_contains_paywalled_content":false,"_jetpack_memberships_contains_paid_content":false,"footnotes":"","jetpack_publicize_message":"","jetpack_publicize_feature_enabled":true,"jetpack_social_post_already_shared":true,"jetpack_social_options":{"image_generator_settings":{"template":"highway","default_image_id":0,"font":"","enabled":false},"version":2},"_wpas_customize_per_network":false},"categories":[8],"tags":[1011,14685,8680,113],"class_list":["post-91265","post","type-post","status-publish","format-standard","has-post-thumbnail","hentry","category-sociedad","tag-carcel","tag-patronato-del-liberado","tag-taller","tag-unidad-5","generate-columns","tablet-grid-50","mobile-grid-100","grid-parent","grid-50"],"jetpack_publicize_connections":[],"jetpack_featured_media_url":"https:\/\/www.hoymercedes.com.ar\/principal\/wp-content\/uploads\/2019\/04\/12-carcel-emprende.jpg","wps_subtitle":"Capacitaci\u00f3n en la c\u00e1rcel","jetpack_sharing_enabled":true,"_links":{"self":[{"href":"https:\/\/www.hoymercedes.com.ar\/principal\/wp-json\/wp\/v2\/posts\/91265","targetHints":{"allow":["GET"]}}],"collection":[{"href":"https:\/\/www.hoymercedes.com.ar\/principal\/wp-json\/wp\/v2\/posts"}],"about":[{"href":"https:\/\/www.hoymercedes.com.ar\/principal\/wp-json\/wp\/v2\/types\/post"}],"author":[{"embeddable":true,"href":"https:\/\/www.hoymercedes.com.ar\/principal\/wp-json\/wp\/v2\/users\/1"}],"replies":[{"embeddable":true,"href":"https:\/\/www.hoymercedes.com.ar\/principal\/wp-json\/wp\/v2\/comments?post=91265"}],"version-history":[{"count":0,"href":"https:\/\/www.hoymercedes.com.ar\/principal\/wp-json\/wp\/v2\/posts\/91265\/revisions"}],"wp:featuredmedia":[{"embeddable":true,"href":"https:\/\/www.hoymercedes.com.ar\/principal\/wp-json\/wp\/v2\/media\/91266"}],"wp:attachment":[{"href":"https:\/\/www.hoymercedes.com.ar\/principal\/wp-json\/wp\/v2\/media?parent=91265"}],"wp:term":[{"taxonomy":"category","embeddable":true,"href":"https:\/\/www.hoymercedes.com.ar\/principal\/wp-json\/wp\/v2\/categories?post=91265"},{"taxonomy":"post_tag","embeddable":true,"href":"https:\/\/www.hoymercedes.com.ar\/principal\/wp-json\/wp\/v2\/tags?post=91265"}],"curies":[{"name":"wp","href":"https:\/\/api.w.org\/{rel}","templated":true}]}}