{"id":91278,"date":"2019-04-12T18:00:16","date_gmt":"2019-04-12T21:00:16","guid":{"rendered":"http:\/\/www.hoymercedes.com.ar\/principal\/?p=91278"},"modified":"2019-04-12T17:24:52","modified_gmt":"2019-04-12T20:24:52","slug":"maria-luna-regresa-con-tango-y-samba","status":"publish","type":"post","link":"https:\/\/www.hoymercedes.com.ar\/principal\/2019\/04\/12\/maria-luna-regresa-con-tango-y-samba\/","title":{"rendered":"Mar\u00eda Luna regresa con Tango y Samba"},"content":{"rendered":"\n<p>Este s\u00e1bado 13 de abril, Mar\u00eda Luna, acompa\u00f1ada por Eduardo Cirillo, subir\u00e1 al escenario del Centro Cultural Teatro Argentino \u00abInt. Julio C. Gioscio\u00bb para volver con la esquina que une el tango con el samba. A partir de la hora 21 comenzar\u00e1 el espect\u00e1culo musical que entrevera la m\u00fasica porte\u00f1a con la carioca. <\/p>\n\n\n\n<figure class=\"wp-block-embed-youtube wp-block-embed is-type-video is-provider-youtube wp-embed-aspect-16-9 wp-has-aspect-ratio\"><div class=\"wp-block-embed__wrapper\">\n<span class=\"embed-youtube\" style=\"text-align:center; display: block;\"><iframe loading=\"lazy\" class=\"youtube-player\" width=\"1200\" height=\"675\" src=\"https:\/\/www.youtube.com\/embed\/all73u54muQ?version=3&#038;rel=1&#038;showsearch=0&#038;showinfo=1&#038;iv_load_policy=1&#038;fs=1&#038;hl=es-ES&#038;autohide=2&#038;wmode=transparent\" allowfullscreen=\"true\" style=\"border:0;\" sandbox=\"allow-scripts allow-same-origin allow-popups allow-presentation allow-popups-to-escape-sandbox\"><\/iframe><\/span>\n<\/div><\/figure>\n\n\n\n<p>\u201cEl samba y el tango tienen conexiones en lo que hace a la historia, las letras, ambos son g\u00e9neros nacionales de cada uno de los pa\u00edses, pero sus or\u00edgenes son \u2018dolorosos\u2019. El samba naci\u00f3 en el morro, en las favelas, en la parte m\u00e1s pobre de Brasil. Con una ra\u00edz africana muy fuerte. Lo mismo le pas\u00f3 al tango. Naci\u00f3 en los arrabales. Ambos como m\u00fasica prohibida, de bajo fondo. El tango tambi\u00e9n tiene ra\u00edz negra. Las dos son m\u00fasicas r\u00edtmicas que se danzan adem\u00e1s de cantarse. La letra y la r\u00edtmica se fueron complejizando. El tango lo llev\u00f3 al exterior Carlos Gardel y el samba lo llev\u00f3 fuera de Brasil, Carmen Miranda\u201d, cont\u00f3 Mar\u00eda Luna al explicar c\u00f3mo unieron junto a Eduardo Cirillo esos ritmos en apariencias diferentes. <\/p>\n\n\n\n<p>Ritmos que uni\u00f3 en octubre del a\u00f1o pasado cuando armaron una puesta en escena a beneficio de tres instituciones locales y este s\u00e1bado volver\u00e1n a presentar. <\/p>\n\n\n\n<p> \u201cSamba esquina Tango\u201d es un entrevero de canciones de Buenos Aires y de R\u00edo de Janeiro. Es un espect\u00e1culo que relata una historia de entrecruzamiento entre los dos estilos musicales. Habr\u00e1 un texto que enlaza las canciones.\u00a0 Con la direcci\u00f3n musical y arreglos a cargo de Eduardo Cirillo, la narraci\u00f3n acompa\u00f1ada de elementos teatrales la arm\u00f3 Mar\u00eda Luna que dar\u00e1 pie a los cuadros de danza coordinados por Mirian Salanueva. <\/p>\n\n\n\n<p>La puesta en escena se completa con Betina Arroyo y Vanessa Lorda, en coros. Nacho Ferreyra, contrabajo, Jose Ramon Mierez, bater\u00eda;  Manuel Maturo, piano. Tomy Maldonado, guitarra. Juan Martin Lopez , percusi\u00f3n. Las parejas de bailarines Miri Salanueva y Juan Cruz Cornejo; Paula Chiapuzzi y Facundo Cisneros. Y el Grupo de Samba: Gabriela Chiapuzzi, Silvina Daverio, Marcela Falabella, Rosario Fitzsimons, M\u00f3nica Garro, Marcela Rolando, Diana Tosoroni, y Betina Vives. <\/p>\n\n\n\n<figure class=\"wp-block-embed-youtube wp-block-embed is-type-video is-provider-youtube wp-embed-aspect-16-9 wp-has-aspect-ratio\"><div class=\"wp-block-embed__wrapper\">\n<span class=\"embed-youtube\" style=\"text-align:center; display: block;\"><iframe loading=\"lazy\" class=\"youtube-player\" width=\"1200\" height=\"675\" src=\"https:\/\/www.youtube.com\/embed\/lBBi06eV0v4?version=3&#038;rel=1&#038;showsearch=0&#038;showinfo=1&#038;iv_load_policy=1&#038;fs=1&#038;hl=es-ES&#038;autohide=2&#038;wmode=transparent\" allowfullscreen=\"true\" style=\"border:0;\" sandbox=\"allow-scripts allow-same-origin allow-popups allow-presentation allow-popups-to-escape-sandbox\"><\/iframe><\/span>\n<\/div><\/figure>\n","protected":false},"excerpt":{"rendered":"<p>Este s\u00e1bado 13 de abril, Mar\u00eda Luna, acompa\u00f1ada por Eduardo Cirillo, subir\u00e1 al escenario del Centro Cultural Teatro Argentino \u00abInt. &#8230; <a title=\"Mar\u00eda Luna regresa con Tango y Samba\" class=\"read-more\" href=\"https:\/\/www.hoymercedes.com.ar\/principal\/2019\/04\/12\/maria-luna-regresa-con-tango-y-samba\/\" aria-label=\"Leer m\u00e1s sobre Mar\u00eda Luna regresa con Tango y Samba\">Leer m\u00e1s<\/a><\/p>\n","protected":false},"author":1,"featured_media":91282,"comment_status":"closed","ping_status":"open","sticky":false,"template":"","format":"standard","meta":{"_monsterinsights_skip_tracking":false,"_monsterinsights_sitenote_active":false,"_monsterinsights_sitenote_note":"","_monsterinsights_sitenote_category":0,"jetpack_post_was_ever_published":false,"_jetpack_newsletter_access":"","_jetpack_dont_email_post_to_subs":false,"_jetpack_newsletter_tier_id":0,"_jetpack_memberships_contains_paywalled_content":false,"_jetpack_memberships_contains_paid_content":false,"footnotes":"","jetpack_publicize_message":"","jetpack_publicize_feature_enabled":true,"jetpack_social_post_already_shared":true,"jetpack_social_options":{"image_generator_settings":{"template":"highway","default_image_id":0,"font":"","enabled":false},"version":2},"_wpas_customize_per_network":false},"categories":[104],"tags":[7805,13890,8539],"class_list":["post-91278","post","type-post","status-publish","format-standard","has-post-thumbnail","hentry","category-cultura","tag-cultura","tag-maria-luna","tag-musica","generate-columns","tablet-grid-50","mobile-grid-100","grid-parent","grid-50"],"jetpack_publicize_connections":[],"jetpack_featured_media_url":"https:\/\/www.hoymercedes.com.ar\/principal\/wp-content\/uploads\/2019\/04\/12-maria-luna.jpg","wps_subtitle":"","jetpack_sharing_enabled":true,"_links":{"self":[{"href":"https:\/\/www.hoymercedes.com.ar\/principal\/wp-json\/wp\/v2\/posts\/91278","targetHints":{"allow":["GET"]}}],"collection":[{"href":"https:\/\/www.hoymercedes.com.ar\/principal\/wp-json\/wp\/v2\/posts"}],"about":[{"href":"https:\/\/www.hoymercedes.com.ar\/principal\/wp-json\/wp\/v2\/types\/post"}],"author":[{"embeddable":true,"href":"https:\/\/www.hoymercedes.com.ar\/principal\/wp-json\/wp\/v2\/users\/1"}],"replies":[{"embeddable":true,"href":"https:\/\/www.hoymercedes.com.ar\/principal\/wp-json\/wp\/v2\/comments?post=91278"}],"version-history":[{"count":0,"href":"https:\/\/www.hoymercedes.com.ar\/principal\/wp-json\/wp\/v2\/posts\/91278\/revisions"}],"wp:featuredmedia":[{"embeddable":true,"href":"https:\/\/www.hoymercedes.com.ar\/principal\/wp-json\/wp\/v2\/media\/91282"}],"wp:attachment":[{"href":"https:\/\/www.hoymercedes.com.ar\/principal\/wp-json\/wp\/v2\/media?parent=91278"}],"wp:term":[{"taxonomy":"category","embeddable":true,"href":"https:\/\/www.hoymercedes.com.ar\/principal\/wp-json\/wp\/v2\/categories?post=91278"},{"taxonomy":"post_tag","embeddable":true,"href":"https:\/\/www.hoymercedes.com.ar\/principal\/wp-json\/wp\/v2\/tags?post=91278"}],"curies":[{"name":"wp","href":"https:\/\/api.w.org\/{rel}","templated":true}]}}