{"id":91285,"date":"2019-04-13T08:41:51","date_gmt":"2019-04-13T11:41:51","guid":{"rendered":"http:\/\/www.hoymercedes.com.ar\/principal\/?p=91285"},"modified":"2019-04-13T10:14:22","modified_gmt":"2019-04-13T13:14:22","slug":"la-25-dice-no-al-peaje-en-mercedes-y-convocan-a-movilizarse","status":"publish","type":"post","link":"https:\/\/www.hoymercedes.com.ar\/principal\/2019\/04\/13\/la-25-dice-no-al-peaje-en-mercedes-y-convocan-a-movilizarse\/","title":{"rendered":"\u201cLa 25\u201d dice No al peaje en Mercedes y convocan a movilizarse"},"content":{"rendered":"\n<figure class=\"wp-block-image\"><img loading=\"lazy\" decoding=\"async\" width=\"640\" height=\"292\" data-attachment-id=\"91286\" data-permalink=\"https:\/\/www.hoymercedes.com.ar\/principal\/2019\/04\/13\/la-25-dice-no-al-peaje-en-mercedes-y-convocan-a-movilizarse\/la25-3\/#main\" data-orig-file=\"https:\/\/www.hoymercedes.com.ar\/principal\/wp-content\/uploads\/2019\/04\/la25.jpeg\" data-orig-size=\"640,292\" data-comments-opened=\"0\" data-image-meta=\"{&quot;aperture&quot;:&quot;0&quot;,&quot;credit&quot;:&quot;&quot;,&quot;camera&quot;:&quot;&quot;,&quot;caption&quot;:&quot;&quot;,&quot;created_timestamp&quot;:&quot;0&quot;,&quot;copyright&quot;:&quot;&quot;,&quot;focal_length&quot;:&quot;0&quot;,&quot;iso&quot;:&quot;0&quot;,&quot;shutter_speed&quot;:&quot;0&quot;,&quot;title&quot;:&quot;&quot;,&quot;orientation&quot;:&quot;0&quot;}\" data-image-title=\"la25\" data-image-description=\"\" data-image-caption=\"\" data-large-file=\"https:\/\/www.hoymercedes.com.ar\/principal\/wp-content\/uploads\/2019\/04\/la25.jpeg\" src=\"https:\/\/www.hoymercedes.com.ar\/principal\/wp-content\/uploads\/2019\/04\/la25.jpeg\" alt=\"\" class=\"wp-image-91286\" srcset=\"https:\/\/www.hoymercedes.com.ar\/principal\/wp-content\/uploads\/2019\/04\/la25.jpeg 640w, https:\/\/www.hoymercedes.com.ar\/principal\/wp-content\/uploads\/2019\/04\/la25-150x68.jpeg 150w, https:\/\/www.hoymercedes.com.ar\/principal\/wp-content\/uploads\/2019\/04\/la25-630x287.jpeg 630w\" sizes=\"auto, (max-width: 640px) 100vw, 640px\" \/><\/figure>\n\n\n\n<p>Los vecinos locales junto a los miembros de la Agrupaci\u00f3n\nbuscan y exigen una soluci\u00f3n en el tema, para ello est\u00e1n moviliz\u00e1ndose y\nconvocando a participar en la pr\u00f3xima marcha a realizarse este domingo 14 de\nAbril a las 15:30 horas.<\/p>\n\n\n\n<p>Como es sabido, desde hace un tiempo los derechos adquiridos\npor los mercedinos, tras una ardua lucha, para no pagar el peaje de Olivera,\nfue perdido. No solo eso, sino adem\u00e1s han sufrido aumentos del 40 por ciento en\nel cobro. Situaci\u00f3n que indigna a nuestros vecinos por considerarlo inconstitucional\npor varias razones. <\/p>\n\n\n\n<p>Ante dicho panorama La Agrupaci\u00f3n 25 de Mayo, una vez m\u00e1s,\nen representaci\u00f3n de todos acometi\u00f3 sobre el tema. Vienen llevando a cabo\nvolanteadas y participando de las movilizaciones, colaborando con la Comisi\u00f3n\nVecinos de Mercedes contra el peaje, quienes convocan a todos los afectados a\nparticipar de la marcha a realizarse el pr\u00f3ximo domingo 14 de abril desde la\nTrocha a las 1530, hasta el peaje, bajo el lema \u201cNo al peaje en Mercedes\u201d. <\/p>\n\n\n\n<p>El referente de la Agrupaci\u00f3n Vecinal Francisco \u201cPacha\u201d\nCardozo coment\u00f3: \u201cNosotros siempre vamos a estar junto al vecino que nos\nnecesite, intentamos ser su voz, acompa\u00f1arlo y ayudarlo, desde nuestro humilde\nlugar. En un pa\u00eds en donde la actualidad por la crisis econ\u00f3mica queda\ndesvalido el que m\u00e1s lo necesita, queremos alentar la uni\u00f3n, para que juntos\nreclamemos nuestros derechos, y buscar soluci\u00f3n entre todos.&nbsp; Desde la Agrupaci\u00f3n creemos que entre todos,\npodemos generar y alcanzar grandes logros y este, ser\u00eda un alivio a tantos\natropellos que venimos sufriendo\u201d.<\/p>\n\n\n\n<p>En los volantes repartidos por la Agrupaci\u00f3n Vecinal 25 de\nMayo, en colaboraci\u00f3n a la Comisi\u00f3n que se dedica especialmente en el tema, se\ndestaca: la falta de respuesta de Vialidad o de la empresa concesionaria ante\nlos reiterados pedidos, la falta de caminos alternativos para transitar, la\nausencia de obras prometidas como la inseguridad vial, adem\u00e1s, subrayan el dato\nde suma importancia como es el hecho de que ante un accidente en la ruta, los\nque acuden son los bomberos, polic\u00edas y ambulancias del Hospital de Mercedes.\nLa empresa de peajes no efect\u00faa aporte alguno.<\/p>\n\n\n\n<p>Para finalizar, Cardozo, se uni\u00f3 a convocar a todos los\nciudadanos a colaborar participando con la Comisi\u00f3n Vecinos de Mercedes contra\nel peaje en la pr\u00f3xima marcha.<\/p>\n","protected":false},"excerpt":{"rendered":"<p>Los vecinos locales junto a los miembros de la Agrupaci\u00f3n buscan y exigen una soluci\u00f3n en el tema, para ello &#8230; <a title=\"\u201cLa 25\u201d dice No al peaje en Mercedes y convocan a movilizarse\" class=\"read-more\" href=\"https:\/\/www.hoymercedes.com.ar\/principal\/2019\/04\/13\/la-25-dice-no-al-peaje-en-mercedes-y-convocan-a-movilizarse\/\" aria-label=\"Leer m\u00e1s sobre \u201cLa 25\u201d dice No al peaje en Mercedes y convocan a movilizarse\">Leer m\u00e1s<\/a><\/p>\n","protected":false},"author":1,"featured_media":91286,"comment_status":"closed","ping_status":"open","sticky":false,"template":"","format":"standard","meta":{"_monsterinsights_skip_tracking":false,"_monsterinsights_sitenote_active":false,"_monsterinsights_sitenote_note":"","_monsterinsights_sitenote_category":0,"jetpack_post_was_ever_published":false,"_jetpack_newsletter_access":"","_jetpack_dont_email_post_to_subs":false,"_jetpack_newsletter_tier_id":0,"_jetpack_memberships_contains_paywalled_content":false,"_jetpack_memberships_contains_paid_content":false,"footnotes":"","jetpack_publicize_message":"","jetpack_publicize_feature_enabled":true,"jetpack_social_post_already_shared":true,"jetpack_social_options":{"image_generator_settings":{"template":"highway","default_image_id":0,"font":"","enabled":false},"version":2},"_wpas_customize_per_network":false},"categories":[8],"tags":[9923,7279,5319],"class_list":["post-91285","post","type-post","status-publish","format-standard","has-post-thumbnail","hentry","category-sociedad","tag-agrupacion-25-de-mayo","tag-peaje","tag-politica-2","generate-columns","tablet-grid-50","mobile-grid-100","grid-parent","grid-50"],"jetpack_publicize_connections":[],"jetpack_featured_media_url":"https:\/\/www.hoymercedes.com.ar\/principal\/wp-content\/uploads\/2019\/04\/la25.jpeg","wps_subtitle":"Marchan este domingo los vecinos","jetpack_sharing_enabled":true,"_links":{"self":[{"href":"https:\/\/www.hoymercedes.com.ar\/principal\/wp-json\/wp\/v2\/posts\/91285","targetHints":{"allow":["GET"]}}],"collection":[{"href":"https:\/\/www.hoymercedes.com.ar\/principal\/wp-json\/wp\/v2\/posts"}],"about":[{"href":"https:\/\/www.hoymercedes.com.ar\/principal\/wp-json\/wp\/v2\/types\/post"}],"author":[{"embeddable":true,"href":"https:\/\/www.hoymercedes.com.ar\/principal\/wp-json\/wp\/v2\/users\/1"}],"replies":[{"embeddable":true,"href":"https:\/\/www.hoymercedes.com.ar\/principal\/wp-json\/wp\/v2\/comments?post=91285"}],"version-history":[{"count":0,"href":"https:\/\/www.hoymercedes.com.ar\/principal\/wp-json\/wp\/v2\/posts\/91285\/revisions"}],"wp:featuredmedia":[{"embeddable":true,"href":"https:\/\/www.hoymercedes.com.ar\/principal\/wp-json\/wp\/v2\/media\/91286"}],"wp:attachment":[{"href":"https:\/\/www.hoymercedes.com.ar\/principal\/wp-json\/wp\/v2\/media?parent=91285"}],"wp:term":[{"taxonomy":"category","embeddable":true,"href":"https:\/\/www.hoymercedes.com.ar\/principal\/wp-json\/wp\/v2\/categories?post=91285"},{"taxonomy":"post_tag","embeddable":true,"href":"https:\/\/www.hoymercedes.com.ar\/principal\/wp-json\/wp\/v2\/tags?post=91285"}],"curies":[{"name":"wp","href":"https:\/\/api.w.org\/{rel}","templated":true}]}}