{"id":91328,"date":"2019-04-14T15:58:02","date_gmt":"2019-04-14T18:58:02","guid":{"rendered":"http:\/\/www.hoymercedes.com.ar\/principal\/?p=91328"},"modified":"2019-04-15T08:56:07","modified_gmt":"2019-04-15T11:56:07","slug":"nuncio-apostolico-monsenor-leon-kalenga-badikebele-visito-mercedes%ef%bb%bf","status":"publish","type":"post","link":"https:\/\/www.hoymercedes.com.ar\/principal\/2019\/04\/14\/nuncio-apostolico-monsenor-leon-kalenga-badikebele-visito-mercedes%ef%bb%bf\/","title":{"rendered":"Nuncio Apost\u00f3lico Monse\u00f1or Le\u00f3n Kalenga Badikebele visit\u00f3 Mercedes\ufeff"},"content":{"rendered":"\n<figure class=\"wp-block-image\"><img loading=\"lazy\" decoding=\"async\" width=\"981\" height=\"654\" data-attachment-id=\"91329\" data-permalink=\"https:\/\/www.hoymercedes.com.ar\/principal\/2019\/04\/14\/nuncio-apostolico-monsenor-leon-kalenga-badikebele-visito-mercedes%ef%bb%bf\/sja_4774\/#main\" data-orig-file=\"https:\/\/www.hoymercedes.com.ar\/principal\/wp-content\/uploads\/2019\/04\/SJA_4774.jpg\" data-orig-size=\"981,654\" data-comments-opened=\"0\" data-image-meta=\"{&quot;aperture&quot;:&quot;0&quot;,&quot;credit&quot;:&quot;SEBASTIANAMBROSSIO&quot;,&quot;camera&quot;:&quot;&quot;,&quot;caption&quot;:&quot;&quot;,&quot;created_timestamp&quot;:&quot;0&quot;,&quot;copyright&quot;:&quot;SebastianAmbrossio&quot;,&quot;focal_length&quot;:&quot;0&quot;,&quot;iso&quot;:&quot;0&quot;,&quot;shutter_speed&quot;:&quot;0&quot;,&quot;title&quot;:&quot;&quot;,&quot;orientation&quot;:&quot;0&quot;}\" data-image-title=\"SJA_4774\" data-image-description=\"\" data-image-caption=\"\" data-large-file=\"https:\/\/www.hoymercedes.com.ar\/principal\/wp-content\/uploads\/2019\/04\/SJA_4774.jpg\" src=\"https:\/\/www.hoymercedes.com.ar\/principal\/wp-content\/uploads\/2019\/04\/SJA_4774.jpg\" alt=\"\" class=\"wp-image-91329\" srcset=\"https:\/\/www.hoymercedes.com.ar\/principal\/wp-content\/uploads\/2019\/04\/SJA_4774.jpg 981w, https:\/\/www.hoymercedes.com.ar\/principal\/wp-content\/uploads\/2019\/04\/SJA_4774-150x100.jpg 150w, https:\/\/www.hoymercedes.com.ar\/principal\/wp-content\/uploads\/2019\/04\/SJA_4774-630x420.jpg 630w, https:\/\/www.hoymercedes.com.ar\/principal\/wp-content\/uploads\/2019\/04\/SJA_4774-720x480.jpg 720w, https:\/\/www.hoymercedes.com.ar\/principal\/wp-content\/uploads\/2019\/04\/SJA_4774-360x240.jpg 360w\" sizes=\"auto, (max-width: 981px) 100vw, 981px\" \/><figcaption>Nuncio, Radrizzani y Ustarroz<\/figcaption><\/figure>\n\n\n\n<p>La ciudad de Mercedes recibi\u00f3 al\nNuncio Apost\u00f3lico Monse\u00f1or Le\u00f3n Kalenga Badikebele en el domingo de ramos.\nPrevio a la misa se concret\u00f3 una reuni\u00f3n en la cual hubo un desayuno con\nMonse\u00f1or Radrizzani, el intendente Ustarroz y los diputados Eduardo de Pedro y\nCarlos Selva. <\/p>\n\n\n\n<p>Se vivi\u00f3 una emulaci\u00f3n de la\nllegada de Jes\u00fas a Jerusal\u00e9n. El Nuncio mencion\u00f3 que al entrar a Mercedes tuvo \u201cuna\ngran satisfacci\u00f3n al ver una ciudad linda, prolija, limpia y pr\u00f3spera\u201d\ndestacando que \u201cEl Papa Francisco tiene un gran afecto por la Arquidi\u00f3cesis\nMercedes Lujan\u201d donde \u201ccada vez que habla de ella se le llenan los ojos de\nl\u00e1grimas\u201d para luego en la homil\u00eda tuvo una sentida reflexi\u00f3n sobre la\nnecesidad de trabajar por los m\u00e1s necesitados. <\/p>\n\n\n\n<figure class=\"wp-block-image\"><img loading=\"lazy\" decoding=\"async\" width=\"981\" height=\"654\" data-attachment-id=\"91330\" data-permalink=\"https:\/\/www.hoymercedes.com.ar\/principal\/2019\/04\/14\/nuncio-apostolico-monsenor-leon-kalenga-badikebele-visito-mercedes%ef%bb%bf\/sja_4835\/#main\" data-orig-file=\"https:\/\/www.hoymercedes.com.ar\/principal\/wp-content\/uploads\/2019\/04\/SJA_4835.jpg\" data-orig-size=\"981,654\" data-comments-opened=\"0\" data-image-meta=\"{&quot;aperture&quot;:&quot;0&quot;,&quot;credit&quot;:&quot;SEBASTIANAMBROSSIO&quot;,&quot;camera&quot;:&quot;&quot;,&quot;caption&quot;:&quot;&quot;,&quot;created_timestamp&quot;:&quot;0&quot;,&quot;copyright&quot;:&quot;SebastianAmbrossio&quot;,&quot;focal_length&quot;:&quot;0&quot;,&quot;iso&quot;:&quot;0&quot;,&quot;shutter_speed&quot;:&quot;0&quot;,&quot;title&quot;:&quot;&quot;,&quot;orientation&quot;:&quot;0&quot;}\" data-image-title=\"SJA_4835\" data-image-description=\"\" data-image-caption=\"\" data-large-file=\"https:\/\/www.hoymercedes.com.ar\/principal\/wp-content\/uploads\/2019\/04\/SJA_4835.jpg\" src=\"https:\/\/www.hoymercedes.com.ar\/principal\/wp-content\/uploads\/2019\/04\/SJA_4835.jpg\" alt=\"\" class=\"wp-image-91330\" srcset=\"https:\/\/www.hoymercedes.com.ar\/principal\/wp-content\/uploads\/2019\/04\/SJA_4835.jpg 981w, https:\/\/www.hoymercedes.com.ar\/principal\/wp-content\/uploads\/2019\/04\/SJA_4835-150x100.jpg 150w, https:\/\/www.hoymercedes.com.ar\/principal\/wp-content\/uploads\/2019\/04\/SJA_4835-630x420.jpg 630w, https:\/\/www.hoymercedes.com.ar\/principal\/wp-content\/uploads\/2019\/04\/SJA_4835-720x480.jpg 720w, https:\/\/www.hoymercedes.com.ar\/principal\/wp-content\/uploads\/2019\/04\/SJA_4835-360x240.jpg 360w\" sizes=\"auto, (max-width: 981px) 100vw, 981px\" \/><\/figure>\n\n\n\n<p>La misa tuvo un sentido encuentro\npara la comunidad religiosa de Catedral y la ciudad, siendo un hecho muy\nimportante la visita del Nuncio Apost\u00f3lico Monse\u00f1or Le\u00f3n Kalenga Badikebele,\nquien es representante directo de Francisco.<\/p>\n\n\n\n<p>La visita cont\u00f3 con una gran\ncantidad de vecinos en la misa. Previa a ella hubo un desayuno y encuentro para\ndialogar y pensar distintos aspectos de la sociedad donde participaron diferentes\nreferentes de la Iglesia Cat\u00f3lica, de la arquidi\u00f3cesis que tiene a cargo\nRadrizzani, como as\u00ed tambi\u00e9n Ustarroz y los mencionados diputados nacionales. <\/p>\n\n\n\n<p>\u201cPara nosotros es un gran orgullo\nrecibir a Monse\u00f1or Kalenga Badikebel\u201d expres\u00f3 Ustarroz y remarc\u00f3 \u201clo importante\nde seguir trabajando juntos por una ciudad mejor\u201d<\/p>\n\n\n\n<figure class=\"wp-block-image\"><img loading=\"lazy\" decoding=\"async\" width=\"981\" height=\"654\" data-attachment-id=\"91331\" data-permalink=\"https:\/\/www.hoymercedes.com.ar\/principal\/2019\/04\/14\/nuncio-apostolico-monsenor-leon-kalenga-badikebele-visito-mercedes%ef%bb%bf\/sja_4831\/#main\" data-orig-file=\"https:\/\/www.hoymercedes.com.ar\/principal\/wp-content\/uploads\/2019\/04\/SJA_4831.jpg\" data-orig-size=\"981,654\" data-comments-opened=\"0\" data-image-meta=\"{&quot;aperture&quot;:&quot;0&quot;,&quot;credit&quot;:&quot;SEBASTIANAMBROSSIO&quot;,&quot;camera&quot;:&quot;&quot;,&quot;caption&quot;:&quot;&quot;,&quot;created_timestamp&quot;:&quot;0&quot;,&quot;copyright&quot;:&quot;SebastianAmbrossio&quot;,&quot;focal_length&quot;:&quot;0&quot;,&quot;iso&quot;:&quot;0&quot;,&quot;shutter_speed&quot;:&quot;0&quot;,&quot;title&quot;:&quot;&quot;,&quot;orientation&quot;:&quot;0&quot;}\" data-image-title=\"SJA_4831\" data-image-description=\"\" data-image-caption=\"\" data-large-file=\"https:\/\/www.hoymercedes.com.ar\/principal\/wp-content\/uploads\/2019\/04\/SJA_4831.jpg\" src=\"https:\/\/www.hoymercedes.com.ar\/principal\/wp-content\/uploads\/2019\/04\/SJA_4831.jpg\" alt=\"\" class=\"wp-image-91331\" srcset=\"https:\/\/www.hoymercedes.com.ar\/principal\/wp-content\/uploads\/2019\/04\/SJA_4831.jpg 981w, https:\/\/www.hoymercedes.com.ar\/principal\/wp-content\/uploads\/2019\/04\/SJA_4831-150x100.jpg 150w, https:\/\/www.hoymercedes.com.ar\/principal\/wp-content\/uploads\/2019\/04\/SJA_4831-630x420.jpg 630w, https:\/\/www.hoymercedes.com.ar\/principal\/wp-content\/uploads\/2019\/04\/SJA_4831-720x480.jpg 720w, https:\/\/www.hoymercedes.com.ar\/principal\/wp-content\/uploads\/2019\/04\/SJA_4831-360x240.jpg 360w\" sizes=\"auto, (max-width: 981px) 100vw, 981px\" \/><figcaption> Kalenga Badikebele, Ustarroz, de Pedro y Radrizzani<\/figcaption><\/figure>\n\n\n\n<p>El intendente, adem\u00e1s, entreg\u00f3 un decreto en el cual  Kalenga Badikebele  es declarado \u201cvisitante ilustre\u201d siendo sin duda su figura reconocida internacionalmente, dado que es un religioso diplom\u00e1tico y canonista congole\u00f1o y actualmente es el Arzobispo titular de Magneto y tambi\u00e9n reciente Nuncio Apost\u00f3lico en Argentina.<\/p>\n","protected":false},"excerpt":{"rendered":"<p>La ciudad de Mercedes recibi\u00f3 al Nuncio Apost\u00f3lico Monse\u00f1or Le\u00f3n Kalenga Badikebele en el domingo de ramos. Previo a la &#8230; <a title=\"Nuncio Apost\u00f3lico Monse\u00f1or Le\u00f3n Kalenga Badikebele visit\u00f3 Mercedes\ufeff\" class=\"read-more\" href=\"https:\/\/www.hoymercedes.com.ar\/principal\/2019\/04\/14\/nuncio-apostolico-monsenor-leon-kalenga-badikebele-visito-mercedes%ef%bb%bf\/\" aria-label=\"Leer m\u00e1s sobre Nuncio Apost\u00f3lico Monse\u00f1or Le\u00f3n Kalenga Badikebele visit\u00f3 Mercedes\ufeff\">Leer m\u00e1s<\/a><\/p>\n","protected":false},"author":1,"featured_media":91329,"comment_status":"closed","ping_status":"open","sticky":false,"template":"","format":"standard","meta":{"_monsterinsights_skip_tracking":false,"_monsterinsights_sitenote_active":false,"_monsterinsights_sitenote_note":"","_monsterinsights_sitenote_category":0,"jetpack_post_was_ever_published":false,"_jetpack_newsletter_access":"","_jetpack_dont_email_post_to_subs":false,"_jetpack_newsletter_tier_id":0,"_jetpack_memberships_contains_paywalled_content":false,"_jetpack_memberships_contains_paid_content":false,"footnotes":"","jetpack_publicize_message":"","jetpack_publicize_feature_enabled":true,"jetpack_social_post_already_shared":true,"jetpack_social_options":{"image_generator_settings":{"template":"highway","default_image_id":0,"font":"","enabled":false},"version":2},"_wpas_customize_per_network":false},"categories":[8],"tags":[14870,14808,14868,14809,14869],"class_list":["post-91328","post","type-post","status-publish","format-standard","has-post-thumbnail","hentry","category-sociedad","tag-domingo-de-ramos","tag-iglesia-catolica","tag-kalenga-badikebele","tag-nuncio-apostolico","tag-pascuas","generate-columns","tablet-grid-50","mobile-grid-100","grid-parent","grid-50"],"jetpack_publicize_connections":[],"jetpack_featured_media_url":"https:\/\/www.hoymercedes.com.ar\/principal\/wp-content\/uploads\/2019\/04\/SJA_4774.jpg","wps_subtitle":"Visita representante del Papa","jetpack_sharing_enabled":true,"_links":{"self":[{"href":"https:\/\/www.hoymercedes.com.ar\/principal\/wp-json\/wp\/v2\/posts\/91328","targetHints":{"allow":["GET"]}}],"collection":[{"href":"https:\/\/www.hoymercedes.com.ar\/principal\/wp-json\/wp\/v2\/posts"}],"about":[{"href":"https:\/\/www.hoymercedes.com.ar\/principal\/wp-json\/wp\/v2\/types\/post"}],"author":[{"embeddable":true,"href":"https:\/\/www.hoymercedes.com.ar\/principal\/wp-json\/wp\/v2\/users\/1"}],"replies":[{"embeddable":true,"href":"https:\/\/www.hoymercedes.com.ar\/principal\/wp-json\/wp\/v2\/comments?post=91328"}],"version-history":[{"count":0,"href":"https:\/\/www.hoymercedes.com.ar\/principal\/wp-json\/wp\/v2\/posts\/91328\/revisions"}],"wp:featuredmedia":[{"embeddable":true,"href":"https:\/\/www.hoymercedes.com.ar\/principal\/wp-json\/wp\/v2\/media\/91329"}],"wp:attachment":[{"href":"https:\/\/www.hoymercedes.com.ar\/principal\/wp-json\/wp\/v2\/media?parent=91328"}],"wp:term":[{"taxonomy":"category","embeddable":true,"href":"https:\/\/www.hoymercedes.com.ar\/principal\/wp-json\/wp\/v2\/categories?post=91328"},{"taxonomy":"post_tag","embeddable":true,"href":"https:\/\/www.hoymercedes.com.ar\/principal\/wp-json\/wp\/v2\/tags?post=91328"}],"curies":[{"name":"wp","href":"https:\/\/api.w.org\/{rel}","templated":true}]}}