{"id":9138,"date":"2011-11-15T02:38:15","date_gmt":"2011-11-15T02:38:15","guid":{"rendered":"http:\/\/www.hoymercedes.com.ar\/principal\/?p=9138"},"modified":"2011-11-15T02:38:15","modified_gmt":"2011-11-15T02:38:15","slug":"unlu-esta-abierta-la-inscripcion-al-concurso-de-becas-estudiantiles-internas-2012","status":"publish","type":"post","link":"https:\/\/www.hoymercedes.com.ar\/principal\/2011\/11\/15\/unlu-esta-abierta-la-inscripcion-al-concurso-de-becas-estudiantiles-internas-2012\/","title":{"rendered":"UNLu: est\u00e1 abierta la inscripci\u00f3n al Concurso de Becas Estudiantiles Internas 2012"},"content":{"rendered":"<p>La Direcci\u00f3n de Bienestar Universitario (DBU) de la Universidad Nacional de Luj\u00e1n, dependiente de la Secretar\u00eda de Asuntos Estudiantiles y Bienestar Universitario, a trav\u00e9s de su Departamento de Servicio Social, informa que a partir de hoy lunes 14 de noviembre y hasta el pr\u00f3ximo 16 de diciembre se encuentra abierta la inscripci\u00f3n al Concurso de Becas Estudiantiles Internas 2012. La inscripci\u00f3n complementaria ser\u00e1 desde el 27 de febrero al 9 de marzo de 2012.<\/p>\n<p>Para acceder a las mismas se requiere ser alumno regular o aspirante de cualquiera de las carreras que se dicten en la UNLu, completar la solicitud con car\u00e1cter de declaraci\u00f3n jurada donde se manifieste la necesidad de percibir el beneficio de la beca para comenzar o continuar estudios, no poseer beneficio similar de ninguna otra instituci\u00f3n, no estar desarrollando una pasant\u00eda interna rentada, y finalmente, en caso de haber sido becario anteriormente, haber cumplido con todos los requisitos exigidos por reglamento.<\/p>\n<p>Los tipos de becas a los que se puede acceder son los siguientes: de Ayuda Econ\u00f3mica (AE), de Ayuda Econ\u00f3mica para ingresantes (AEI), de Dedicaci\u00f3n Exclusiva al estudio (DE), y para Situaciones Especiales por Discapacidad (CE).<\/p>\n<p>Para mayor informaci\u00f3n e inscripci\u00f3n dirigirse al Dpto. de Servicio Social UNLu, Sede Central Luj\u00e1n (te. 02323 420380 \/ 423979, int. 257, mail sse@mail.unlu.edu.ar, de lunes a viernes de 10 a 16), o en los Centros Regionales General Sarmiento (Far\u00edas 1590 esq. Mitre, San Miguel, te. 011-46647843\/6842, de lunes a viernes de 10 a 18), Campana (Vicente L\u00f3pez y Bertolini, te. 03489-425934\/428342, los martes de 10.30 a 16) y Chivilcoy (El Grito de Alcorta 110, te. 02346-427183\/424593, de lunes a viernes de 17 a 21), o en la Delegaci\u00f3n San Fernando (Av. del Libertador 1700, San Fernando, te. 011 4744-4584 \/ 4890-1204, martes y mi\u00e9rcoles de 10 a 16.30).<\/p>\n<p><span style=\"color: #888888;\">Fuente: Radio UNLu<\/span><\/p>\n","protected":false},"excerpt":{"rendered":"<p>La Direcci\u00f3n de Bienestar Universitario (DBU) de la Universidad Nacional de Luj\u00e1n, dependiente de la Secretar\u00eda de Asuntos Estudiantiles y &#8230; <a title=\"UNLu: est\u00e1 abierta la inscripci\u00f3n al Concurso de Becas Estudiantiles Internas 2012\" class=\"read-more\" href=\"https:\/\/www.hoymercedes.com.ar\/principal\/2011\/11\/15\/unlu-esta-abierta-la-inscripcion-al-concurso-de-becas-estudiantiles-internas-2012\/\" aria-label=\"Leer m\u00e1s sobre UNLu: est\u00e1 abierta la inscripci\u00f3n al Concurso de Becas Estudiantiles Internas 2012\">Leer m\u00e1s<\/a><\/p>\n","protected":false},"author":1,"featured_media":0,"comment_status":"open","ping_status":"open","sticky":false,"template":"","format":"standard","meta":{"_monsterinsights_skip_tracking":false,"_monsterinsights_sitenote_active":false,"_monsterinsights_sitenote_note":"","_monsterinsights_sitenote_category":0,"jetpack_post_was_ever_published":false,"_jetpack_newsletter_access":"","_jetpack_dont_email_post_to_subs":false,"_jetpack_newsletter_tier_id":0,"_jetpack_memberships_contains_paywalled_content":false,"_jetpack_memberships_contains_paid_content":false,"footnotes":"","jetpack_publicize_message":"","jetpack_publicize_feature_enabled":true,"jetpack_social_post_already_shared":false,"jetpack_social_options":{"image_generator_settings":{"template":"highway","default_image_id":0,"font":"","enabled":false},"version":2},"_wpas_customize_per_network":false},"categories":[1],"tags":[1586],"class_list":["post-9138","post","type-post","status-publish","format-standard","hentry","category-opinion","tag-becas-universidad-de-lujan","generate-columns","tablet-grid-50","mobile-grid-100","grid-parent","grid-50"],"jetpack_publicize_connections":[],"jetpack_featured_media_url":"","wps_subtitle":"","jetpack_sharing_enabled":true,"_links":{"self":[{"href":"https:\/\/www.hoymercedes.com.ar\/principal\/wp-json\/wp\/v2\/posts\/9138","targetHints":{"allow":["GET"]}}],"collection":[{"href":"https:\/\/www.hoymercedes.com.ar\/principal\/wp-json\/wp\/v2\/posts"}],"about":[{"href":"https:\/\/www.hoymercedes.com.ar\/principal\/wp-json\/wp\/v2\/types\/post"}],"author":[{"embeddable":true,"href":"https:\/\/www.hoymercedes.com.ar\/principal\/wp-json\/wp\/v2\/users\/1"}],"replies":[{"embeddable":true,"href":"https:\/\/www.hoymercedes.com.ar\/principal\/wp-json\/wp\/v2\/comments?post=9138"}],"version-history":[{"count":0,"href":"https:\/\/www.hoymercedes.com.ar\/principal\/wp-json\/wp\/v2\/posts\/9138\/revisions"}],"wp:attachment":[{"href":"https:\/\/www.hoymercedes.com.ar\/principal\/wp-json\/wp\/v2\/media?parent=9138"}],"wp:term":[{"taxonomy":"category","embeddable":true,"href":"https:\/\/www.hoymercedes.com.ar\/principal\/wp-json\/wp\/v2\/categories?post=9138"},{"taxonomy":"post_tag","embeddable":true,"href":"https:\/\/www.hoymercedes.com.ar\/principal\/wp-json\/wp\/v2\/tags?post=9138"}],"curies":[{"name":"wp","href":"https:\/\/api.w.org\/{rel}","templated":true}]}}