{"id":91387,"date":"2019-04-15T16:30:30","date_gmt":"2019-04-15T19:30:30","guid":{"rendered":"http:\/\/www.hoymercedes.com.ar\/principal\/?p=91387"},"modified":"2019-04-15T16:25:31","modified_gmt":"2019-04-15T19:25:31","slug":"charla-de-fressoli-la-investigacion-cientifica-abierta-y-colaborativa","status":"publish","type":"post","link":"https:\/\/www.hoymercedes.com.ar\/principal\/2019\/04\/15\/charla-de-fressoli-la-investigacion-cientifica-abierta-y-colaborativa\/","title":{"rendered":"Charla de Fressoli: La investigaci\u00f3n cient\u00edfica abierta y colaborativa"},"content":{"rendered":"\n<p>En las \u00faltimas horas\nde la tarde del viernes, el Museo de Arte de Mercedes fue el espacio elegido\npara la charla de doctor en Ciencias Sociales Mariano Fressoli en donde propuso\ny dio cuenta de una \u201cciencia abierta y colaborativa\u201d, de una ciencia en donde\nlos cambios sociales y tecnol\u00f3gicos permiten una investigaci\u00f3n con mayor\ncantidad de datos e informaci\u00f3n. <\/p>\n\n\n\n<figure class=\"wp-block-image\"><img loading=\"lazy\" decoding=\"async\" width=\"750\" height=\"500\" data-attachment-id=\"91388\" data-permalink=\"https:\/\/www.hoymercedes.com.ar\/principal\/2019\/04\/15\/charla-de-fressoli-la-investigacion-cientifica-abierta-y-colaborativa\/15-mariano-fressoli-1\/#main\" data-orig-file=\"https:\/\/www.hoymercedes.com.ar\/principal\/wp-content\/uploads\/2019\/04\/15-Mariano-Fressoli-1.jpg\" data-orig-size=\"750,500\" data-comments-opened=\"0\" data-image-meta=\"{&quot;aperture&quot;:&quot;2&quot;,&quot;credit&quot;:&quot;&quot;,&quot;camera&quot;:&quot;Moto G (5S) Plus&quot;,&quot;caption&quot;:&quot;&quot;,&quot;created_timestamp&quot;:&quot;1555094171&quot;,&quot;copyright&quot;:&quot;&quot;,&quot;focal_length&quot;:&quot;3.59&quot;,&quot;iso&quot;:&quot;834&quot;,&quot;shutter_speed&quot;:&quot;0.058823529411765&quot;,&quot;title&quot;:&quot;&quot;,&quot;orientation&quot;:&quot;1&quot;}\" data-image-title=\"15 Mariano Fressoli 1\" data-image-description=\"\" data-image-caption=\"\" data-large-file=\"https:\/\/www.hoymercedes.com.ar\/principal\/wp-content\/uploads\/2019\/04\/15-Mariano-Fressoli-1.jpg\" src=\"https:\/\/www.hoymercedes.com.ar\/principal\/wp-content\/uploads\/2019\/04\/15-Mariano-Fressoli-1.jpg\" alt=\"\" class=\"wp-image-91388\" srcset=\"https:\/\/www.hoymercedes.com.ar\/principal\/wp-content\/uploads\/2019\/04\/15-Mariano-Fressoli-1.jpg 750w, https:\/\/www.hoymercedes.com.ar\/principal\/wp-content\/uploads\/2019\/04\/15-Mariano-Fressoli-1-150x100.jpg 150w, https:\/\/www.hoymercedes.com.ar\/principal\/wp-content\/uploads\/2019\/04\/15-Mariano-Fressoli-1-630x420.jpg 630w, https:\/\/www.hoymercedes.com.ar\/principal\/wp-content\/uploads\/2019\/04\/15-Mariano-Fressoli-1-720x480.jpg 720w, https:\/\/www.hoymercedes.com.ar\/principal\/wp-content\/uploads\/2019\/04\/15-Mariano-Fressoli-1-360x240.jpg 360w\" sizes=\"auto, (max-width: 750px) 100vw, 750px\" \/><\/figure>\n\n\n\n<p>El Investigador y Soci\u00f3logo\nmercedino invitado por la Asociaci\u00f3n Civil SOS H\u00e1bitat comenz\u00f3 su charla dando\nun panorama general e hist\u00f3rico del uso de la informaci\u00f3n en el marco del\ndesarrollo del conocimiento cient\u00edficos. Utilizaci\u00f3n de la informaci\u00f3n que est\u00e1\ntransitando un nuevo rumbo a partir del desarrollo de las nuevas tecnolog\u00edas en\nmateria de producci\u00f3n de conocimiento e investigaciones cient\u00edficas. <\/p>\n\n\n\n<p>Ante un p\u00fablico en su\nmayor\u00eda estudiantes del nivel superior, Fressoli pas\u00f3 de explicar una primera\netapa de democratizaci\u00f3n del conocimiento en el Renacimiento, a la producci\u00f3n\ncient\u00edfica centralizada, erudita, a un camino que comienza a transitarse en el\nque organizaciones sin fines de lucro y miles de personas que se suman a trav\u00e9s\nde aplicaciones en celulares, permiten la producci\u00f3n de datos y nuevas\ninvestigaciones. <\/p>\n\n\n\n<p>\u00abTodo el tiempo\nhay gente subiendo datos. Hay una producci\u00f3n ciudadana de datos. Hay ejemplos\nde casos en donde la gente se organiza para resolver un problema y que utilizan\nla tecnolog\u00eda. Es la idea de ciencia abierta. Ciencia ciudadana. Usar la\ninteligencia colaborativa para crear m\u00e1s tecnolog\u00edas&nbsp;que produce un cambio\nde escala en el recurso humano para producir conocimiento\u201d, explic\u00f3\nFressoli en la charla del viernes. <\/p>\n\n\n\n<p>Finalmente, inst\u00f3 a los presentes a incursionar en esta nueva forma de investigaci\u00f3n de \u201cciencia abierta y ciudadana\u201d con una modelo de producci\u00f3n de conocimiento continuo y colaborativo. <\/p>\n\n\n\n<figure class=\"wp-block-image\"><img loading=\"lazy\" decoding=\"async\" width=\"750\" height=\"500\" data-attachment-id=\"91389\" data-permalink=\"https:\/\/www.hoymercedes.com.ar\/principal\/2019\/04\/15\/charla-de-fressoli-la-investigacion-cientifica-abierta-y-colaborativa\/15-mariano-fressoli-2\/#main\" data-orig-file=\"https:\/\/www.hoymercedes.com.ar\/principal\/wp-content\/uploads\/2019\/04\/15-Mariano-Fressoli-2.jpg\" data-orig-size=\"750,500\" data-comments-opened=\"0\" data-image-meta=\"{&quot;aperture&quot;:&quot;2&quot;,&quot;credit&quot;:&quot;&quot;,&quot;camera&quot;:&quot;Moto G (5S) Plus&quot;,&quot;caption&quot;:&quot;&quot;,&quot;created_timestamp&quot;:&quot;1555094153&quot;,&quot;copyright&quot;:&quot;&quot;,&quot;focal_length&quot;:&quot;3.59&quot;,&quot;iso&quot;:&quot;859&quot;,&quot;shutter_speed&quot;:&quot;0.058823529411765&quot;,&quot;title&quot;:&quot;&quot;,&quot;orientation&quot;:&quot;1&quot;}\" data-image-title=\"15 Mariano Fressoli 2\" data-image-description=\"\" data-image-caption=\"\" data-large-file=\"https:\/\/www.hoymercedes.com.ar\/principal\/wp-content\/uploads\/2019\/04\/15-Mariano-Fressoli-2.jpg\" src=\"https:\/\/www.hoymercedes.com.ar\/principal\/wp-content\/uploads\/2019\/04\/15-Mariano-Fressoli-2.jpg\" alt=\"\" class=\"wp-image-91389\" srcset=\"https:\/\/www.hoymercedes.com.ar\/principal\/wp-content\/uploads\/2019\/04\/15-Mariano-Fressoli-2.jpg 750w, https:\/\/www.hoymercedes.com.ar\/principal\/wp-content\/uploads\/2019\/04\/15-Mariano-Fressoli-2-150x100.jpg 150w, https:\/\/www.hoymercedes.com.ar\/principal\/wp-content\/uploads\/2019\/04\/15-Mariano-Fressoli-2-630x420.jpg 630w, https:\/\/www.hoymercedes.com.ar\/principal\/wp-content\/uploads\/2019\/04\/15-Mariano-Fressoli-2-720x480.jpg 720w, https:\/\/www.hoymercedes.com.ar\/principal\/wp-content\/uploads\/2019\/04\/15-Mariano-Fressoli-2-360x240.jpg 360w\" sizes=\"auto, (max-width: 750px) 100vw, 750px\" \/><\/figure>\n\n\n\n<p> <\/p>\n","protected":false},"excerpt":{"rendered":"<p>En las \u00faltimas horas de la tarde del viernes, el Museo de Arte de Mercedes fue el espacio elegido para &#8230; <a title=\"Charla de Fressoli: La investigaci\u00f3n cient\u00edfica abierta y colaborativa\" class=\"read-more\" href=\"https:\/\/www.hoymercedes.com.ar\/principal\/2019\/04\/15\/charla-de-fressoli-la-investigacion-cientifica-abierta-y-colaborativa\/\" aria-label=\"Leer m\u00e1s sobre Charla de Fressoli: La investigaci\u00f3n cient\u00edfica abierta y colaborativa\">Leer m\u00e1s<\/a><\/p>\n","protected":false},"author":1,"featured_media":91389,"comment_status":"closed","ping_status":"open","sticky":false,"template":"","format":"standard","meta":{"_monsterinsights_skip_tracking":false,"_monsterinsights_sitenote_active":false,"_monsterinsights_sitenote_note":"","_monsterinsights_sitenote_category":0,"jetpack_post_was_ever_published":false,"_jetpack_newsletter_access":"","_jetpack_dont_email_post_to_subs":false,"_jetpack_newsletter_tier_id":0,"_jetpack_memberships_contains_paywalled_content":false,"_jetpack_memberships_contains_paid_content":false,"footnotes":"","jetpack_publicize_message":"","jetpack_publicize_feature_enabled":true,"jetpack_social_post_already_shared":true,"jetpack_social_options":{"image_generator_settings":{"template":"highway","default_image_id":0,"font":"","enabled":false},"version":2},"_wpas_customize_per_network":false},"categories":[104],"tags":[14876,7805,8674,887],"class_list":["post-91387","post","type-post","status-publish","format-standard","has-post-thumbnail","hentry","category-cultura","tag-ciencia-abierta","tag-cultura","tag-mamm","tag-sos-habitat","generate-columns","tablet-grid-50","mobile-grid-100","grid-parent","grid-50"],"jetpack_publicize_connections":[],"jetpack_featured_media_url":"https:\/\/www.hoymercedes.com.ar\/principal\/wp-content\/uploads\/2019\/04\/15-Mariano-Fressoli-2.jpg","wps_subtitle":"En el MAMM el viernes \u00faltimo","jetpack_sharing_enabled":true,"_links":{"self":[{"href":"https:\/\/www.hoymercedes.com.ar\/principal\/wp-json\/wp\/v2\/posts\/91387","targetHints":{"allow":["GET"]}}],"collection":[{"href":"https:\/\/www.hoymercedes.com.ar\/principal\/wp-json\/wp\/v2\/posts"}],"about":[{"href":"https:\/\/www.hoymercedes.com.ar\/principal\/wp-json\/wp\/v2\/types\/post"}],"author":[{"embeddable":true,"href":"https:\/\/www.hoymercedes.com.ar\/principal\/wp-json\/wp\/v2\/users\/1"}],"replies":[{"embeddable":true,"href":"https:\/\/www.hoymercedes.com.ar\/principal\/wp-json\/wp\/v2\/comments?post=91387"}],"version-history":[{"count":0,"href":"https:\/\/www.hoymercedes.com.ar\/principal\/wp-json\/wp\/v2\/posts\/91387\/revisions"}],"wp:featuredmedia":[{"embeddable":true,"href":"https:\/\/www.hoymercedes.com.ar\/principal\/wp-json\/wp\/v2\/media\/91389"}],"wp:attachment":[{"href":"https:\/\/www.hoymercedes.com.ar\/principal\/wp-json\/wp\/v2\/media?parent=91387"}],"wp:term":[{"taxonomy":"category","embeddable":true,"href":"https:\/\/www.hoymercedes.com.ar\/principal\/wp-json\/wp\/v2\/categories?post=91387"},{"taxonomy":"post_tag","embeddable":true,"href":"https:\/\/www.hoymercedes.com.ar\/principal\/wp-json\/wp\/v2\/tags?post=91387"}],"curies":[{"name":"wp","href":"https:\/\/api.w.org\/{rel}","templated":true}]}}