{"id":91395,"date":"2019-04-16T07:51:45","date_gmt":"2019-04-16T10:51:45","guid":{"rendered":"http:\/\/www.hoymercedes.com.ar\/principal\/?p=91395"},"modified":"2019-04-16T17:00:32","modified_gmt":"2019-04-16T20:00:32","slug":"se-vivio-un-fin-de-semana-con-mucho-deporte-inclusivo","status":"publish","type":"post","link":"https:\/\/www.hoymercedes.com.ar\/principal\/2019\/04\/16\/se-vivio-un-fin-de-semana-con-mucho-deporte-inclusivo\/","title":{"rendered":"Se vivi\u00f3 un fin de semana con mucho deporte inclusivo"},"content":{"rendered":"\n<p>Una vez m\u00e1s representantes mercedinos participaron de distintas disciplinas, cont\u00f3 a Tatiana L\u00f3pez, directora de discapacidad, quien aprovech\u00f3 a \u201cfelicitamos a todos, han sido como siempre un ejemplo y han tenido una gran participaci\u00f3n\u201d, sostuvo la funcionaria entre otros conceptos.<\/p>\n\n\n\n<figure class=\"wp-block-image\"><img loading=\"lazy\" decoding=\"async\" width=\"1024\" height=\"634\" data-attachment-id=\"91396\" data-permalink=\"https:\/\/www.hoymercedes.com.ar\/principal\/2019\/04\/16\/se-vivio-un-fin-de-semana-con-mucho-deporte-inclusivo\/attachment\/78978\/#main\" data-orig-file=\"https:\/\/www.hoymercedes.com.ar\/principal\/wp-content\/uploads\/2019\/04\/78978.jpeg\" data-orig-size=\"1080,669\" data-comments-opened=\"0\" data-image-meta=\"{&quot;aperture&quot;:&quot;0&quot;,&quot;credit&quot;:&quot;&quot;,&quot;camera&quot;:&quot;&quot;,&quot;caption&quot;:&quot;&quot;,&quot;created_timestamp&quot;:&quot;0&quot;,&quot;copyright&quot;:&quot;&quot;,&quot;focal_length&quot;:&quot;0&quot;,&quot;iso&quot;:&quot;0&quot;,&quot;shutter_speed&quot;:&quot;0&quot;,&quot;title&quot;:&quot;&quot;,&quot;orientation&quot;:&quot;0&quot;}\" data-image-title=\"78978\" data-image-description=\"\" data-image-caption=\"\" data-large-file=\"https:\/\/www.hoymercedes.com.ar\/principal\/wp-content\/uploads\/2019\/04\/78978-1024x634.jpeg\" src=\"https:\/\/www.hoymercedes.com.ar\/principal\/wp-content\/uploads\/2019\/04\/78978-1024x634.jpeg\" alt=\"\" class=\"wp-image-91396\" srcset=\"https:\/\/www.hoymercedes.com.ar\/principal\/wp-content\/uploads\/2019\/04\/78978-1024x634.jpeg 1024w, https:\/\/www.hoymercedes.com.ar\/principal\/wp-content\/uploads\/2019\/04\/78978-150x93.jpeg 150w, https:\/\/www.hoymercedes.com.ar\/principal\/wp-content\/uploads\/2019\/04\/78978-630x390.jpeg 630w, https:\/\/www.hoymercedes.com.ar\/principal\/wp-content\/uploads\/2019\/04\/78978.jpeg 1080w\" sizes=\"auto, (max-width: 1024px) 100vw, 1024px\" \/><\/figure>\n\n\n\n<p>El d\u00eda s\u00e1bado se dio inicio al torneo nacional en las instalaciones del Instituto Rom\u00e1n Rosel en San Isidro Bs As de las competencias de Torball. El equipo de Mercedes inici\u00f3 el proceso y continuar\u00e1 siendo una participaci\u00f3n a nivel nacional.<\/p>\n\n\n\n<figure class=\"wp-block-image\"><img loading=\"lazy\" decoding=\"async\" width=\"1024\" height=\"768\" data-attachment-id=\"91397\" data-permalink=\"https:\/\/www.hoymercedes.com.ar\/principal\/2019\/04\/16\/se-vivio-un-fin-de-semana-con-mucho-deporte-inclusivo\/attachment\/7897\/#main\" data-orig-file=\"https:\/\/www.hoymercedes.com.ar\/principal\/wp-content\/uploads\/2019\/04\/7897.jpeg\" data-orig-size=\"1280,960\" data-comments-opened=\"0\" data-image-meta=\"{&quot;aperture&quot;:&quot;0&quot;,&quot;credit&quot;:&quot;&quot;,&quot;camera&quot;:&quot;&quot;,&quot;caption&quot;:&quot;&quot;,&quot;created_timestamp&quot;:&quot;0&quot;,&quot;copyright&quot;:&quot;&quot;,&quot;focal_length&quot;:&quot;0&quot;,&quot;iso&quot;:&quot;0&quot;,&quot;shutter_speed&quot;:&quot;0&quot;,&quot;title&quot;:&quot;&quot;,&quot;orientation&quot;:&quot;0&quot;}\" data-image-title=\"7897\" data-image-description=\"\" data-image-caption=\"\" data-large-file=\"https:\/\/www.hoymercedes.com.ar\/principal\/wp-content\/uploads\/2019\/04\/7897-1024x768.jpeg\" src=\"https:\/\/www.hoymercedes.com.ar\/principal\/wp-content\/uploads\/2019\/04\/7897-1024x768.jpeg\" alt=\"\" class=\"wp-image-91397\" srcset=\"https:\/\/www.hoymercedes.com.ar\/principal\/wp-content\/uploads\/2019\/04\/7897-1024x768.jpeg 1024w, https:\/\/www.hoymercedes.com.ar\/principal\/wp-content\/uploads\/2019\/04\/7897-150x113.jpeg 150w, https:\/\/www.hoymercedes.com.ar\/principal\/wp-content\/uploads\/2019\/04\/7897-630x473.jpeg 630w, https:\/\/www.hoymercedes.com.ar\/principal\/wp-content\/uploads\/2019\/04\/7897-320x240.jpeg 320w, https:\/\/www.hoymercedes.com.ar\/principal\/wp-content\/uploads\/2019\/04\/7897-100x75.jpeg 100w, https:\/\/www.hoymercedes.com.ar\/principal\/wp-content\/uploads\/2019\/04\/7897.jpeg 1280w\" sizes=\"auto, (max-width: 1024px) 100vw, 1024px\" \/><\/figure>\n\n\n\n<p>Otra disciplina que tuvo actividad fue el F\u00fatbol inclusivo (La Academia Inclusiva) que el s\u00e1bado fue parte de la inauguraci\u00f3n de la temporada n\u00famero 22 de la Liga inclusiva de f\u00fatbol en la cual participan 120 equipos de todo el pa\u00eds. Este a\u00f1o son dos los equipos que nos van a representar. \u201cVa creciendo la familia de la Academia Inclusiva y estamos felices\u201d, cont\u00f3 L\u00f3pez<\/p>\n\n\n\n<p>Por su parte, atletismo, cont\u00f3 con la participaci\u00f3n de Romina Fern\u00e1ndez qui\u00e9n actu\u00f3 en lanzamiento de disco, donde realiz\u00f3 una marca de 8.11 metros y la semana pr\u00f3xima participara en lanzamiento de clava.<\/p>\n\n\n\n<figure class=\"wp-block-image\"><img loading=\"lazy\" decoding=\"async\" width=\"1024\" height=\"576\" data-attachment-id=\"91398\" data-permalink=\"https:\/\/www.hoymercedes.com.ar\/principal\/2019\/04\/16\/se-vivio-un-fin-de-semana-con-mucho-deporte-inclusivo\/attachment\/789\/#main\" data-orig-file=\"https:\/\/www.hoymercedes.com.ar\/principal\/wp-content\/uploads\/2019\/04\/789.jpeg\" data-orig-size=\"1032,581\" data-comments-opened=\"0\" data-image-meta=\"{&quot;aperture&quot;:&quot;0&quot;,&quot;credit&quot;:&quot;&quot;,&quot;camera&quot;:&quot;&quot;,&quot;caption&quot;:&quot;&quot;,&quot;created_timestamp&quot;:&quot;0&quot;,&quot;copyright&quot;:&quot;&quot;,&quot;focal_length&quot;:&quot;0&quot;,&quot;iso&quot;:&quot;0&quot;,&quot;shutter_speed&quot;:&quot;0&quot;,&quot;title&quot;:&quot;&quot;,&quot;orientation&quot;:&quot;0&quot;}\" data-image-title=\"789\" data-image-description=\"\" data-image-caption=\"\" data-large-file=\"https:\/\/www.hoymercedes.com.ar\/principal\/wp-content\/uploads\/2019\/04\/789-1024x576.jpeg\" src=\"https:\/\/www.hoymercedes.com.ar\/principal\/wp-content\/uploads\/2019\/04\/789-1024x576.jpeg\" alt=\"\" class=\"wp-image-91398\" srcset=\"https:\/\/www.hoymercedes.com.ar\/principal\/wp-content\/uploads\/2019\/04\/789-1024x576.jpeg 1024w, https:\/\/www.hoymercedes.com.ar\/principal\/wp-content\/uploads\/2019\/04\/789-150x84.jpeg 150w, https:\/\/www.hoymercedes.com.ar\/principal\/wp-content\/uploads\/2019\/04\/789-630x355.jpeg 630w, https:\/\/www.hoymercedes.com.ar\/principal\/wp-content\/uploads\/2019\/04\/789.jpeg 1032w\" sizes=\"auto, (max-width: 1024px) 100vw, 1024px\" \/><\/figure>\n\n\n\n<p>\u201cMuchas gracias a todos los chicos y al equipo de profes por representarnos en todos los torneos y competencias donde participan, un orgullo para nuestra ciudad\u201d afirm\u00f3 Tatiana L\u00f3pez, donde remarc\u00f3 que \u201cqueremos felicitar al gran equipo de profes, nuestras felicitaciones por el trabajo y dedicaci\u00f3n a la ense\u00f1anza de las distintas disciplinas, a Daniela Libares, Trini L\u00f3pez, Rodrigo B\u00e1ez, Maxi Gim\u00e9nez, Sebasti\u00e1n Adorno y Nilda Rebuzzi\u201d mancion\u00f3.&nbsp;<\/p>\n","protected":false},"excerpt":{"rendered":"<p>Una vez m\u00e1s representantes mercedinos participaron de distintas disciplinas, cont\u00f3 a Tatiana L\u00f3pez, directora de discapacidad, quien aprovech\u00f3 a \u201cfelicitamos &#8230; <a title=\"Se vivi\u00f3 un fin de semana con mucho deporte inclusivo\" class=\"read-more\" href=\"https:\/\/www.hoymercedes.com.ar\/principal\/2019\/04\/16\/se-vivio-un-fin-de-semana-con-mucho-deporte-inclusivo\/\" aria-label=\"Leer m\u00e1s sobre Se vivi\u00f3 un fin de semana con mucho deporte inclusivo\">Leer m\u00e1s<\/a><\/p>\n","protected":false},"author":1,"featured_media":91396,"comment_status":"closed","ping_status":"open","sticky":false,"template":"","format":"standard","meta":{"_monsterinsights_skip_tracking":false,"_monsterinsights_sitenote_active":false,"_monsterinsights_sitenote_note":"","_monsterinsights_sitenote_category":0,"jetpack_post_was_ever_published":false,"_jetpack_newsletter_access":"","_jetpack_dont_email_post_to_subs":false,"_jetpack_newsletter_tier_id":0,"_jetpack_memberships_contains_paywalled_content":false,"_jetpack_memberships_contains_paid_content":false,"footnotes":"","jetpack_publicize_message":"","jetpack_publicize_feature_enabled":true,"jetpack_social_post_already_shared":true,"jetpack_social_options":{"image_generator_settings":{"template":"highway","default_image_id":0,"font":"","enabled":false},"version":2},"_wpas_customize_per_network":false},"categories":[21],"tags":[14886,244],"class_list":["post-91395","post","type-post","status-publish","format-standard","has-post-thumbnail","hentry","category-deportes","tag-deporte-inclusivo","tag-municipio-2","generate-columns","tablet-grid-50","mobile-grid-100","grid-parent","grid-50"],"jetpack_publicize_connections":[],"jetpack_featured_media_url":"https:\/\/www.hoymercedes.com.ar\/principal\/wp-content\/uploads\/2019\/04\/78978.jpeg","wps_subtitle":"","jetpack_sharing_enabled":true,"_links":{"self":[{"href":"https:\/\/www.hoymercedes.com.ar\/principal\/wp-json\/wp\/v2\/posts\/91395","targetHints":{"allow":["GET"]}}],"collection":[{"href":"https:\/\/www.hoymercedes.com.ar\/principal\/wp-json\/wp\/v2\/posts"}],"about":[{"href":"https:\/\/www.hoymercedes.com.ar\/principal\/wp-json\/wp\/v2\/types\/post"}],"author":[{"embeddable":true,"href":"https:\/\/www.hoymercedes.com.ar\/principal\/wp-json\/wp\/v2\/users\/1"}],"replies":[{"embeddable":true,"href":"https:\/\/www.hoymercedes.com.ar\/principal\/wp-json\/wp\/v2\/comments?post=91395"}],"version-history":[{"count":0,"href":"https:\/\/www.hoymercedes.com.ar\/principal\/wp-json\/wp\/v2\/posts\/91395\/revisions"}],"wp:featuredmedia":[{"embeddable":true,"href":"https:\/\/www.hoymercedes.com.ar\/principal\/wp-json\/wp\/v2\/media\/91396"}],"wp:attachment":[{"href":"https:\/\/www.hoymercedes.com.ar\/principal\/wp-json\/wp\/v2\/media?parent=91395"}],"wp:term":[{"taxonomy":"category","embeddable":true,"href":"https:\/\/www.hoymercedes.com.ar\/principal\/wp-json\/wp\/v2\/categories?post=91395"},{"taxonomy":"post_tag","embeddable":true,"href":"https:\/\/www.hoymercedes.com.ar\/principal\/wp-json\/wp\/v2\/tags?post=91395"}],"curies":[{"name":"wp","href":"https:\/\/api.w.org\/{rel}","templated":true}]}}