{"id":91404,"date":"2019-04-16T14:23:07","date_gmt":"2019-04-16T17:23:07","guid":{"rendered":"http:\/\/www.hoymercedes.com.ar\/principal\/?p=91404"},"modified":"2019-04-15T19:28:52","modified_gmt":"2019-04-15T22:28:52","slug":"se-disputo-la-segunda-jornada-con-varias-goleadas","status":"publish","type":"post","link":"https:\/\/www.hoymercedes.com.ar\/principal\/2019\/04\/16\/se-disputo-la-segunda-jornada-con-varias-goleadas\/","title":{"rendered":"Se disput\u00f3 la segunda jornada con varias goleadas"},"content":{"rendered":"\n<p>Se complet\u00f3 de manera correcta y m\u00e1s que organizada una nueva fecha del certamen del predio de la prolongaci\u00f3n de Avenida 29. Desde las 21, en la Villa Deportiva la Brava, los equipos participantes comenzaron a batallar entre s\u00ed con tan solo un objetivo: Obtener la clasificaci\u00f3n para el regional que se concretar\u00e1 en junio, y el mismo dar\u00e1 un lugar a la Copa Nacional de Campeones de F\u00fatbol Amateur.<\/p>\n\n\n\n<figure class=\"wp-block-image\"><img loading=\"lazy\" decoding=\"async\" width=\"768\" height=\"1024\" data-attachment-id=\"91405\" data-permalink=\"https:\/\/www.hoymercedes.com.ar\/principal\/2019\/04\/16\/se-disputo-la-segunda-jornada-con-varias-goleadas\/facundo-ferreyra-jpg\/#main\" data-orig-file=\"https:\/\/www.hoymercedes.com.ar\/principal\/wp-content\/uploads\/2019\/04\/facundo-ferreyra.jpg.jpg\" data-orig-size=\"774,1032\" data-comments-opened=\"0\" data-image-meta=\"{&quot;aperture&quot;:&quot;0&quot;,&quot;credit&quot;:&quot;&quot;,&quot;camera&quot;:&quot;&quot;,&quot;caption&quot;:&quot;&quot;,&quot;created_timestamp&quot;:&quot;0&quot;,&quot;copyright&quot;:&quot;&quot;,&quot;focal_length&quot;:&quot;0&quot;,&quot;iso&quot;:&quot;0&quot;,&quot;shutter_speed&quot;:&quot;0&quot;,&quot;title&quot;:&quot;&quot;,&quot;orientation&quot;:&quot;0&quot;}\" data-image-title=\"facundo ferreyra.jpg\" data-image-description=\"\" data-image-caption=\"\" data-large-file=\"https:\/\/www.hoymercedes.com.ar\/principal\/wp-content\/uploads\/2019\/04\/facundo-ferreyra.jpg-768x1024.jpg\" src=\"https:\/\/www.hoymercedes.com.ar\/principal\/wp-content\/uploads\/2019\/04\/facundo-ferreyra.jpg-768x1024.jpg\" alt=\"\" class=\"wp-image-91405\" srcset=\"https:\/\/www.hoymercedes.com.ar\/principal\/wp-content\/uploads\/2019\/04\/facundo-ferreyra.jpg-768x1024.jpg 768w, https:\/\/www.hoymercedes.com.ar\/principal\/wp-content\/uploads\/2019\/04\/facundo-ferreyra.jpg-113x150.jpg 113w, https:\/\/www.hoymercedes.com.ar\/principal\/wp-content\/uploads\/2019\/04\/facundo-ferreyra.jpg-465x620.jpg 465w, https:\/\/www.hoymercedes.com.ar\/principal\/wp-content\/uploads\/2019\/04\/facundo-ferreyra.jpg.jpg 774w\" sizes=\"auto, (max-width: 768px) 100vw, 768px\" \/><\/figure>\n\n\n\n<p>En lo que correspondi\u00f3 a la zona A, Pe\u00f1aloza FC abri\u00f3 la jornada de manera categ\u00f3rica contra CDG FC, en donde se impuso por cinco a dos. En el encuentro, Sebasti\u00e1n Romero tuvo una destacada actuaci\u00f3n con un magn\u00edfico doblete, en lo que fue un partido muy trabado y disputado, hasta que Pe\u00f1aloza FC pudo sacar ventaja y cerrar la historia. Por su parte, Puty Club sigue en la primera colocaci\u00f3n. Acumula dos victorias al hilo. En esta ocasi\u00f3n jug\u00f3 un partidazo ante SA San Mart\u00edn, en lo que fue una real lluvia de goles, termin\u00f3 siete a cinco en favor de \u00ablos de la f\u00e1brica\u00ab. Por \u00faltimo, Deportivo Benedetti, otro de los punteros, sum\u00f3 de a tres ante De Rabona.<\/p>\n\n\n\n<p>En el Grupo B, Racchi FC apabull\u00f3 ferozmente a los Ftir\u00e1pteros por siete a tres. Mateo Gaynor fue el m\u00e1s destacado de Racchi FC, tras anotar una tripleta de tantos. Tamo Activo le proporcion\u00f3 a Deportivo Uri la gran goleada de la noche. Fue trece a uno y puntaje perfecto para estar m\u00e1s que activos en la cima de la tabla de posiciones. Nicol\u00e1s Coria y Sebasti\u00e1n Mu\u00f1\u00f3z anotaron cuatro tantos cada uno.<\/p>\n\n\n\n<p>La Pesada sigue mostrando su sello de calidad y de verdadero campe\u00f3n. Los de Abajo no pudieron hacer nada para frenar a su rival, quien termin\u00f3 con el triunfo por siete a dos. Al rojo vivo sigue la tabla de goleadores. Sebasti\u00e1n Mu\u00f1\u00f3z (Tamo Aactivo) encabeza la misma con 9 goles, segundos Nicol\u00e1s Coria (Tamo Activo) y Jonatan Ullua (Deportivo Benedetti) 7 tantos, y tercero Francisco Gorosito (El Puty Club), quien suma 6.<\/p>\n\n\n\n<p>Resultados completos:<\/p>\n\n\n\n<p>Racchi FC: 7 (Mateo Gaynor 3, Pablo Mart\u00ednez, Maximiliano Mora)<\/p>\n\n\n\n<p>Los Ftir\u00e1pteros: 3 (Federico Barco 2, Agust\u00edn Blanco)<\/p>\n\n\n\n<p>Deportivo Uri: 1 (Del Bianco Federico)<\/p>\n\n\n\n<p>Tamo Activo: 13 (Nicol\u00e1s Coria 4, Sebasti\u00e1n Mu\u00f1\u00f3z 4, El\u00edas Mu\u00f1\u00f3z 2, Enzo Romero 2, Samuel Borjas)<\/p>\n\n\n\n<p>Los de Abajo: 2 (Luciano Perruolo, Mat\u00edas Perruolo)<\/p>\n\n\n\n<p>La Pesada FC: 7 (Alejandro Carrera 2, Juan Resqu\u00edn 2, Gabriel Hern\u00e1ndez, Lautaro Villabona, Diego Villareal)<\/p>\n\n\n\n<p>Pe\u00f1aloza FC: 5 (Sebasti\u00e1n Romero 2, Ezequiel Villareal, Nicol\u00e1s Paniagua, Nicol\u00e1s Romero)<\/p>\n\n\n\n<p>CDG FC: 2 (Francisco Deniz 2)<\/p>\n\n\n\n<p>El Puty Club: 7 (Hugo Rodr\u00edguez 4, Francisco Gorosito 2, Nicol\u00e1s Gorosito, Emiliano Saavedra)<\/p>\n\n\n\n<p>S A San Mart\u00edn: 5 (Luciano Aveni 4, Luis Bruneti)<\/p>\n\n\n\n<p>Deportvio Benedetti: 3<\/p>\n\n\n\n<p>De Rabona: 0 (no se present\u00f3)<\/p>\n\n\n\n<p>Libre: Zona Roja<\/p>\n\n\n\n<p>Pr\u00f3xima fecha<\/p>\n\n\n\n<p>Fecha 3<\/p>\n\n\n\n<p>21 S A San Mart\u00edn vs Deportvio Benedetti, Tamo Activo vs Los Ftir\u00e1pteros<\/p>\n\n\n\n<p>22 De Rabona vs Pe\u00f1aloza FC, Los De Abajo vs Racchi FC<\/p>\n\n\n\n<p>23 CDG FC vs Zona Roja, La Pesada FC vs Deportivo Uri<\/p>\n\n\n\n<div class=\"wp-block-image\"><figure class=\"aligncenter\"><img loading=\"lazy\" decoding=\"async\" width=\"462\" height=\"460\" data-attachment-id=\"91406\" data-permalink=\"https:\/\/www.hoymercedes.com.ar\/principal\/2019\/04\/16\/se-disputo-la-segunda-jornada-con-varias-goleadas\/imagen-tabla-la-brava-fecha-2\/#main\" data-orig-file=\"https:\/\/www.hoymercedes.com.ar\/principal\/wp-content\/uploads\/2019\/04\/imagen-tabla-la-brava-fecha-2.png\" data-orig-size=\"462,460\" data-comments-opened=\"0\" data-image-meta=\"{&quot;aperture&quot;:&quot;0&quot;,&quot;credit&quot;:&quot;&quot;,&quot;camera&quot;:&quot;&quot;,&quot;caption&quot;:&quot;&quot;,&quot;created_timestamp&quot;:&quot;0&quot;,&quot;copyright&quot;:&quot;&quot;,&quot;focal_length&quot;:&quot;0&quot;,&quot;iso&quot;:&quot;0&quot;,&quot;shutter_speed&quot;:&quot;0&quot;,&quot;title&quot;:&quot;&quot;,&quot;orientation&quot;:&quot;0&quot;}\" data-image-title=\"imagen tabla la brava fecha 2\" data-image-description=\"\" data-image-caption=\"\" data-large-file=\"https:\/\/www.hoymercedes.com.ar\/principal\/wp-content\/uploads\/2019\/04\/imagen-tabla-la-brava-fecha-2.png\" src=\"https:\/\/www.hoymercedes.com.ar\/principal\/wp-content\/uploads\/2019\/04\/imagen-tabla-la-brava-fecha-2.png\" alt=\"\" class=\"wp-image-91406\" srcset=\"https:\/\/www.hoymercedes.com.ar\/principal\/wp-content\/uploads\/2019\/04\/imagen-tabla-la-brava-fecha-2.png 462w, https:\/\/www.hoymercedes.com.ar\/principal\/wp-content\/uploads\/2019\/04\/imagen-tabla-la-brava-fecha-2-150x150.png 150w, https:\/\/www.hoymercedes.com.ar\/principal\/wp-content\/uploads\/2019\/04\/imagen-tabla-la-brava-fecha-2-100x100.png 100w\" sizes=\"auto, (max-width: 462px) 100vw, 462px\" \/><\/figure><\/div>\n","protected":false},"excerpt":{"rendered":"<p>Se complet\u00f3 de manera correcta y m\u00e1s que organizada una nueva fecha del certamen del predio de la prolongaci\u00f3n de &#8230; <a title=\"Se disput\u00f3 la segunda jornada con varias goleadas\" class=\"read-more\" href=\"https:\/\/www.hoymercedes.com.ar\/principal\/2019\/04\/16\/se-disputo-la-segunda-jornada-con-varias-goleadas\/\" aria-label=\"Leer m\u00e1s sobre Se disput\u00f3 la segunda jornada con varias goleadas\">Leer m\u00e1s<\/a><\/p>\n","protected":false},"author":1,"featured_media":91405,"comment_status":"closed","ping_status":"open","sticky":false,"template":"","format":"standard","meta":{"_monsterinsights_skip_tracking":false,"_monsterinsights_sitenote_active":false,"_monsterinsights_sitenote_note":"","_monsterinsights_sitenote_category":0,"jetpack_post_was_ever_published":false,"_jetpack_newsletter_access":"","_jetpack_dont_email_post_to_subs":false,"_jetpack_newsletter_tier_id":0,"_jetpack_memberships_contains_paywalled_content":false,"_jetpack_memberships_contains_paid_content":false,"footnotes":"","jetpack_publicize_message":"","jetpack_publicize_feature_enabled":true,"jetpack_social_post_already_shared":true,"jetpack_social_options":{"image_generator_settings":{"template":"highway","default_image_id":0,"font":"","enabled":false},"version":2},"_wpas_customize_per_network":false},"categories":[21],"tags":[12957,14583],"class_list":["post-91404","post","type-post","status-publish","format-standard","has-post-thumbnail","hentry","category-deportes","tag-futbol-amateur","tag-la-brava-villa-deportiva","generate-columns","tablet-grid-50","mobile-grid-100","grid-parent","grid-50"],"jetpack_publicize_connections":[],"jetpack_featured_media_url":"https:\/\/www.hoymercedes.com.ar\/principal\/wp-content\/uploads\/2019\/04\/facundo-ferreyra.jpg.jpg","wps_subtitle":"Torneo la Brava Villa Deportiva","jetpack_sharing_enabled":true,"_links":{"self":[{"href":"https:\/\/www.hoymercedes.com.ar\/principal\/wp-json\/wp\/v2\/posts\/91404","targetHints":{"allow":["GET"]}}],"collection":[{"href":"https:\/\/www.hoymercedes.com.ar\/principal\/wp-json\/wp\/v2\/posts"}],"about":[{"href":"https:\/\/www.hoymercedes.com.ar\/principal\/wp-json\/wp\/v2\/types\/post"}],"author":[{"embeddable":true,"href":"https:\/\/www.hoymercedes.com.ar\/principal\/wp-json\/wp\/v2\/users\/1"}],"replies":[{"embeddable":true,"href":"https:\/\/www.hoymercedes.com.ar\/principal\/wp-json\/wp\/v2\/comments?post=91404"}],"version-history":[{"count":0,"href":"https:\/\/www.hoymercedes.com.ar\/principal\/wp-json\/wp\/v2\/posts\/91404\/revisions"}],"wp:featuredmedia":[{"embeddable":true,"href":"https:\/\/www.hoymercedes.com.ar\/principal\/wp-json\/wp\/v2\/media\/91405"}],"wp:attachment":[{"href":"https:\/\/www.hoymercedes.com.ar\/principal\/wp-json\/wp\/v2\/media?parent=91404"}],"wp:term":[{"taxonomy":"category","embeddable":true,"href":"https:\/\/www.hoymercedes.com.ar\/principal\/wp-json\/wp\/v2\/categories?post=91404"},{"taxonomy":"post_tag","embeddable":true,"href":"https:\/\/www.hoymercedes.com.ar\/principal\/wp-json\/wp\/v2\/tags?post=91404"}],"curies":[{"name":"wp","href":"https:\/\/api.w.org\/{rel}","templated":true}]}}