{"id":91426,"date":"2019-04-17T11:48:18","date_gmt":"2019-04-17T14:48:18","guid":{"rendered":"http:\/\/www.hoymercedes.com.ar\/principal\/?p=91426"},"modified":"2019-04-15T20:59:32","modified_gmt":"2019-04-15T23:59:32","slug":"un-triunfo-y-una-derrota-de-la-escuela-de-futsal-ante-nueva-chicago","status":"publish","type":"post","link":"https:\/\/www.hoymercedes.com.ar\/principal\/2019\/04\/17\/un-triunfo-y-una-derrota-de-la-escuela-de-futsal-ante-nueva-chicago\/","title":{"rendered":"Un triunfo y una derrota de la Escuela de Futsal ante Nueva Chicago"},"content":{"rendered":"\n<p>Por la cuarta fecha de la Liga BAFI, la Escuela Municipal de Futsal viaj\u00f3 al barrio porte\u00f1o de Mataderos para visitar a Nueva Chicago en las categor\u00edas Reserva y Primera, ganando en una y perdiendo en la mayor. Mercedes integra el Grupo F del torneo, hoy liderado por Monte Viejo y JUVA en Primera, donde la EMF est\u00e1 d\u00e9cima y en Reserva, segundo, detras de JUVA<\/p>\n\n\n\n<figure class=\"wp-block-image\"><img loading=\"lazy\" decoding=\"async\" width=\"960\" height=\"955\" data-attachment-id=\"91427\" data-permalink=\"https:\/\/www.hoymercedes.com.ar\/principal\/2019\/04\/17\/un-triunfo-y-una-derrota-de-la-escuela-de-futsal-ante-nueva-chicago\/futsal-reserva-fecha-1-2\/#main\" data-orig-file=\"https:\/\/www.hoymercedes.com.ar\/principal\/wp-content\/uploads\/2019\/04\/Futsal-Reserva-fecha-1.jpg\" data-orig-size=\"960,955\" data-comments-opened=\"0\" data-image-meta=\"{&quot;aperture&quot;:&quot;0&quot;,&quot;credit&quot;:&quot;&quot;,&quot;camera&quot;:&quot;&quot;,&quot;caption&quot;:&quot;&quot;,&quot;created_timestamp&quot;:&quot;0&quot;,&quot;copyright&quot;:&quot;&quot;,&quot;focal_length&quot;:&quot;0&quot;,&quot;iso&quot;:&quot;0&quot;,&quot;shutter_speed&quot;:&quot;0&quot;,&quot;title&quot;:&quot;&quot;,&quot;orientation&quot;:&quot;0&quot;}\" data-image-title=\"Futsal Reserva fecha 1\" data-image-description=\"\" data-image-caption=\"\" data-large-file=\"https:\/\/www.hoymercedes.com.ar\/principal\/wp-content\/uploads\/2019\/04\/Futsal-Reserva-fecha-1.jpg\" src=\"https:\/\/www.hoymercedes.com.ar\/principal\/wp-content\/uploads\/2019\/04\/Futsal-Reserva-fecha-1.jpg\" alt=\"\" class=\"wp-image-91427\" srcset=\"https:\/\/www.hoymercedes.com.ar\/principal\/wp-content\/uploads\/2019\/04\/Futsal-Reserva-fecha-1.jpg 960w, https:\/\/www.hoymercedes.com.ar\/principal\/wp-content\/uploads\/2019\/04\/Futsal-Reserva-fecha-1-150x150.jpg 150w, https:\/\/www.hoymercedes.com.ar\/principal\/wp-content\/uploads\/2019\/04\/Futsal-Reserva-fecha-1-623x620.jpg 623w, https:\/\/www.hoymercedes.com.ar\/principal\/wp-content\/uploads\/2019\/04\/Futsal-Reserva-fecha-1-100x100.jpg 100w\" sizes=\"auto, (max-width: 960px) 100vw, 960px\" \/><\/figure>\n\n\n\n<p>En Tercera ganaron los mercedinos por 5 a 3 con los tantos de Tom\u00e1s Zamb\u00f3n en dos oportunidades, Mart\u00edn Casco, Gonzalo Maciel y Diego Mart\u00ednez. El equipo lo conformaron tambi\u00e9n Mat\u00edas Garc\u00eda, Franco Maciel, Cristian Barroca, Nahuel Artale y Lucas Ayala.<\/p>\n\n\n\n<p>Ya en Primera gan\u00f3 el local 5 a 3, los tantos mercedinos: Hern\u00e1n Heredia y Emiliano Cabrera dos conversiones. Los restantes integrantes del equipo de Primera: Pedro Bocco, Mariano Ramos, Mat\u00edas Ben\u00edtez, Maximiliano Ramos y Angel Silva.<\/p>\n","protected":false},"excerpt":{"rendered":"<p>Por la cuarta fecha de la Liga BAFI, la Escuela Municipal de Futsal viaj\u00f3 al barrio porte\u00f1o de Mataderos para &#8230; <a title=\"Un triunfo y una derrota de la Escuela de Futsal ante Nueva Chicago\" class=\"read-more\" href=\"https:\/\/www.hoymercedes.com.ar\/principal\/2019\/04\/17\/un-triunfo-y-una-derrota-de-la-escuela-de-futsal-ante-nueva-chicago\/\" aria-label=\"Leer m\u00e1s sobre Un triunfo y una derrota de la Escuela de Futsal ante Nueva Chicago\">Leer m\u00e1s<\/a><\/p>\n","protected":false},"author":1,"featured_media":91427,"comment_status":"closed","ping_status":"open","sticky":false,"template":"","format":"standard","meta":{"_monsterinsights_skip_tracking":false,"_monsterinsights_sitenote_active":false,"_monsterinsights_sitenote_note":"","_monsterinsights_sitenote_category":0,"jetpack_post_was_ever_published":false,"_jetpack_newsletter_access":"","_jetpack_dont_email_post_to_subs":false,"_jetpack_newsletter_tier_id":0,"_jetpack_memberships_contains_paywalled_content":false,"_jetpack_memberships_contains_paid_content":false,"footnotes":"","jetpack_publicize_message":"","jetpack_publicize_feature_enabled":true,"jetpack_social_post_already_shared":true,"jetpack_social_options":{"image_generator_settings":{"template":"highway","default_image_id":0,"font":"","enabled":false},"version":2},"_wpas_customize_per_network":false},"categories":[21],"tags":[14881,13563],"class_list":["post-91426","post","type-post","status-publish","format-standard","has-post-thumbnail","hentry","category-deportes","tag-escuela-municipal-de-futsal","tag-futsal","generate-columns","tablet-grid-50","mobile-grid-100","grid-parent","grid-50"],"jetpack_publicize_connections":[],"jetpack_featured_media_url":"https:\/\/www.hoymercedes.com.ar\/principal\/wp-content\/uploads\/2019\/04\/Futsal-Reserva-fecha-1.jpg","wps_subtitle":"Futsal","jetpack_sharing_enabled":true,"_links":{"self":[{"href":"https:\/\/www.hoymercedes.com.ar\/principal\/wp-json\/wp\/v2\/posts\/91426","targetHints":{"allow":["GET"]}}],"collection":[{"href":"https:\/\/www.hoymercedes.com.ar\/principal\/wp-json\/wp\/v2\/posts"}],"about":[{"href":"https:\/\/www.hoymercedes.com.ar\/principal\/wp-json\/wp\/v2\/types\/post"}],"author":[{"embeddable":true,"href":"https:\/\/www.hoymercedes.com.ar\/principal\/wp-json\/wp\/v2\/users\/1"}],"replies":[{"embeddable":true,"href":"https:\/\/www.hoymercedes.com.ar\/principal\/wp-json\/wp\/v2\/comments?post=91426"}],"version-history":[{"count":0,"href":"https:\/\/www.hoymercedes.com.ar\/principal\/wp-json\/wp\/v2\/posts\/91426\/revisions"}],"wp:featuredmedia":[{"embeddable":true,"href":"https:\/\/www.hoymercedes.com.ar\/principal\/wp-json\/wp\/v2\/media\/91427"}],"wp:attachment":[{"href":"https:\/\/www.hoymercedes.com.ar\/principal\/wp-json\/wp\/v2\/media?parent=91426"}],"wp:term":[{"taxonomy":"category","embeddable":true,"href":"https:\/\/www.hoymercedes.com.ar\/principal\/wp-json\/wp\/v2\/categories?post=91426"},{"taxonomy":"post_tag","embeddable":true,"href":"https:\/\/www.hoymercedes.com.ar\/principal\/wp-json\/wp\/v2\/tags?post=91426"}],"curies":[{"name":"wp","href":"https:\/\/api.w.org\/{rel}","templated":true}]}}