{"id":91447,"date":"2019-04-16T16:08:58","date_gmt":"2019-04-16T19:08:58","guid":{"rendered":"http:\/\/www.hoymercedes.com.ar\/principal\/?p=91447"},"modified":"2019-04-16T16:33:54","modified_gmt":"2019-04-16T19:33:54","slug":"ingenieros-de-provincia-analizan-el-estado-de-la-catedral","status":"publish","type":"post","link":"https:\/\/www.hoymercedes.com.ar\/principal\/2019\/04\/16\/ingenieros-de-provincia-analizan-el-estado-de-la-catedral\/","title":{"rendered":"Ingenieros de provincia analizan el estado de la Catedral"},"content":{"rendered":"\n<p>En horas del mediod\u00eda de este martes, la Bas\u00edlica Catedral de Mercedes recibi\u00f3 a los Ingenieros de Infraestructura de la Provincia de Buenos Aires l<a href=\"https:\/\/www.hoymercedes.com.ar\/principal\/2019\/04\/10\/haran-un-informe-de-la-basilica-catedral-ante-la-necesidad-de-arreglos-en-el-interior-del-edificio\/\" target=\"_blank\" rel=\"noreferrer noopener\" aria-label=\"uego de las gestiones iniciadas (opens in a new tab)\">uego de las gestiones iniciadas<\/a> para realizar arreglos en uno de los templos principales de la Arquidi\u00f3scesis Mercedes &#8211; Luj\u00e1n. <\/p>\n\n\n\n<figure class=\"wp-block-image\"><img loading=\"lazy\" decoding=\"async\" width=\"750\" height=\"500\" data-attachment-id=\"91451\" data-permalink=\"https:\/\/www.hoymercedes.com.ar\/principal\/2019\/04\/16\/ingenieros-de-provincia-analizan-el-estado-de-la-catedral\/16-catedral-4\/#main\" data-orig-file=\"https:\/\/www.hoymercedes.com.ar\/principal\/wp-content\/uploads\/2019\/04\/16-catedral-4.jpg\" data-orig-size=\"750,500\" data-comments-opened=\"0\" data-image-meta=\"{&quot;aperture&quot;:&quot;0&quot;,&quot;credit&quot;:&quot;&quot;,&quot;camera&quot;:&quot;&quot;,&quot;caption&quot;:&quot;&quot;,&quot;created_timestamp&quot;:&quot;0&quot;,&quot;copyright&quot;:&quot;&quot;,&quot;focal_length&quot;:&quot;0&quot;,&quot;iso&quot;:&quot;0&quot;,&quot;shutter_speed&quot;:&quot;0&quot;,&quot;title&quot;:&quot;&quot;,&quot;orientation&quot;:&quot;0&quot;}\" data-image-title=\"16 catedral 4\" data-image-description=\"\" data-image-caption=\"\" data-large-file=\"https:\/\/www.hoymercedes.com.ar\/principal\/wp-content\/uploads\/2019\/04\/16-catedral-4.jpg\" src=\"https:\/\/www.hoymercedes.com.ar\/principal\/wp-content\/uploads\/2019\/04\/16-catedral-4.jpg\" alt=\"\" class=\"wp-image-91451\" srcset=\"https:\/\/www.hoymercedes.com.ar\/principal\/wp-content\/uploads\/2019\/04\/16-catedral-4.jpg 750w, https:\/\/www.hoymercedes.com.ar\/principal\/wp-content\/uploads\/2019\/04\/16-catedral-4-150x100.jpg 150w, https:\/\/www.hoymercedes.com.ar\/principal\/wp-content\/uploads\/2019\/04\/16-catedral-4-630x420.jpg 630w, https:\/\/www.hoymercedes.com.ar\/principal\/wp-content\/uploads\/2019\/04\/16-catedral-4-720x480.jpg 720w, https:\/\/www.hoymercedes.com.ar\/principal\/wp-content\/uploads\/2019\/04\/16-catedral-4-360x240.jpg 360w\" sizes=\"auto, (max-width: 750px) 100vw, 750px\" \/><\/figure>\n\n\n\n<p>Concluido el recorrido de los profesionales, el Padre Juan Carlos Bouzzo, nuevo p\u00e1rroco de la Catedral, cont\u00f3 que los ingenieros hicieron una primera visita a la iglesia e hicieron una visi\u00f3n general de la situaci\u00f3n. La pr\u00f3xima semana volver\u00e1n a venir otros t\u00e9cnicos de la provincia especializados en otras \u00e1reas de la arquitectura. <\/p>\n\n\n\n<p>\u00abUna vez que tengamos reunidas todas las miradas, las plasmar\u00e1n en un informe detallado de la situaci\u00f3n edilicia, sabremos mejor los general y lo necesario a remodelar para analizar el presupuesto. Otra etapa, otra gesti\u00f3n  para la restauraci\u00f3n\u00bb, destac\u00f3 el sacerdote. <\/p>\n\n\n\n<figure class=\"wp-block-image\"><img loading=\"lazy\" decoding=\"async\" width=\"750\" height=\"501\" data-attachment-id=\"91450\" data-permalink=\"https:\/\/www.hoymercedes.com.ar\/principal\/2019\/04\/16\/ingenieros-de-provincia-analizan-el-estado-de-la-catedral\/16-catedral-3\/#main\" data-orig-file=\"https:\/\/www.hoymercedes.com.ar\/principal\/wp-content\/uploads\/2019\/04\/16-catedral-3.jpg\" data-orig-size=\"750,501\" data-comments-opened=\"0\" data-image-meta=\"{&quot;aperture&quot;:&quot;0&quot;,&quot;credit&quot;:&quot;&quot;,&quot;camera&quot;:&quot;&quot;,&quot;caption&quot;:&quot;&quot;,&quot;created_timestamp&quot;:&quot;0&quot;,&quot;copyright&quot;:&quot;&quot;,&quot;focal_length&quot;:&quot;0&quot;,&quot;iso&quot;:&quot;0&quot;,&quot;shutter_speed&quot;:&quot;0&quot;,&quot;title&quot;:&quot;&quot;,&quot;orientation&quot;:&quot;0&quot;}\" data-image-title=\"16 catedral 3\" data-image-description=\"\" data-image-caption=\"\" data-large-file=\"https:\/\/www.hoymercedes.com.ar\/principal\/wp-content\/uploads\/2019\/04\/16-catedral-3.jpg\" src=\"https:\/\/www.hoymercedes.com.ar\/principal\/wp-content\/uploads\/2019\/04\/16-catedral-3.jpg\" alt=\"\" class=\"wp-image-91450\" srcset=\"https:\/\/www.hoymercedes.com.ar\/principal\/wp-content\/uploads\/2019\/04\/16-catedral-3.jpg 750w, https:\/\/www.hoymercedes.com.ar\/principal\/wp-content\/uploads\/2019\/04\/16-catedral-3-150x100.jpg 150w, https:\/\/www.hoymercedes.com.ar\/principal\/wp-content\/uploads\/2019\/04\/16-catedral-3-630x421.jpg 630w, https:\/\/www.hoymercedes.com.ar\/principal\/wp-content\/uploads\/2019\/04\/16-catedral-3-720x480.jpg 720w, https:\/\/www.hoymercedes.com.ar\/principal\/wp-content\/uploads\/2019\/04\/16-catedral-3-360x240.jpg 360w\" sizes=\"auto, (max-width: 750px) 100vw, 750px\" \/><\/figure>\n\n\n\n<p>Restauraci\u00f3n que cabe recordar tambi\u00e9n ser\u00eda necesario consultar con el \u00e1rea de Museos y Patrimonio Nacional ya que la Bas\u00edlica Catedral de Mercedes fue declarada Patrimonio Nacional. Es por eso que el a\u00f1o pasado, se hicieron presentes arquitectos y fot\u00f3grafos para la actualizaci\u00f3n de las im\u00e1genes del patrimonio hist\u00f3rico.  <\/p>\n\n\n\n<figure class=\"wp-block-image\"><img loading=\"lazy\" decoding=\"async\" width=\"750\" height=\"500\" data-attachment-id=\"91448\" data-permalink=\"https:\/\/www.hoymercedes.com.ar\/principal\/2019\/04\/16\/ingenieros-de-provincia-analizan-el-estado-de-la-catedral\/16-catedral-1\/#main\" data-orig-file=\"https:\/\/www.hoymercedes.com.ar\/principal\/wp-content\/uploads\/2019\/04\/16-catedral-1.jpg\" data-orig-size=\"750,500\" data-comments-opened=\"0\" data-image-meta=\"{&quot;aperture&quot;:&quot;0&quot;,&quot;credit&quot;:&quot;&quot;,&quot;camera&quot;:&quot;&quot;,&quot;caption&quot;:&quot;&quot;,&quot;created_timestamp&quot;:&quot;0&quot;,&quot;copyright&quot;:&quot;&quot;,&quot;focal_length&quot;:&quot;0&quot;,&quot;iso&quot;:&quot;0&quot;,&quot;shutter_speed&quot;:&quot;0&quot;,&quot;title&quot;:&quot;&quot;,&quot;orientation&quot;:&quot;0&quot;}\" data-image-title=\"16 catedral 1\" data-image-description=\"\" data-image-caption=\"\" data-large-file=\"https:\/\/www.hoymercedes.com.ar\/principal\/wp-content\/uploads\/2019\/04\/16-catedral-1.jpg\" src=\"https:\/\/www.hoymercedes.com.ar\/principal\/wp-content\/uploads\/2019\/04\/16-catedral-1.jpg\" alt=\"\" class=\"wp-image-91448\" srcset=\"https:\/\/www.hoymercedes.com.ar\/principal\/wp-content\/uploads\/2019\/04\/16-catedral-1.jpg 750w, https:\/\/www.hoymercedes.com.ar\/principal\/wp-content\/uploads\/2019\/04\/16-catedral-1-150x100.jpg 150w, https:\/\/www.hoymercedes.com.ar\/principal\/wp-content\/uploads\/2019\/04\/16-catedral-1-630x420.jpg 630w, https:\/\/www.hoymercedes.com.ar\/principal\/wp-content\/uploads\/2019\/04\/16-catedral-1-720x480.jpg 720w, https:\/\/www.hoymercedes.com.ar\/principal\/wp-content\/uploads\/2019\/04\/16-catedral-1-360x240.jpg 360w\" sizes=\"auto, (max-width: 750px) 100vw, 750px\" \/><\/figure>\n","protected":false},"excerpt":{"rendered":"<p>En horas del mediod\u00eda de este martes, la Bas\u00edlica Catedral de Mercedes recibi\u00f3 a los Ingenieros de Infraestructura de la &#8230; <a title=\"Ingenieros de provincia analizan el estado de la Catedral\" class=\"read-more\" href=\"https:\/\/www.hoymercedes.com.ar\/principal\/2019\/04\/16\/ingenieros-de-provincia-analizan-el-estado-de-la-catedral\/\" aria-label=\"Leer m\u00e1s sobre Ingenieros de provincia analizan el estado de la Catedral\">Leer m\u00e1s<\/a><\/p>\n","protected":false},"author":1,"featured_media":91448,"comment_status":"closed","ping_status":"open","sticky":false,"template":"","format":"standard","meta":{"_monsterinsights_skip_tracking":false,"_monsterinsights_sitenote_active":false,"_monsterinsights_sitenote_note":"","_monsterinsights_sitenote_category":0,"jetpack_post_was_ever_published":false,"_jetpack_newsletter_access":"","_jetpack_dont_email_post_to_subs":false,"_jetpack_newsletter_tier_id":0,"_jetpack_memberships_contains_paywalled_content":false,"_jetpack_memberships_contains_paid_content":false,"footnotes":"","jetpack_publicize_message":"","jetpack_publicize_feature_enabled":true,"jetpack_social_post_already_shared":true,"jetpack_social_options":{"image_generator_settings":{"template":"highway","default_image_id":0,"font":"","enabled":false},"version":2},"_wpas_customize_per_network":false},"categories":[104],"tags":[11531,4311,7805,9177],"class_list":["post-91447","post","type-post","status-publish","format-standard","has-post-thumbnail","hentry","category-cultura","tag-arquitectura","tag-basilica-catedral","tag-cultura","tag-patrimonio","generate-columns","tablet-grid-50","mobile-grid-100","grid-parent","grid-50"],"jetpack_publicize_connections":[],"jetpack_featured_media_url":"https:\/\/www.hoymercedes.com.ar\/principal\/wp-content\/uploads\/2019\/04\/16-catedral-1.jpg","wps_subtitle":"La pr\u00f3xima semana volver\u00e1n","jetpack_sharing_enabled":true,"_links":{"self":[{"href":"https:\/\/www.hoymercedes.com.ar\/principal\/wp-json\/wp\/v2\/posts\/91447","targetHints":{"allow":["GET"]}}],"collection":[{"href":"https:\/\/www.hoymercedes.com.ar\/principal\/wp-json\/wp\/v2\/posts"}],"about":[{"href":"https:\/\/www.hoymercedes.com.ar\/principal\/wp-json\/wp\/v2\/types\/post"}],"author":[{"embeddable":true,"href":"https:\/\/www.hoymercedes.com.ar\/principal\/wp-json\/wp\/v2\/users\/1"}],"replies":[{"embeddable":true,"href":"https:\/\/www.hoymercedes.com.ar\/principal\/wp-json\/wp\/v2\/comments?post=91447"}],"version-history":[{"count":0,"href":"https:\/\/www.hoymercedes.com.ar\/principal\/wp-json\/wp\/v2\/posts\/91447\/revisions"}],"wp:featuredmedia":[{"embeddable":true,"href":"https:\/\/www.hoymercedes.com.ar\/principal\/wp-json\/wp\/v2\/media\/91448"}],"wp:attachment":[{"href":"https:\/\/www.hoymercedes.com.ar\/principal\/wp-json\/wp\/v2\/media?parent=91447"}],"wp:term":[{"taxonomy":"category","embeddable":true,"href":"https:\/\/www.hoymercedes.com.ar\/principal\/wp-json\/wp\/v2\/categories?post=91447"},{"taxonomy":"post_tag","embeddable":true,"href":"https:\/\/www.hoymercedes.com.ar\/principal\/wp-json\/wp\/v2\/tags?post=91447"}],"curies":[{"name":"wp","href":"https:\/\/api.w.org\/{rel}","templated":true}]}}