{"id":91464,"date":"2019-04-16T17:00:17","date_gmt":"2019-04-16T20:00:17","guid":{"rendered":"http:\/\/www.hoymercedes.com.ar\/principal\/?p=91464"},"modified":"2019-04-16T16:48:52","modified_gmt":"2019-04-16T19:48:52","slug":"hubo-charla-sobre-prevencion-en-abuso-sexual-infantil","status":"publish","type":"post","link":"https:\/\/www.hoymercedes.com.ar\/principal\/2019\/04\/16\/hubo-charla-sobre-prevencion-en-abuso-sexual-infantil\/","title":{"rendered":"Hubo charla sobre prevenci\u00f3n en abuso sexual infantil"},"content":{"rendered":"\n<p><em>El pasado 12 de abril se dict\u00f3 en el Centro de Referencia local del Ministerio de Salud y Desarrollo Social de la Naci\u00f3n, una charla,\u00a0 a cargo de la psic\u00f3loga Bettina Vives, sobre prevenci\u00f3n en abuso sexual contra ni\u00f1as y ni\u00f1os, destinada a equipos de orientaci\u00f3n escolar de Mercedes. <\/em><\/p>\n\n\n\n<figure class=\"wp-block-image\"><img loading=\"lazy\" decoding=\"async\" width=\"750\" height=\"500\" data-attachment-id=\"91465\" data-permalink=\"https:\/\/www.hoymercedes.com.ar\/principal\/2019\/04\/16\/hubo-charla-sobre-prevencion-en-abuso-sexual-infantil\/15-cdr-betina-vives\/#main\" data-orig-file=\"https:\/\/www.hoymercedes.com.ar\/principal\/wp-content\/uploads\/2019\/04\/15-CDR-betina-vives.jpg\" data-orig-size=\"750,500\" data-comments-opened=\"0\" data-image-meta=\"{&quot;aperture&quot;:&quot;0&quot;,&quot;credit&quot;:&quot;&quot;,&quot;camera&quot;:&quot;&quot;,&quot;caption&quot;:&quot;&quot;,&quot;created_timestamp&quot;:&quot;0&quot;,&quot;copyright&quot;:&quot;&quot;,&quot;focal_length&quot;:&quot;0&quot;,&quot;iso&quot;:&quot;0&quot;,&quot;shutter_speed&quot;:&quot;0&quot;,&quot;title&quot;:&quot;&quot;,&quot;orientation&quot;:&quot;0&quot;}\" data-image-title=\"15 CDR betina vives\" data-image-description=\"\" data-image-caption=\"\" data-large-file=\"https:\/\/www.hoymercedes.com.ar\/principal\/wp-content\/uploads\/2019\/04\/15-CDR-betina-vives.jpg\" src=\"https:\/\/www.hoymercedes.com.ar\/principal\/wp-content\/uploads\/2019\/04\/15-CDR-betina-vives.jpg\" alt=\"\" class=\"wp-image-91465\" srcset=\"https:\/\/www.hoymercedes.com.ar\/principal\/wp-content\/uploads\/2019\/04\/15-CDR-betina-vives.jpg 750w, https:\/\/www.hoymercedes.com.ar\/principal\/wp-content\/uploads\/2019\/04\/15-CDR-betina-vives-150x100.jpg 150w, https:\/\/www.hoymercedes.com.ar\/principal\/wp-content\/uploads\/2019\/04\/15-CDR-betina-vives-630x420.jpg 630w, https:\/\/www.hoymercedes.com.ar\/principal\/wp-content\/uploads\/2019\/04\/15-CDR-betina-vives-720x480.jpg 720w, https:\/\/www.hoymercedes.com.ar\/principal\/wp-content\/uploads\/2019\/04\/15-CDR-betina-vives-360x240.jpg 360w\" sizes=\"auto, (max-width: 750px) 100vw, 750px\" \/><\/figure>\n\n\n\n<p>Ana Luna, articuladora del Centro de Referencia, explic\u00f3 que esta iniciativa surge con el objetivo de prevenir y proteger a los ni\u00f1os, ni\u00f1as y adolescentes contra todo tipo de violencia. En este sentido, \u201ces prioridad desde el Estado nacional, hablar sobre estos temas y capacitar a los equipos t\u00e9cnicos de las instituciones educativas p\u00fablicas y privadas, para que posean herramientas para prevenir y detectar posibles situaciones de maltrato o de abuso sexual que vulneren los derechos de los chicos y chicas\u201d, destac\u00f3 Luna. <\/p>\n\n\n\n<p>Durante la charla se trabaj\u00f3 c\u00f3mo detectar\nposibles situaciones de violencia sexual a trav\u00e9s de distintos indicadores\nf\u00edsicos, emocionales, conductuales, cognitivos, funcionales o gr\u00e1ficos. Adem\u00e1s,\nsugerencias y recomendaciones respecto a c\u00f3mo actuar en el \u00e1mbito escolar. Del encuentro participaron cerca de\ncuarenta profesionales y docentes que forman parte de los equipos de\norientaci\u00f3n escolar. <\/p>\n\n\n\n<p>Cabe destacar, que la Ley de Protecci\u00f3n Integral de los Derechos de las Ni\u00f1as, Ni\u00f1os y Adolescentes N\u00b0 26.061, establece que, los miembros de establecimientos educativos, de salud, p\u00fablicos o privados y todo agente o funcionario p\u00fablico, que tengan conocimiento de la vulneraci\u00f3n de los derechos de las ni\u00f1as, ni\u00f1os o adolescentes, tienen el deber de comunicar dicha circunstancia ante la autoridad administrativa de protecci\u00f3n de derechos en el \u00e1mbito local. En este sentido, la licenciada Vives destac\u00f3 que el abuso sexual infantil trasciende lo privado, por lo que, se est\u00e1 obligado a actuar legal y \u00e9ticamente. <\/p>\n\n\n\n<p><strong>L\u00ednea de atenci\u00f3n gratuita <\/strong><\/p>\n\n\n\n<p>El Ministerio de Salud y Desarrollo Social cuenta con una l\u00ednea gratuita 0800-222-1717, atendida por profesionales especializados. Cualquier persona, sea o no familiar, puede comunicarse para recibir asesoramiento y contenci\u00f3n.<\/p>\n\n\n\n<p>El abuso sexual infantil\u00a0es un delito y puede haber abuso aunque no haya acceso carnal. Las v\u00edctimas no suelen contar lo que les ocurri\u00f3, ya sea por, verg\u00fcenza, amenazas, temor a que no le crean, a que lo estigmaticen, a quedarse solo o ante la p\u00e9rdida de afecto. Sin embargo, si tienen\u00a0cambios de conducta repentinos, pueden estar manifestando que les ha pasado algo.<\/p>\n\n\n\n<p>Para evaluar si hubo agresi\u00f3n o no,\u00a0siempre debe participar un profesional, que puede ser el pediatra u otro especialista en el tema. Cualquier ni\u00f1o o ni\u00f1a puede ser v\u00edctima de este delito, por parte de un familiar directo o alguien cercano; en la escuela; o por\u00a0<a href=\"https:\/\/www.argentina.gob.ar\/sites\/default\/files\/guia-grooming.pdf\" target=\"_blank\" rel=\"noopener\">grooming<\/a>\u00a0\u2014a trav\u00e9s de Internet-. <\/p>\n","protected":false},"excerpt":{"rendered":"<p>El pasado 12 de abril se dict\u00f3 en el Centro de Referencia local del Ministerio de Salud y Desarrollo Social &#8230; <a title=\"Hubo charla sobre prevenci\u00f3n en abuso sexual infantil\" class=\"read-more\" href=\"https:\/\/www.hoymercedes.com.ar\/principal\/2019\/04\/16\/hubo-charla-sobre-prevencion-en-abuso-sexual-infantil\/\" aria-label=\"Leer m\u00e1s sobre Hubo charla sobre prevenci\u00f3n en abuso sexual infantil\">Leer m\u00e1s<\/a><\/p>\n","protected":false},"author":1,"featured_media":91465,"comment_status":"closed","ping_status":"open","sticky":false,"template":"","format":"standard","meta":{"_monsterinsights_skip_tracking":false,"_monsterinsights_sitenote_active":false,"_monsterinsights_sitenote_note":"","_monsterinsights_sitenote_category":0,"jetpack_post_was_ever_published":false,"_jetpack_newsletter_access":"","_jetpack_dont_email_post_to_subs":false,"_jetpack_newsletter_tier_id":0,"_jetpack_memberships_contains_paywalled_content":false,"_jetpack_memberships_contains_paid_content":false,"footnotes":"","jetpack_publicize_message":"","jetpack_publicize_feature_enabled":true,"jetpack_social_post_already_shared":true,"jetpack_social_options":{"image_generator_settings":{"template":"highway","default_image_id":0,"font":"","enabled":false},"version":2},"_wpas_customize_per_network":false},"categories":[9791],"tags":[8753,14884],"class_list":["post-91464","post","type-post","status-publish","format-standard","has-post-thumbnail","hentry","category-salud","tag-cdr","tag-charla-abuso-sexual","generate-columns","tablet-grid-50","mobile-grid-100","grid-parent","grid-50"],"jetpack_publicize_connections":[],"jetpack_featured_media_url":"https:\/\/www.hoymercedes.com.ar\/principal\/wp-content\/uploads\/2019\/04\/15-CDR-betina-vives.jpg","wps_subtitle":"En el CDR Mercedes","jetpack_sharing_enabled":true,"_links":{"self":[{"href":"https:\/\/www.hoymercedes.com.ar\/principal\/wp-json\/wp\/v2\/posts\/91464","targetHints":{"allow":["GET"]}}],"collection":[{"href":"https:\/\/www.hoymercedes.com.ar\/principal\/wp-json\/wp\/v2\/posts"}],"about":[{"href":"https:\/\/www.hoymercedes.com.ar\/principal\/wp-json\/wp\/v2\/types\/post"}],"author":[{"embeddable":true,"href":"https:\/\/www.hoymercedes.com.ar\/principal\/wp-json\/wp\/v2\/users\/1"}],"replies":[{"embeddable":true,"href":"https:\/\/www.hoymercedes.com.ar\/principal\/wp-json\/wp\/v2\/comments?post=91464"}],"version-history":[{"count":0,"href":"https:\/\/www.hoymercedes.com.ar\/principal\/wp-json\/wp\/v2\/posts\/91464\/revisions"}],"wp:featuredmedia":[{"embeddable":true,"href":"https:\/\/www.hoymercedes.com.ar\/principal\/wp-json\/wp\/v2\/media\/91465"}],"wp:attachment":[{"href":"https:\/\/www.hoymercedes.com.ar\/principal\/wp-json\/wp\/v2\/media?parent=91464"}],"wp:term":[{"taxonomy":"category","embeddable":true,"href":"https:\/\/www.hoymercedes.com.ar\/principal\/wp-json\/wp\/v2\/categories?post=91464"},{"taxonomy":"post_tag","embeddable":true,"href":"https:\/\/www.hoymercedes.com.ar\/principal\/wp-json\/wp\/v2\/tags?post=91464"}],"curies":[{"name":"wp","href":"https:\/\/api.w.org\/{rel}","templated":true}]}}