{"id":91479,"date":"2019-04-16T19:30:45","date_gmt":"2019-04-16T22:30:45","guid":{"rendered":"http:\/\/www.hoymercedes.com.ar\/principal\/?p=91479"},"modified":"2019-04-16T17:57:54","modified_gmt":"2019-04-16T20:57:54","slug":"taller-de-rap-y-hip-hop-en-la-escuela-504","status":"publish","type":"post","link":"https:\/\/www.hoymercedes.com.ar\/principal\/2019\/04\/16\/taller-de-rap-y-hip-hop-en-la-escuela-504\/","title":{"rendered":"Taller de Rap y hip-hop en la Escuela 504"},"content":{"rendered":"\n<p>A partir de la propuesta de las profesoras Jimena Palacios y Marcela Indurain de la Escuela de Educaci\u00f3n Especial N\u00b0 504, el \u00e1rea de Discapacidad Municipal impuls\u00f3 un proyecto para que los alumnos conozcan mucho m\u00e1s de la cultura hip-hop y el rap. Para eso se convoc\u00f3 al rapero Ale Santana, a cargo de los talleres de rap y freestyle que lleva adelante el Municipio en distintos barrios.<\/p>\n\n\n\n<figure class=\"wp-block-image\"><img loading=\"lazy\" decoding=\"async\" width=\"750\" height=\"570\" data-attachment-id=\"91480\" data-permalink=\"https:\/\/www.hoymercedes.com.ar\/principal\/2019\/04\/16\/taller-de-rap-y-hip-hop-en-la-escuela-504\/16-rap-educacion-1\/#main\" data-orig-file=\"https:\/\/www.hoymercedes.com.ar\/principal\/wp-content\/uploads\/2019\/04\/16-rap-educaci\u00f3n-1.jpg\" data-orig-size=\"750,570\" data-comments-opened=\"0\" data-image-meta=\"{&quot;aperture&quot;:&quot;0&quot;,&quot;credit&quot;:&quot;&quot;,&quot;camera&quot;:&quot;&quot;,&quot;caption&quot;:&quot;&quot;,&quot;created_timestamp&quot;:&quot;0&quot;,&quot;copyright&quot;:&quot;&quot;,&quot;focal_length&quot;:&quot;0&quot;,&quot;iso&quot;:&quot;0&quot;,&quot;shutter_speed&quot;:&quot;0&quot;,&quot;title&quot;:&quot;&quot;,&quot;orientation&quot;:&quot;0&quot;}\" data-image-title=\"16 rap educaci\u00f3n 1\" data-image-description=\"\" data-image-caption=\"\" data-large-file=\"https:\/\/www.hoymercedes.com.ar\/principal\/wp-content\/uploads\/2019\/04\/16-rap-educaci\u00f3n-1.jpg\" src=\"https:\/\/www.hoymercedes.com.ar\/principal\/wp-content\/uploads\/2019\/04\/16-rap-educaci\u00f3n-1.jpg\" alt=\"\" class=\"wp-image-91480\" srcset=\"https:\/\/www.hoymercedes.com.ar\/principal\/wp-content\/uploads\/2019\/04\/16-rap-educaci\u00f3n-1.jpg 750w, https:\/\/www.hoymercedes.com.ar\/principal\/wp-content\/uploads\/2019\/04\/16-rap-educaci\u00f3n-1-150x114.jpg 150w, https:\/\/www.hoymercedes.com.ar\/principal\/wp-content\/uploads\/2019\/04\/16-rap-educaci\u00f3n-1-630x479.jpg 630w, https:\/\/www.hoymercedes.com.ar\/principal\/wp-content\/uploads\/2019\/04\/16-rap-educaci\u00f3n-1-100x75.jpg 100w\" sizes=\"auto, (max-width: 750px) 100vw, 750px\" \/><\/figure>\n\n\n\n<p>\u00abFundamentando que el arte los anima y brinda posibilidades para &#8216;decir&#8217; aquello que no se animan a manifestar de otra forma; y la m\u00fasica, adem\u00e1s de proporcionar diversi\u00f3n y placer, es un importante elemento de socializaci\u00f3n, un medio para vivir emociones y compartirlas, para relajarse y aliviar tensiones, para comprender y sentirse comprendidos, para encontrar inspiraci\u00f3n y manifestar sentimientos. Fue muy linda la actividad con las profes, Ale Santana y los alumnos\u00bb, sintetiz\u00f3 Tatiana L\u00f3pez  a trav\u00e9s de las redes sociales. <\/p>\n\n\n\n<figure class=\"wp-block-image\"><img loading=\"lazy\" decoding=\"async\" width=\"750\" height=\"500\" data-attachment-id=\"91481\" data-permalink=\"https:\/\/www.hoymercedes.com.ar\/principal\/2019\/04\/16\/taller-de-rap-y-hip-hop-en-la-escuela-504\/16-rap-educacion-2\/#main\" data-orig-file=\"https:\/\/www.hoymercedes.com.ar\/principal\/wp-content\/uploads\/2019\/04\/16-rap-educaci\u00f3n-2.jpg\" data-orig-size=\"750,500\" data-comments-opened=\"0\" data-image-meta=\"{&quot;aperture&quot;:&quot;0&quot;,&quot;credit&quot;:&quot;&quot;,&quot;camera&quot;:&quot;&quot;,&quot;caption&quot;:&quot;&quot;,&quot;created_timestamp&quot;:&quot;0&quot;,&quot;copyright&quot;:&quot;&quot;,&quot;focal_length&quot;:&quot;0&quot;,&quot;iso&quot;:&quot;0&quot;,&quot;shutter_speed&quot;:&quot;0&quot;,&quot;title&quot;:&quot;&quot;,&quot;orientation&quot;:&quot;0&quot;}\" data-image-title=\"16 rap educaci\u00f3n 2\" data-image-description=\"\" data-image-caption=\"\" data-large-file=\"https:\/\/www.hoymercedes.com.ar\/principal\/wp-content\/uploads\/2019\/04\/16-rap-educaci\u00f3n-2.jpg\" src=\"https:\/\/www.hoymercedes.com.ar\/principal\/wp-content\/uploads\/2019\/04\/16-rap-educaci\u00f3n-2.jpg\" alt=\"\" class=\"wp-image-91481\" srcset=\"https:\/\/www.hoymercedes.com.ar\/principal\/wp-content\/uploads\/2019\/04\/16-rap-educaci\u00f3n-2.jpg 750w, https:\/\/www.hoymercedes.com.ar\/principal\/wp-content\/uploads\/2019\/04\/16-rap-educaci\u00f3n-2-150x100.jpg 150w, https:\/\/www.hoymercedes.com.ar\/principal\/wp-content\/uploads\/2019\/04\/16-rap-educaci\u00f3n-2-630x420.jpg 630w, https:\/\/www.hoymercedes.com.ar\/principal\/wp-content\/uploads\/2019\/04\/16-rap-educaci\u00f3n-2-720x480.jpg 720w, https:\/\/www.hoymercedes.com.ar\/principal\/wp-content\/uploads\/2019\/04\/16-rap-educaci\u00f3n-2-360x240.jpg 360w\" sizes=\"auto, (max-width: 750px) 100vw, 750px\" \/><\/figure>\n","protected":false},"excerpt":{"rendered":"<p>A partir de la propuesta de las profesoras Jimena Palacios y Marcela Indurain de la Escuela de Educaci\u00f3n Especial N\u00b0 &#8230; <a title=\"Taller de Rap y hip-hop en la Escuela 504\" class=\"read-more\" href=\"https:\/\/www.hoymercedes.com.ar\/principal\/2019\/04\/16\/taller-de-rap-y-hip-hop-en-la-escuela-504\/\" aria-label=\"Leer m\u00e1s sobre Taller de Rap y hip-hop en la Escuela 504\">Leer m\u00e1s<\/a><\/p>\n","protected":false},"author":1,"featured_media":91481,"comment_status":"closed","ping_status":"open","sticky":false,"template":"","format":"standard","meta":{"_monsterinsights_skip_tracking":false,"_monsterinsights_sitenote_active":false,"_monsterinsights_sitenote_note":"","_monsterinsights_sitenote_category":0,"jetpack_post_was_ever_published":false,"_jetpack_newsletter_access":"","_jetpack_dont_email_post_to_subs":false,"_jetpack_newsletter_tier_id":0,"_jetpack_memberships_contains_paywalled_content":false,"_jetpack_memberships_contains_paid_content":false,"footnotes":"","jetpack_publicize_message":"","jetpack_publicize_feature_enabled":true,"jetpack_social_post_already_shared":true,"jetpack_social_options":{"image_generator_settings":{"template":"highway","default_image_id":0,"font":"","enabled":false},"version":2},"_wpas_customize_per_network":false},"categories":[23],"tags":[1927,47,14889],"class_list":["post-91479","post","type-post","status-publish","format-standard","has-post-thumbnail","hentry","category-educacion","tag-direccion-de-discapacidad","tag-educacion-2","tag-escuela-504","generate-columns","tablet-grid-50","mobile-grid-100","grid-parent","grid-50"],"jetpack_publicize_connections":[],"jetpack_featured_media_url":"https:\/\/www.hoymercedes.com.ar\/principal\/wp-content\/uploads\/2019\/04\/16-rap-educaci\u00f3n-2.jpg","wps_subtitle":"","jetpack_sharing_enabled":true,"_links":{"self":[{"href":"https:\/\/www.hoymercedes.com.ar\/principal\/wp-json\/wp\/v2\/posts\/91479","targetHints":{"allow":["GET"]}}],"collection":[{"href":"https:\/\/www.hoymercedes.com.ar\/principal\/wp-json\/wp\/v2\/posts"}],"about":[{"href":"https:\/\/www.hoymercedes.com.ar\/principal\/wp-json\/wp\/v2\/types\/post"}],"author":[{"embeddable":true,"href":"https:\/\/www.hoymercedes.com.ar\/principal\/wp-json\/wp\/v2\/users\/1"}],"replies":[{"embeddable":true,"href":"https:\/\/www.hoymercedes.com.ar\/principal\/wp-json\/wp\/v2\/comments?post=91479"}],"version-history":[{"count":0,"href":"https:\/\/www.hoymercedes.com.ar\/principal\/wp-json\/wp\/v2\/posts\/91479\/revisions"}],"wp:featuredmedia":[{"embeddable":true,"href":"https:\/\/www.hoymercedes.com.ar\/principal\/wp-json\/wp\/v2\/media\/91481"}],"wp:attachment":[{"href":"https:\/\/www.hoymercedes.com.ar\/principal\/wp-json\/wp\/v2\/media?parent=91479"}],"wp:term":[{"taxonomy":"category","embeddable":true,"href":"https:\/\/www.hoymercedes.com.ar\/principal\/wp-json\/wp\/v2\/categories?post=91479"},{"taxonomy":"post_tag","embeddable":true,"href":"https:\/\/www.hoymercedes.com.ar\/principal\/wp-json\/wp\/v2\/tags?post=91479"}],"curies":[{"name":"wp","href":"https:\/\/api.w.org\/{rel}","templated":true}]}}