{"id":91488,"date":"2019-04-17T12:27:58","date_gmt":"2019-04-17T15:27:58","guid":{"rendered":"http:\/\/www.hoymercedes.com.ar\/principal\/?p=91488"},"modified":"2019-04-17T16:27:07","modified_gmt":"2019-04-17T19:27:07","slug":"lanzan-programa-promover-la-igualdad-de-oportunidades-de-empleo","status":"publish","type":"post","link":"https:\/\/www.hoymercedes.com.ar\/principal\/2019\/04\/17\/lanzan-programa-promover-la-igualdad-de-oportunidades-de-empleo\/","title":{"rendered":"Lanzan programa \u00abPromover la igualdad de oportunidades de empleo\u00bb"},"content":{"rendered":"\n<p>El Municipio de Mercedes, a trav\u00e9s de la Direcci\u00f3n de Discapacidad, lanza una vez m\u00e1s el programa \u00abPromover la Igualdad de Oportunidades de Empleo\u00bb. El mismo est\u00e1 dirigido a personas desocupadas, mayores de 18 a\u00f1os, que posean Certificado \u00danico de Discapacidad.<\/p>\n\n\n\n<p>La directora de discapacidad, Tatiana L\u00f3pez destac\u00f3 \u201ces as\u00ed como brindamos una herramienta que sirve para formarse y capacitarse al momento de salir a buscar un empleo\u201d e indic\u00f3 \u201cfortalecemos y creamos un espacio para el empleo de manera integrada y para todos los mercedinos\u00bb.<\/p>\n\n\n\n<p>Esta capacitaci\u00f3n cuenta con:<br>-Talleres de orientaci\u00f3n y capacitaci\u00f3n.<br>-Apoyo a la B\u00fasqueda de Empleo. <br>-Entrenamientos. <br>-Talleres de conocimientos b\u00e1sicos.<br>-Talleres y orientaci\u00f3n para emprender.<\/p>\n\n\n\n<p>Estas acciones incrementan las competencias, habilidades y destrezas y promueven la inserci\u00f3n laboral con pr\u00e1cticas calificantes en ambientes de trabajo que incluyan procesos de formaci\u00f3n y el acompa\u00f1amiento de una tutor\u00eda especializada.<\/p>\n\n\n\n<p>Los interesados se deben acercar a la Direcci\u00f3n de Discapacidad, situada en la Secretar\u00eda de Desarrollo Social en avenida 47 y 26 (ex Instituto Unzu\u00e9) con el DNI, el Certificado vigente y solicitar una entrevista. El horario de atenci\u00f3n es de lunes a viernes de 08:00 a 14:00 horas. Para m\u00e1s informaci\u00f3n pueden comunicarse al tel\u00e9fono: 434848 int. 46 o al 15468141.<\/p>\n\n\n\n<p><\/p>\n","protected":false},"excerpt":{"rendered":"<p>El Municipio de Mercedes, a trav\u00e9s de la Direcci\u00f3n de Discapacidad, lanza una vez m\u00e1s el programa \u00abPromover la Igualdad &#8230; <a title=\"Lanzan programa \u00abPromover la igualdad de oportunidades de empleo\u00bb\" class=\"read-more\" href=\"https:\/\/www.hoymercedes.com.ar\/principal\/2019\/04\/17\/lanzan-programa-promover-la-igualdad-de-oportunidades-de-empleo\/\" aria-label=\"Leer m\u00e1s sobre Lanzan programa \u00abPromover la igualdad de oportunidades de empleo\u00bb\">Leer m\u00e1s<\/a><\/p>\n","protected":false},"author":1,"featured_media":91489,"comment_status":"closed","ping_status":"open","sticky":false,"template":"","format":"standard","meta":{"_monsterinsights_skip_tracking":false,"_monsterinsights_sitenote_active":false,"_monsterinsights_sitenote_note":"","_monsterinsights_sitenote_category":0,"jetpack_post_was_ever_published":false,"_jetpack_newsletter_access":"","_jetpack_dont_email_post_to_subs":false,"_jetpack_newsletter_tier_id":0,"_jetpack_memberships_contains_paywalled_content":false,"_jetpack_memberships_contains_paid_content":false,"footnotes":"","jetpack_publicize_message":"","jetpack_publicize_feature_enabled":true,"jetpack_social_post_already_shared":true,"jetpack_social_options":{"image_generator_settings":{"template":"highway","default_image_id":0,"font":"","enabled":false},"version":2},"_wpas_customize_per_network":false},"categories":[30],"tags":[1927,9125,244,11343],"class_list":["post-91488","post","type-post","status-publish","format-standard","has-post-thumbnail","hentry","category-municipio","tag-direccion-de-discapacidad","tag-empleo","tag-municipio-2","tag-programa","generate-columns","tablet-grid-50","mobile-grid-100","grid-parent","grid-50"],"jetpack_publicize_connections":[],"jetpack_featured_media_url":"https:\/\/www.hoymercedes.com.ar\/principal\/wp-content\/uploads\/2019\/04\/17-Promover.jpeg","wps_subtitle":"Direcci\u00f3n de Discapacidad","jetpack_sharing_enabled":true,"_links":{"self":[{"href":"https:\/\/www.hoymercedes.com.ar\/principal\/wp-json\/wp\/v2\/posts\/91488","targetHints":{"allow":["GET"]}}],"collection":[{"href":"https:\/\/www.hoymercedes.com.ar\/principal\/wp-json\/wp\/v2\/posts"}],"about":[{"href":"https:\/\/www.hoymercedes.com.ar\/principal\/wp-json\/wp\/v2\/types\/post"}],"author":[{"embeddable":true,"href":"https:\/\/www.hoymercedes.com.ar\/principal\/wp-json\/wp\/v2\/users\/1"}],"replies":[{"embeddable":true,"href":"https:\/\/www.hoymercedes.com.ar\/principal\/wp-json\/wp\/v2\/comments?post=91488"}],"version-history":[{"count":0,"href":"https:\/\/www.hoymercedes.com.ar\/principal\/wp-json\/wp\/v2\/posts\/91488\/revisions"}],"wp:featuredmedia":[{"embeddable":true,"href":"https:\/\/www.hoymercedes.com.ar\/principal\/wp-json\/wp\/v2\/media\/91489"}],"wp:attachment":[{"href":"https:\/\/www.hoymercedes.com.ar\/principal\/wp-json\/wp\/v2\/media?parent=91488"}],"wp:term":[{"taxonomy":"category","embeddable":true,"href":"https:\/\/www.hoymercedes.com.ar\/principal\/wp-json\/wp\/v2\/categories?post=91488"},{"taxonomy":"post_tag","embeddable":true,"href":"https:\/\/www.hoymercedes.com.ar\/principal\/wp-json\/wp\/v2\/tags?post=91488"}],"curies":[{"name":"wp","href":"https:\/\/api.w.org\/{rel}","templated":true}]}}