{"id":91504,"date":"2019-04-17T16:13:39","date_gmt":"2019-04-17T19:13:39","guid":{"rendered":"http:\/\/www.hoymercedes.com.ar\/principal\/?p=91504"},"modified":"2019-04-17T16:26:23","modified_gmt":"2019-04-17T19:26:23","slug":"la-verde-presento-la-lista-anusate","status":"publish","type":"post","link":"https:\/\/www.hoymercedes.com.ar\/principal\/2019\/04\/17\/la-verde-presento-la-lista-anusate\/","title":{"rendered":"La verde present\u00f3 la lista AnusATE"},"content":{"rendered":"\n<p>Liliana Sosa, Nadia Barbarino, Gladys Romero y Jos\u00e9 Luis Zabaleta, ir\u00e1n por la reelecci\u00f3n como delegados en el sector de auxiliares en Educaci\u00f3n. Desde la agrupaci\u00f3n, sostuvieron que van a luchar por una mejor condici\u00f3n laboral y sueldos dignos. Las elecciones ser\u00e1n el pr\u00f3ximo 9 de mayo.<\/p>\n\n\n\n<figure class=\"wp-block-image\"><img loading=\"lazy\" decoding=\"async\" width=\"750\" height=\"500\" data-attachment-id=\"91505\" data-permalink=\"https:\/\/www.hoymercedes.com.ar\/principal\/2019\/04\/17\/la-verde-presento-la-lista-anusate\/17-ate-elecciones\/#main\" data-orig-file=\"https:\/\/www.hoymercedes.com.ar\/principal\/wp-content\/uploads\/2019\/04\/17-ATE-elecciones.jpg\" data-orig-size=\"750,500\" data-comments-opened=\"0\" data-image-meta=\"{&quot;aperture&quot;:&quot;2&quot;,&quot;credit&quot;:&quot;&quot;,&quot;camera&quot;:&quot;Moto G (5S) Plus&quot;,&quot;caption&quot;:&quot;&quot;,&quot;created_timestamp&quot;:&quot;1555416949&quot;,&quot;copyright&quot;:&quot;&quot;,&quot;focal_length&quot;:&quot;3.59&quot;,&quot;iso&quot;:&quot;500&quot;,&quot;shutter_speed&quot;:&quot;0.01&quot;,&quot;title&quot;:&quot;&quot;,&quot;orientation&quot;:&quot;1&quot;}\" data-image-title=\"17 ATE elecciones\" data-image-description=\"\" data-image-caption=\"\" data-large-file=\"https:\/\/www.hoymercedes.com.ar\/principal\/wp-content\/uploads\/2019\/04\/17-ATE-elecciones.jpg\" src=\"https:\/\/www.hoymercedes.com.ar\/principal\/wp-content\/uploads\/2019\/04\/17-ATE-elecciones.jpg\" alt=\"\" class=\"wp-image-91505\" srcset=\"https:\/\/www.hoymercedes.com.ar\/principal\/wp-content\/uploads\/2019\/04\/17-ATE-elecciones.jpg 750w, https:\/\/www.hoymercedes.com.ar\/principal\/wp-content\/uploads\/2019\/04\/17-ATE-elecciones-150x100.jpg 150w, https:\/\/www.hoymercedes.com.ar\/principal\/wp-content\/uploads\/2019\/04\/17-ATE-elecciones-630x420.jpg 630w, https:\/\/www.hoymercedes.com.ar\/principal\/wp-content\/uploads\/2019\/04\/17-ATE-elecciones-720x480.jpg 720w, https:\/\/www.hoymercedes.com.ar\/principal\/wp-content\/uploads\/2019\/04\/17-ATE-elecciones-360x240.jpg 360w\" sizes=\"auto, (max-width: 750px) 100vw, 750px\" \/><\/figure>\n\n\n\n<p>El pasado martes, en la seccional de ATE Mercedes, se dio a conocer a las candidatas que ir\u00e1n por la reelecci\u00f3n en las elecciones de delegados en el sector de auxiliares en Educaci\u00f3n.<\/p>\n\n\n\n<p>La misma est\u00e1 conformada por Liliana Sosa, Nadia Barbarino, Gladys Romero y Jos\u00e9 Luis Zabaleta, para las seccionales de Mercedes, Suipacha y Navarro. La votaci\u00f3n se llevar\u00e1 a cabo el pr\u00f3ximo 9 de mayo, donde recorrer\u00e1n las urnas m\u00f3viles, todas las escuelas para la participaci\u00f3n mayoritaria de todos los afiliados de Mercedes que son los que eligen ahora sus representantes.<\/p>\n\n\n\n<p>En tanto, el secretario de ATE Mercedes, Hugo de Bonafina, sostuvo ante los medios de la ciudad que, como se pod\u00eda ver en sus chaquetas, \u201cATE no es ni de los gobiernos, ni de los patrones, porque entendemos fundamentalmente que nuestra responsabilidad solamente tiene valor a partir de la discusi\u00f3n y la propuesta de lo que los compa\u00f1eros en el trabajo plantean como necesidad de vida digna y trabajo digno, incluye no solamente el salario, sino tambi\u00e9n la calidad en los lugares de trabajo\u201d.<\/p>\n\n\n\n<p>Por su parte, las trabajadoras que hicieron su presentaci\u00f3n remarcaron que ven\u00edan trabajando desde hace dos a\u00f1os y comentaron que \u201clos compa\u00f1eros est\u00e1n muy descontentos con la situaci\u00f3n actual. Por eso les pedimos que nos apoyen, que est\u00e9n con nosotros, porque los vamos a sacar adelante y vamos a luchar por ellos. La motivaci\u00f3n para continuar trabajando son los compa\u00f1eros que d\u00eda a d\u00eda siempre est\u00e1n plante\u00e1ndonos cosas y tratamos, solucion\u00e1rselas o darle armas para que ellos tambi\u00e9n se defiendan\u201d. <\/p>\n\n\n\n<p>Tambi\u00e9n se refirieron a los salarios que se perciben actualmente, una de las principales preocupaciones que afecta al sector. \u201cUn auxiliar que reci\u00e9n comienza, cobra  entre 15 mil y 16 mil pesos y m\u00e1s all\u00e1 de los aumentos, a\u00fan estamos muy lejos de la canasta b\u00e1sica, por eso hicimos paro y estamos luchando para que se abran las paritarias, porque quedamos muy por debajo\u201d comentaron desde La Verde, haciendo hincapi\u00e9 a la lucha que se pretende dar desde la agrupaci\u00f3n.<\/p>\n","protected":false},"excerpt":{"rendered":"<p>Liliana Sosa, Nadia Barbarino, Gladys Romero y Jos\u00e9 Luis Zabaleta, ir\u00e1n por la reelecci\u00f3n como delegados en el sector de &#8230; <a title=\"La verde present\u00f3 la lista AnusATE\" class=\"read-more\" href=\"https:\/\/www.hoymercedes.com.ar\/principal\/2019\/04\/17\/la-verde-presento-la-lista-anusate\/\" aria-label=\"Leer m\u00e1s sobre La verde present\u00f3 la lista AnusATE\">Leer m\u00e1s<\/a><\/p>\n","protected":false},"author":1,"featured_media":91505,"comment_status":"closed","ping_status":"open","sticky":false,"template":"","format":"standard","meta":{"_monsterinsights_skip_tracking":false,"_monsterinsights_sitenote_active":false,"_monsterinsights_sitenote_note":"","_monsterinsights_sitenote_category":0,"jetpack_post_was_ever_published":false,"_jetpack_newsletter_access":"","_jetpack_dont_email_post_to_subs":false,"_jetpack_newsletter_tier_id":0,"_jetpack_memberships_contains_paywalled_content":false,"_jetpack_memberships_contains_paid_content":false,"footnotes":"","jetpack_publicize_message":"","jetpack_publicize_feature_enabled":true,"jetpack_social_post_already_shared":true,"jetpack_social_options":{"image_generator_settings":{"template":"highway","default_image_id":0,"font":"","enabled":false},"version":2},"_wpas_customize_per_network":false},"categories":[10563],"tags":[11792,1409,14894,9078],"class_list":["post-91504","post","type-post","status-publish","format-standard","has-post-thumbnail","hentry","category-gremios-sindicatos","tag-auxiliares-de-educacion","tag-candidatos","tag-elecciones-ate","tag-lista-verde","generate-columns","tablet-grid-50","mobile-grid-100","grid-parent","grid-50"],"jetpack_publicize_connections":[],"jetpack_featured_media_url":"https:\/\/www.hoymercedes.com.ar\/principal\/wp-content\/uploads\/2019\/04\/17-ATE-elecciones.jpg","wps_subtitle":"Auxiliares de Educaci\u00f3n","jetpack_sharing_enabled":true,"_links":{"self":[{"href":"https:\/\/www.hoymercedes.com.ar\/principal\/wp-json\/wp\/v2\/posts\/91504","targetHints":{"allow":["GET"]}}],"collection":[{"href":"https:\/\/www.hoymercedes.com.ar\/principal\/wp-json\/wp\/v2\/posts"}],"about":[{"href":"https:\/\/www.hoymercedes.com.ar\/principal\/wp-json\/wp\/v2\/types\/post"}],"author":[{"embeddable":true,"href":"https:\/\/www.hoymercedes.com.ar\/principal\/wp-json\/wp\/v2\/users\/1"}],"replies":[{"embeddable":true,"href":"https:\/\/www.hoymercedes.com.ar\/principal\/wp-json\/wp\/v2\/comments?post=91504"}],"version-history":[{"count":0,"href":"https:\/\/www.hoymercedes.com.ar\/principal\/wp-json\/wp\/v2\/posts\/91504\/revisions"}],"wp:featuredmedia":[{"embeddable":true,"href":"https:\/\/www.hoymercedes.com.ar\/principal\/wp-json\/wp\/v2\/media\/91505"}],"wp:attachment":[{"href":"https:\/\/www.hoymercedes.com.ar\/principal\/wp-json\/wp\/v2\/media?parent=91504"}],"wp:term":[{"taxonomy":"category","embeddable":true,"href":"https:\/\/www.hoymercedes.com.ar\/principal\/wp-json\/wp\/v2\/categories?post=91504"},{"taxonomy":"post_tag","embeddable":true,"href":"https:\/\/www.hoymercedes.com.ar\/principal\/wp-json\/wp\/v2\/tags?post=91504"}],"curies":[{"name":"wp","href":"https:\/\/api.w.org\/{rel}","templated":true}]}}