{"id":9151,"date":"2011-11-16T11:25:29","date_gmt":"2011-11-16T11:25:29","guid":{"rendered":"http:\/\/www.hoymercedes.com.ar\/principal\/?p=9151"},"modified":"2011-11-16T11:25:29","modified_gmt":"2011-11-16T11:25:29","slug":"el-inta-mercedes-tendra-su-sede-propia-en-la-calle-36-entre-3-y-5","status":"publish","type":"post","link":"https:\/\/www.hoymercedes.com.ar\/principal\/2011\/11\/16\/el-inta-mercedes-tendra-su-sede-propia-en-la-calle-36-entre-3-y-5\/","title":{"rendered":"El INTA Mercedes tendr\u00e1 su sede propia en la calle 36 entre 3 y 5"},"content":{"rendered":"<p>Los integrantes del Honorable Concejo Deliberante aprobaron en la ante\u00faltima sesi\u00f3n ordinaria del a\u00f1o un proyecto de Ordenanza elevado por el Departamento Ejecutivo disponi\u00e9ndose la entrega en car\u00e1cter de donaci\u00f3n de un terreno ubicado en la calle 36 entre 3 y 5 a la Agencia de Extensi\u00f3n Regional INTA Mercedes que actualmente ocupa uno de los locales ubicados en la planta alta del edificio correspondiente a la Terminal de Colectivos ubicada en el Acceso Sur para que all\u00ed el gobierno nacional construya la sede propia del mencionado Organismo.<\/p>\n<p>El concejal Marcelo Denapole sostuvo <em>\u201cel Concejo estaba analizando en comisi\u00f3n el proyecto presentado por el Departamento Ejecutivo en virtud de los informes recibidos desde la Agencia Regional INTA Mercedes relacionados con la posible construcci\u00f3n de una sede propia que estar\u00e1 a cargo del gobierno nacional porque se hab\u00eda resuelto en aquellos casos en que las representaciones del INTA en las principales ciudades del pa\u00eds que no tuvieran sede propias, es decir que se encontraran ocupando lugares alquilados o prestados, puedan acceder a uno definitivo por lo cual el gobierno nacional se hace cargo de la construcci\u00f3n si las autoridades de la ciudad en la que se encuentra la Agencia donaban el correspondiente terreno.<\/em><\/p>\n<p><em>Creo que a nadie escapa la importancia que tiene el accionar en Mercedes de la Agencia de Extensi\u00f3n Regional ya que no solo asesora y capacita a productores mercedinos sino tambi\u00e9n de Suipacha y Navarro, y todo el trabajo se hace en un local realmente no apto ya que es muy chico para contener a no menos de cuatro personas.<\/em><\/p>\n<p><em>Originalmente el municipio hab\u00eda decidido otorgar dos locales en la terminal, el otro es el que actualmente ocupa el personal de Bromatolog\u00eda, pero justamente el INTA tuvo que devolverlo para que lo ocupara dicha \u00e1rea de la comuna.<\/em><\/p>\n<p><em>Ahora se propuso donar el predio ubicado en calle 36 entre 3 y 5 pero nos encontramos con algunas dificultades por lo cual fue necesario que el Cuerpo se constituyera en Comisi\u00f3n y as\u00ed resolver el inconveniente.<\/em><\/p>\n<p><em>Lo que pasaba era que dicho terreno hab\u00eda sido cedido a la Sociedad de Fomento del barrio Lapenta cuyos integrantes luego solicitaron que se haga la transferencia a la Direcci\u00f3n General de Cultura y Educaci\u00f3n para que all\u00ed se construyera el Jard\u00edn 914 y para ello el Concejo Deliberante sancion\u00f3 la correspondiente ordenanza en el 2008 pero ocurri\u00f3 que desde la provincia se descart\u00f3 dicho predio porque no reun\u00eda las condiciones necesarias para construir un jard\u00edn de Infantes pero la ordenanza qued\u00f3 en vigencias entonces como paso previo a la nueva donaci\u00f3n hab\u00eda que derogar la mencionada norma y posteriormente votar una nueva estableciendo ahora s\u00ed la cesi\u00f3n definitiva para que all\u00ed se construya la sede Mercedes del INTA.<\/em><\/p>\n<p><em>De esta manera se da un paso importante teniendo en cuenta la gran labor que desarrollo la AER INTA que muchas veces tiene que recurrir al pedido de prestamos de alg\u00fan lugar para poder dar los diferentes cursos o jornadas de capacitaci\u00f3n para los productores de la zona, o incluso tener que guardar en dep\u00f3sitos prestados las bolsas con la semillas de los Planes Pro Huerta que bajan a nuestra ciudad por no contar con el espacio necesario en el local de la Terminal.<\/em><\/p>\n<p><em>De ahora en adelante habr\u00e1 que esperar los plazos legales para la transferencia del dominio del terreno y luego que el gobierno nacional disponga de la partida presupuestaria correspondiente para construir la sede definitiva\u201d.<\/em><\/p>\n","protected":false},"excerpt":{"rendered":"<p>Los integrantes del Honorable Concejo Deliberante aprobaron en la ante\u00faltima sesi\u00f3n ordinaria del a\u00f1o un proyecto de Ordenanza elevado por &#8230; <a title=\"El INTA Mercedes tendr\u00e1 su sede propia en la calle 36 entre 3 y 5\" class=\"read-more\" href=\"https:\/\/www.hoymercedes.com.ar\/principal\/2011\/11\/16\/el-inta-mercedes-tendra-su-sede-propia-en-la-calle-36-entre-3-y-5\/\" aria-label=\"Leer m\u00e1s sobre El INTA Mercedes tendr\u00e1 su sede propia en la calle 36 entre 3 y 5\">Leer m\u00e1s<\/a><\/p>\n","protected":false},"author":1,"featured_media":0,"comment_status":"open","ping_status":"open","sticky":false,"template":"","format":"standard","meta":{"_monsterinsights_skip_tracking":false,"_monsterinsights_sitenote_active":false,"_monsterinsights_sitenote_note":"","_monsterinsights_sitenote_category":0,"jetpack_post_was_ever_published":false,"_jetpack_newsletter_access":"","_jetpack_dont_email_post_to_subs":false,"_jetpack_newsletter_tier_id":0,"_jetpack_memberships_contains_paywalled_content":false,"_jetpack_memberships_contains_paid_content":false,"footnotes":"","jetpack_publicize_message":"","jetpack_publicize_feature_enabled":true,"jetpack_social_post_already_shared":false,"jetpack_social_options":{"image_generator_settings":{"template":"highway","default_image_id":0,"font":"","enabled":false},"version":2},"_wpas_customize_per_network":false},"categories":[8],"tags":[1086],"class_list":["post-9151","post","type-post","status-publish","format-standard","hentry","category-sociedad","tag-inta-mercedes","generate-columns","tablet-grid-50","mobile-grid-100","grid-parent","grid-50"],"jetpack_publicize_connections":[],"jetpack_featured_media_url":"","wps_subtitle":"","jetpack_sharing_enabled":true,"_links":{"self":[{"href":"https:\/\/www.hoymercedes.com.ar\/principal\/wp-json\/wp\/v2\/posts\/9151","targetHints":{"allow":["GET"]}}],"collection":[{"href":"https:\/\/www.hoymercedes.com.ar\/principal\/wp-json\/wp\/v2\/posts"}],"about":[{"href":"https:\/\/www.hoymercedes.com.ar\/principal\/wp-json\/wp\/v2\/types\/post"}],"author":[{"embeddable":true,"href":"https:\/\/www.hoymercedes.com.ar\/principal\/wp-json\/wp\/v2\/users\/1"}],"replies":[{"embeddable":true,"href":"https:\/\/www.hoymercedes.com.ar\/principal\/wp-json\/wp\/v2\/comments?post=9151"}],"version-history":[{"count":0,"href":"https:\/\/www.hoymercedes.com.ar\/principal\/wp-json\/wp\/v2\/posts\/9151\/revisions"}],"wp:attachment":[{"href":"https:\/\/www.hoymercedes.com.ar\/principal\/wp-json\/wp\/v2\/media?parent=9151"}],"wp:term":[{"taxonomy":"category","embeddable":true,"href":"https:\/\/www.hoymercedes.com.ar\/principal\/wp-json\/wp\/v2\/categories?post=9151"},{"taxonomy":"post_tag","embeddable":true,"href":"https:\/\/www.hoymercedes.com.ar\/principal\/wp-json\/wp\/v2\/tags?post=9151"}],"curies":[{"name":"wp","href":"https:\/\/api.w.org\/{rel}","templated":true}]}}