{"id":91516,"date":"2019-04-17T18:40:32","date_gmt":"2019-04-17T21:40:32","guid":{"rendered":"http:\/\/www.hoymercedes.com.ar\/principal\/?p=91516"},"modified":"2019-04-17T16:48:21","modified_gmt":"2019-04-17T19:48:21","slug":"compilaciones-colectivas-expuestas-en-el-mamm","status":"publish","type":"post","link":"https:\/\/www.hoymercedes.com.ar\/principal\/2019\/04\/17\/compilaciones-colectivas-expuestas-en-el-mamm\/","title":{"rendered":"Compilaciones colectivas expuestas en el MAMM"},"content":{"rendered":"\n<p>En la tarde del d\u00eda s\u00e1bado, el Museo de Arte \u201cMunicipalidad\nde Mercedes\u201d inaugur\u00f3 la muestra colectiva organizada por Umbral Espacio de\nArte, titulada \u201cInventario de Compilaciones Colectivas\u201d. Muestra en la cual\nparticipan artistas pl\u00e1sticos mercedinos. Luego del trabajo en el MAMM se llev\u00f3\nadelante un taller en El Limonero que los hizo recorrer distintos puntos\ncercanos el espacio de arte. <\/p>\n\n\n\n<figure class=\"wp-block-image\"><img loading=\"lazy\" decoding=\"async\" width=\"750\" height=\"563\" data-attachment-id=\"91519\" data-permalink=\"https:\/\/www.hoymercedes.com.ar\/principal\/2019\/04\/17\/compilaciones-colectivas-expuestas-en-el-mamm\/17-umbral-arte-3\/#main\" data-orig-file=\"https:\/\/www.hoymercedes.com.ar\/principal\/wp-content\/uploads\/2019\/04\/17-umbral-arte-3.jpg\" data-orig-size=\"750,563\" data-comments-opened=\"0\" data-image-meta=\"{&quot;aperture&quot;:&quot;0&quot;,&quot;credit&quot;:&quot;&quot;,&quot;camera&quot;:&quot;&quot;,&quot;caption&quot;:&quot;&quot;,&quot;created_timestamp&quot;:&quot;0&quot;,&quot;copyright&quot;:&quot;&quot;,&quot;focal_length&quot;:&quot;0&quot;,&quot;iso&quot;:&quot;0&quot;,&quot;shutter_speed&quot;:&quot;0&quot;,&quot;title&quot;:&quot;&quot;,&quot;orientation&quot;:&quot;0&quot;}\" data-image-title=\"17 umbral arte 3\" data-image-description=\"\" data-image-caption=\"\" data-large-file=\"https:\/\/www.hoymercedes.com.ar\/principal\/wp-content\/uploads\/2019\/04\/17-umbral-arte-3.jpg\" src=\"https:\/\/www.hoymercedes.com.ar\/principal\/wp-content\/uploads\/2019\/04\/17-umbral-arte-3.jpg\" alt=\"\" class=\"wp-image-91519\" srcset=\"https:\/\/www.hoymercedes.com.ar\/principal\/wp-content\/uploads\/2019\/04\/17-umbral-arte-3.jpg 750w, https:\/\/www.hoymercedes.com.ar\/principal\/wp-content\/uploads\/2019\/04\/17-umbral-arte-3-150x113.jpg 150w, https:\/\/www.hoymercedes.com.ar\/principal\/wp-content\/uploads\/2019\/04\/17-umbral-arte-3-630x473.jpg 630w, https:\/\/www.hoymercedes.com.ar\/principal\/wp-content\/uploads\/2019\/04\/17-umbral-arte-3-320x240.jpg 320w, https:\/\/www.hoymercedes.com.ar\/principal\/wp-content\/uploads\/2019\/04\/17-umbral-arte-3-100x75.jpg 100w\" sizes=\"auto, (max-width: 750px) 100vw, 750px\" \/><\/figure>\n\n\n\n<p>\u201cEn 2017 convocamos a una gran cantidad de artistas a generar\nobras a partir de un objeto com\u00fan, pensando en la construcci\u00f3n de un proyecto\ncolectivo, un di\u00e1logo en simult\u00e1neo entre muy diversas voces, po\u00e9ticas,\nconceptos, asociaciones, derivas, apropiaciones y manifestaciones. La propuesta\nparti\u00f3 de la invitaci\u00f3n a intervenir y\/o introducir im\u00e1genes, objetos, textos\n(y\/o lo que cada quisiera) adentro de un contenedor pl\u00e1stico utilizado en\nlaboratorios m\u00e9dicos. La idea fue entonces, generar una compilaci\u00f3n de\nconceptos, propuestas, emocionalidades, est\u00e9ticas y pol\u00edticas, tanto\nparticulares como fusionadas, tanto \u00edntimas como sociales. Generamos as\u00ed una\nespecie de archivo m\u00faltiple sin l\u00edmites ni desde lo discursivo, ni desde las\nformas de la memoria, ni desde la apropiaci\u00f3n de sentidos\u201d, contaron D\u00e9bora Kimos\ny Paula Doberti. <\/p>\n\n\n\n<p>La muestra contin\u00faa expuesta en la Sala B del MAMM y puede disfrutarse durante el fin de semana largo en el espacio cultural dedicado al arte pl\u00e1stico. <\/p>\n\n\n\n<figure class=\"wp-block-image\"><img loading=\"lazy\" decoding=\"async\" width=\"720\" height=\"684\" data-attachment-id=\"91517\" data-permalink=\"https:\/\/www.hoymercedes.com.ar\/principal\/2019\/04\/17\/compilaciones-colectivas-expuestas-en-el-mamm\/17-umbral-arte-1\/#main\" data-orig-file=\"https:\/\/www.hoymercedes.com.ar\/principal\/wp-content\/uploads\/2019\/04\/17-umbral-arte-1.jpg\" data-orig-size=\"720,684\" data-comments-opened=\"0\" data-image-meta=\"{&quot;aperture&quot;:&quot;0&quot;,&quot;credit&quot;:&quot;&quot;,&quot;camera&quot;:&quot;&quot;,&quot;caption&quot;:&quot;&quot;,&quot;created_timestamp&quot;:&quot;0&quot;,&quot;copyright&quot;:&quot;&quot;,&quot;focal_length&quot;:&quot;0&quot;,&quot;iso&quot;:&quot;0&quot;,&quot;shutter_speed&quot;:&quot;0&quot;,&quot;title&quot;:&quot;&quot;,&quot;orientation&quot;:&quot;0&quot;}\" data-image-title=\"17 umbral arte 1\" data-image-description=\"\" data-image-caption=\"\" data-large-file=\"https:\/\/www.hoymercedes.com.ar\/principal\/wp-content\/uploads\/2019\/04\/17-umbral-arte-1.jpg\" src=\"https:\/\/www.hoymercedes.com.ar\/principal\/wp-content\/uploads\/2019\/04\/17-umbral-arte-1.jpg\" alt=\"\" class=\"wp-image-91517\" srcset=\"https:\/\/www.hoymercedes.com.ar\/principal\/wp-content\/uploads\/2019\/04\/17-umbral-arte-1.jpg 720w, https:\/\/www.hoymercedes.com.ar\/principal\/wp-content\/uploads\/2019\/04\/17-umbral-arte-1-150x143.jpg 150w, https:\/\/www.hoymercedes.com.ar\/principal\/wp-content\/uploads\/2019\/04\/17-umbral-arte-1-630x599.jpg 630w\" sizes=\"auto, (max-width: 720px) 100vw, 720px\" \/><\/figure>\n","protected":false},"excerpt":{"rendered":"<p>En la tarde del d\u00eda s\u00e1bado, el Museo de Arte \u201cMunicipalidad de Mercedes\u201d inaugur\u00f3 la muestra colectiva organizada por Umbral &#8230; <a title=\"Compilaciones colectivas expuestas en el MAMM\" class=\"read-more\" href=\"https:\/\/www.hoymercedes.com.ar\/principal\/2019\/04\/17\/compilaciones-colectivas-expuestas-en-el-mamm\/\" aria-label=\"Leer m\u00e1s sobre Compilaciones colectivas expuestas en el MAMM\">Leer m\u00e1s<\/a><\/p>\n","protected":false},"author":1,"featured_media":91518,"comment_status":"closed","ping_status":"open","sticky":false,"template":"","format":"standard","meta":{"_monsterinsights_skip_tracking":false,"_monsterinsights_sitenote_active":false,"_monsterinsights_sitenote_note":"","_monsterinsights_sitenote_category":0,"jetpack_post_was_ever_published":false,"_jetpack_newsletter_access":"","_jetpack_dont_email_post_to_subs":false,"_jetpack_newsletter_tier_id":0,"_jetpack_memberships_contains_paywalled_content":false,"_jetpack_memberships_contains_paid_content":false,"footnotes":"","jetpack_publicize_message":"","jetpack_publicize_feature_enabled":true,"jetpack_social_post_already_shared":true,"jetpack_social_options":{"image_generator_settings":{"template":"highway","default_image_id":0,"font":"","enabled":false},"version":2},"_wpas_customize_per_network":false},"categories":[104],"tags":[8890,7805,8674,8715],"class_list":["post-91516","post","type-post","status-publish","format-standard","has-post-thumbnail","hentry","category-cultura","tag-artes-plasticas","tag-cultura","tag-mamm","tag-muestra","generate-columns","tablet-grid-50","mobile-grid-100","grid-parent","grid-50"],"jetpack_publicize_connections":[],"jetpack_featured_media_url":"https:\/\/www.hoymercedes.com.ar\/principal\/wp-content\/uploads\/2019\/04\/17-umbral-arte-2.jpg","wps_subtitle":"Inaugurada el s\u00e1bado \u00faltimo","jetpack_sharing_enabled":true,"_links":{"self":[{"href":"https:\/\/www.hoymercedes.com.ar\/principal\/wp-json\/wp\/v2\/posts\/91516","targetHints":{"allow":["GET"]}}],"collection":[{"href":"https:\/\/www.hoymercedes.com.ar\/principal\/wp-json\/wp\/v2\/posts"}],"about":[{"href":"https:\/\/www.hoymercedes.com.ar\/principal\/wp-json\/wp\/v2\/types\/post"}],"author":[{"embeddable":true,"href":"https:\/\/www.hoymercedes.com.ar\/principal\/wp-json\/wp\/v2\/users\/1"}],"replies":[{"embeddable":true,"href":"https:\/\/www.hoymercedes.com.ar\/principal\/wp-json\/wp\/v2\/comments?post=91516"}],"version-history":[{"count":0,"href":"https:\/\/www.hoymercedes.com.ar\/principal\/wp-json\/wp\/v2\/posts\/91516\/revisions"}],"wp:featuredmedia":[{"embeddable":true,"href":"https:\/\/www.hoymercedes.com.ar\/principal\/wp-json\/wp\/v2\/media\/91518"}],"wp:attachment":[{"href":"https:\/\/www.hoymercedes.com.ar\/principal\/wp-json\/wp\/v2\/media?parent=91516"}],"wp:term":[{"taxonomy":"category","embeddable":true,"href":"https:\/\/www.hoymercedes.com.ar\/principal\/wp-json\/wp\/v2\/categories?post=91516"},{"taxonomy":"post_tag","embeddable":true,"href":"https:\/\/www.hoymercedes.com.ar\/principal\/wp-json\/wp\/v2\/tags?post=91516"}],"curies":[{"name":"wp","href":"https:\/\/api.w.org\/{rel}","templated":true}]}}