{"id":91529,"date":"2019-04-17T20:30:02","date_gmt":"2019-04-17T23:30:02","guid":{"rendered":"http:\/\/www.hoymercedes.com.ar\/principal\/?p=91529"},"modified":"2019-04-18T08:59:58","modified_gmt":"2019-04-18T11:59:58","slug":"comenzo-el-torneo-de-futbol-femenino-en-todas-las-categorias","status":"publish","type":"post","link":"https:\/\/www.hoymercedes.com.ar\/principal\/2019\/04\/17\/comenzo-el-torneo-de-futbol-femenino-en-todas-las-categorias\/","title":{"rendered":"Comenz\u00f3 el torneo de F\u00fatbol Femenino en todas las categor\u00edas"},"content":{"rendered":"\n<p>Entre s\u00e1bado y domingo se jug\u00f3 la primera fecha en todas las categor\u00edas del torneo de F\u00fatbol Femenino de la Liga Mercedina de F\u00fatbol. En la m\u00e1xima categor\u00eda, ALFA gole\u00f3 a V\u00e9lez y el \u00faltimo campe\u00f3n, El Front\u00f3n, cay\u00f3 ante Programa Envi\u00f3n. En las inferiores, los dos partidos de Sub 12 terminaron en goleada y en Sub 16 debut\u00f3 un nuevo equipo: La Loma de Capit\u00e1n Sarmiento.<\/p>\n\n\n\n<p><strong>Primera divisi\u00f3n<br><\/strong>Deportivo Gowland 0.<br>Club &nbsp;Mercedes 1. Araceli Pueblas.<\/p>\n\n\n\n<p>Envi\u00f3n 1: Carla Ferreyra.<br>El Front\u00f3n 0.<\/p>\n\n\n\n<p>Alfa 7: Ver\u00f3nica Ribero 6 y Victoria Mu\u00f1oz.<br>V\u00e9lez Sarsfield 0.<\/p>\n\n\n\n<p>Juventud 0.<br>Defensores 0.<\/p>\n\n\n\n<p>Los Carteros 1: Luz Garelli.<br>Estudiantes 1: Guillermina Crivella.<\/p>\n\n\n\n<p><strong>Sub 12<\/strong><br>V\u00e9lez 0.<br>Estudiantes 6: Ana D\u00edaz 3, Ana Dinova 2 y Malena P\u00e1ez.<\/p>\n\n\n\n<p>Alfa 6: Clara Cerdeiro 5 y Morena Garc\u00eda.<br>Los Carteros 0.<\/p>\n\n\n\n<p><strong>Sub 16<\/strong><br>Alfa 2: Candelaria Iba\u00f1a 2.<br>Defensores 1: Milagros Mouzz\u00f3n.<\/p>\n\n\n\n<p>V\u00e9lez 0.<br>La Loma 2: Ainara Ortiz.<\/p>\n\n\n\n<p>El Front\u00f3n 1: Brenda Taramasco.<br>Los Carteros 1: Luz Garelli.<\/p>\n\n\n\n<div class=\"wp-block-image\"><figure class=\"aligncenter\"><img loading=\"lazy\" decoding=\"async\" width=\"432\" height=\"277\" data-attachment-id=\"91530\" data-permalink=\"https:\/\/www.hoymercedes.com.ar\/principal\/2019\/04\/17\/comenzo-el-torneo-de-futbol-femenino-en-todas-las-categorias\/pos-fem-pri-2\/#main\" data-orig-file=\"https:\/\/www.hoymercedes.com.ar\/principal\/wp-content\/uploads\/2019\/04\/POS-FEM-PRI-1.png\" data-orig-size=\"432,277\" data-comments-opened=\"0\" data-image-meta=\"{&quot;aperture&quot;:&quot;0&quot;,&quot;credit&quot;:&quot;&quot;,&quot;camera&quot;:&quot;&quot;,&quot;caption&quot;:&quot;&quot;,&quot;created_timestamp&quot;:&quot;0&quot;,&quot;copyright&quot;:&quot;&quot;,&quot;focal_length&quot;:&quot;0&quot;,&quot;iso&quot;:&quot;0&quot;,&quot;shutter_speed&quot;:&quot;0&quot;,&quot;title&quot;:&quot;&quot;,&quot;orientation&quot;:&quot;0&quot;}\" data-image-title=\"POS FEM PRI\" data-image-description=\"\" data-image-caption=\"\" data-large-file=\"https:\/\/www.hoymercedes.com.ar\/principal\/wp-content\/uploads\/2019\/04\/POS-FEM-PRI-1.png\" src=\"https:\/\/www.hoymercedes.com.ar\/principal\/wp-content\/uploads\/2019\/04\/POS-FEM-PRI-1.png\" alt=\"\" class=\"wp-image-91530\" srcset=\"https:\/\/www.hoymercedes.com.ar\/principal\/wp-content\/uploads\/2019\/04\/POS-FEM-PRI-1.png 432w, https:\/\/www.hoymercedes.com.ar\/principal\/wp-content\/uploads\/2019\/04\/POS-FEM-PRI-1-150x96.png 150w\" sizes=\"auto, (max-width: 432px) 100vw, 432px\" \/><\/figure><\/div>\n\n\n\n<div class=\"wp-block-image\"><figure class=\"aligncenter\"><img loading=\"lazy\" decoding=\"async\" width=\"432\" height=\"364\" data-attachment-id=\"91531\" data-permalink=\"https:\/\/www.hoymercedes.com.ar\/principal\/2019\/04\/17\/comenzo-el-torneo-de-futbol-femenino-en-todas-las-categorias\/pos-fem-inf\/#main\" data-orig-file=\"https:\/\/www.hoymercedes.com.ar\/principal\/wp-content\/uploads\/2019\/04\/POS-FEM-INF.png\" data-orig-size=\"432,364\" data-comments-opened=\"0\" data-image-meta=\"{&quot;aperture&quot;:&quot;0&quot;,&quot;credit&quot;:&quot;&quot;,&quot;camera&quot;:&quot;&quot;,&quot;caption&quot;:&quot;&quot;,&quot;created_timestamp&quot;:&quot;0&quot;,&quot;copyright&quot;:&quot;&quot;,&quot;focal_length&quot;:&quot;0&quot;,&quot;iso&quot;:&quot;0&quot;,&quot;shutter_speed&quot;:&quot;0&quot;,&quot;title&quot;:&quot;&quot;,&quot;orientation&quot;:&quot;0&quot;}\" data-image-title=\"POS FEM INF\" data-image-description=\"\" data-image-caption=\"\" data-large-file=\"https:\/\/www.hoymercedes.com.ar\/principal\/wp-content\/uploads\/2019\/04\/POS-FEM-INF.png\" src=\"https:\/\/www.hoymercedes.com.ar\/principal\/wp-content\/uploads\/2019\/04\/POS-FEM-INF.png\" alt=\"\" class=\"wp-image-91531\" srcset=\"https:\/\/www.hoymercedes.com.ar\/principal\/wp-content\/uploads\/2019\/04\/POS-FEM-INF.png 432w, https:\/\/www.hoymercedes.com.ar\/principal\/wp-content\/uploads\/2019\/04\/POS-FEM-INF-150x126.png 150w\" sizes=\"auto, (max-width: 432px) 100vw, 432px\" \/><\/figure><\/div>\n\n\n\n<div class=\"wp-block-image\"><figure class=\"aligncenter\"><img loading=\"lazy\" decoding=\"async\" width=\"293\" height=\"475\" data-attachment-id=\"91532\" data-permalink=\"https:\/\/www.hoymercedes.com.ar\/principal\/2019\/04\/17\/comenzo-el-torneo-de-futbol-femenino-en-todas-las-categorias\/gol-fem\/#main\" data-orig-file=\"https:\/\/www.hoymercedes.com.ar\/principal\/wp-content\/uploads\/2019\/04\/GOL-FEM.png\" data-orig-size=\"293,475\" data-comments-opened=\"0\" data-image-meta=\"{&quot;aperture&quot;:&quot;0&quot;,&quot;credit&quot;:&quot;&quot;,&quot;camera&quot;:&quot;&quot;,&quot;caption&quot;:&quot;&quot;,&quot;created_timestamp&quot;:&quot;0&quot;,&quot;copyright&quot;:&quot;&quot;,&quot;focal_length&quot;:&quot;0&quot;,&quot;iso&quot;:&quot;0&quot;,&quot;shutter_speed&quot;:&quot;0&quot;,&quot;title&quot;:&quot;&quot;,&quot;orientation&quot;:&quot;0&quot;}\" data-image-title=\"GOL FEM\" data-image-description=\"\" data-image-caption=\"\" data-large-file=\"https:\/\/www.hoymercedes.com.ar\/principal\/wp-content\/uploads\/2019\/04\/GOL-FEM.png\" src=\"https:\/\/www.hoymercedes.com.ar\/principal\/wp-content\/uploads\/2019\/04\/GOL-FEM.png\" alt=\"\" class=\"wp-image-91532\" srcset=\"https:\/\/www.hoymercedes.com.ar\/principal\/wp-content\/uploads\/2019\/04\/GOL-FEM.png 293w, https:\/\/www.hoymercedes.com.ar\/principal\/wp-content\/uploads\/2019\/04\/GOL-FEM-93x150.png 93w\" sizes=\"auto, (max-width: 293px) 100vw, 293px\" \/><\/figure><\/div>\n","protected":false},"excerpt":{"rendered":"<p>Entre s\u00e1bado y domingo se jug\u00f3 la primera fecha en todas las categor\u00edas del torneo de F\u00fatbol Femenino de la &#8230; <a title=\"Comenz\u00f3 el torneo de F\u00fatbol Femenino en todas las categor\u00edas\" class=\"read-more\" href=\"https:\/\/www.hoymercedes.com.ar\/principal\/2019\/04\/17\/comenzo-el-torneo-de-futbol-femenino-en-todas-las-categorias\/\" aria-label=\"Leer m\u00e1s sobre Comenz\u00f3 el torneo de F\u00fatbol Femenino en todas las categor\u00edas\">Leer m\u00e1s<\/a><\/p>\n","protected":false},"author":1,"featured_media":91528,"comment_status":"closed","ping_status":"open","sticky":false,"template":"","format":"standard","meta":{"_monsterinsights_skip_tracking":false,"_monsterinsights_sitenote_active":false,"_monsterinsights_sitenote_note":"","_monsterinsights_sitenote_category":0,"jetpack_post_was_ever_published":false,"_jetpack_newsletter_access":"","_jetpack_dont_email_post_to_subs":false,"_jetpack_newsletter_tier_id":0,"_jetpack_memberships_contains_paywalled_content":false,"_jetpack_memberships_contains_paid_content":false,"footnotes":"","jetpack_publicize_message":"","jetpack_publicize_feature_enabled":true,"jetpack_social_post_already_shared":true,"jetpack_social_options":{"image_generator_settings":{"template":"highway","default_image_id":0,"font":"","enabled":false},"version":2},"_wpas_customize_per_network":false},"categories":[21],"tags":[9260,204,895],"class_list":["post-91529","post","type-post","status-publish","format-standard","has-post-thumbnail","hentry","category-deportes","tag-categorias","tag-deportes-2","tag-futbol-femenino","generate-columns","tablet-grid-50","mobile-grid-100","grid-parent","grid-50"],"jetpack_publicize_connections":[],"jetpack_featured_media_url":"https:\/\/www.hoymercedes.com.ar\/principal\/wp-content\/uploads\/2019\/04\/POS-FEM-PRI.png","wps_subtitle":"F\u00fatbol Femenino","jetpack_sharing_enabled":true,"_links":{"self":[{"href":"https:\/\/www.hoymercedes.com.ar\/principal\/wp-json\/wp\/v2\/posts\/91529","targetHints":{"allow":["GET"]}}],"collection":[{"href":"https:\/\/www.hoymercedes.com.ar\/principal\/wp-json\/wp\/v2\/posts"}],"about":[{"href":"https:\/\/www.hoymercedes.com.ar\/principal\/wp-json\/wp\/v2\/types\/post"}],"author":[{"embeddable":true,"href":"https:\/\/www.hoymercedes.com.ar\/principal\/wp-json\/wp\/v2\/users\/1"}],"replies":[{"embeddable":true,"href":"https:\/\/www.hoymercedes.com.ar\/principal\/wp-json\/wp\/v2\/comments?post=91529"}],"version-history":[{"count":0,"href":"https:\/\/www.hoymercedes.com.ar\/principal\/wp-json\/wp\/v2\/posts\/91529\/revisions"}],"wp:featuredmedia":[{"embeddable":true,"href":"https:\/\/www.hoymercedes.com.ar\/principal\/wp-json\/wp\/v2\/media\/91528"}],"wp:attachment":[{"href":"https:\/\/www.hoymercedes.com.ar\/principal\/wp-json\/wp\/v2\/media?parent=91529"}],"wp:term":[{"taxonomy":"category","embeddable":true,"href":"https:\/\/www.hoymercedes.com.ar\/principal\/wp-json\/wp\/v2\/categories?post=91529"},{"taxonomy":"post_tag","embeddable":true,"href":"https:\/\/www.hoymercedes.com.ar\/principal\/wp-json\/wp\/v2\/tags?post=91529"}],"curies":[{"name":"wp","href":"https:\/\/api.w.org\/{rel}","templated":true}]}}