{"id":91544,"date":"2019-04-18T15:45:41","date_gmt":"2019-04-18T18:45:41","guid":{"rendered":"http:\/\/www.hoymercedes.com.ar\/principal\/?p=91544"},"modified":"2019-04-17T20:51:33","modified_gmt":"2019-04-17T23:51:33","slug":"club-quilmes-participo-del-torneo-de-patin-upea","status":"publish","type":"post","link":"https:\/\/www.hoymercedes.com.ar\/principal\/2019\/04\/18\/club-quilmes-participo-del-torneo-de-patin-upea\/","title":{"rendered":"Club Quilmes particip\u00f3 del torneo de pat\u00edn UPEA"},"content":{"rendered":"\n<p style=\"text-align:left\">El domingo 7 de abril en el partido de La Matanza se llev\u00f3 a cabo el torneo de Pat\u00edn Art\u00edstico organizado por la Liga UPEA (Uni\u00f3n de Patinadores y Entrenadores Argentinos) con sede en el polideportivo San Carlos Borromeo. <\/p>\n\n\n\n<figure class=\"wp-block-image\"><img loading=\"lazy\" decoding=\"async\" width=\"960\" height=\"638\" data-attachment-id=\"91545\" data-permalink=\"https:\/\/www.hoymercedes.com.ar\/principal\/2019\/04\/18\/club-quilmes-participo-del-torneo-de-patin-upea\/whatsapp-image-2019-04-14-at-18-22-27\/#main\" data-orig-file=\"https:\/\/www.hoymercedes.com.ar\/principal\/wp-content\/uploads\/2019\/04\/WhatsApp-Image-2019-04-14-at-18.22.27.jpeg\" data-orig-size=\"960,638\" data-comments-opened=\"0\" data-image-meta=\"{&quot;aperture&quot;:&quot;0&quot;,&quot;credit&quot;:&quot;&quot;,&quot;camera&quot;:&quot;&quot;,&quot;caption&quot;:&quot;&quot;,&quot;created_timestamp&quot;:&quot;0&quot;,&quot;copyright&quot;:&quot;&quot;,&quot;focal_length&quot;:&quot;0&quot;,&quot;iso&quot;:&quot;0&quot;,&quot;shutter_speed&quot;:&quot;0&quot;,&quot;title&quot;:&quot;&quot;,&quot;orientation&quot;:&quot;0&quot;}\" data-image-title=\"WhatsApp Image 2019-04-14 at 18.22.27\" data-image-description=\"\" data-image-caption=\"\" data-large-file=\"https:\/\/www.hoymercedes.com.ar\/principal\/wp-content\/uploads\/2019\/04\/WhatsApp-Image-2019-04-14-at-18.22.27.jpeg\" src=\"https:\/\/www.hoymercedes.com.ar\/principal\/wp-content\/uploads\/2019\/04\/WhatsApp-Image-2019-04-14-at-18.22.27.jpeg\" alt=\"\" class=\"wp-image-91545\" srcset=\"https:\/\/www.hoymercedes.com.ar\/principal\/wp-content\/uploads\/2019\/04\/WhatsApp-Image-2019-04-14-at-18.22.27.jpeg 960w, https:\/\/www.hoymercedes.com.ar\/principal\/wp-content\/uploads\/2019\/04\/WhatsApp-Image-2019-04-14-at-18.22.27-150x100.jpeg 150w, https:\/\/www.hoymercedes.com.ar\/principal\/wp-content\/uploads\/2019\/04\/WhatsApp-Image-2019-04-14-at-18.22.27-630x419.jpeg 630w, https:\/\/www.hoymercedes.com.ar\/principal\/wp-content\/uploads\/2019\/04\/WhatsApp-Image-2019-04-14-at-18.22.27-720x480.jpeg 720w, https:\/\/www.hoymercedes.com.ar\/principal\/wp-content\/uploads\/2019\/04\/WhatsApp-Image-2019-04-14-at-18.22.27-360x240.jpeg 360w\" sizes=\"auto, (max-width: 960px) 100vw, 960px\" \/><\/figure>\n\n\n\n<p>Durante todo el domingo se hicieron presentes 17 clubes y 395 patinadoras y patinadores de diferentes categor\u00edas y edades en las modalidades Libre, Escuela, Danza y Show. Nuestro Club Quilmes se hizo presente con 59 patinadores y patinadoras, obteniendo como de costumbre excelentes resultados. <\/p>\n\n\n\n<figure class=\"wp-block-image\"><img loading=\"lazy\" decoding=\"async\" width=\"960\" height=\"638\" data-attachment-id=\"91547\" data-permalink=\"https:\/\/www.hoymercedes.com.ar\/principal\/2019\/04\/18\/club-quilmes-participo-del-torneo-de-patin-upea\/whatsapp-image-2019-04-14-at-18-22-27-1\/#main\" data-orig-file=\"https:\/\/www.hoymercedes.com.ar\/principal\/wp-content\/uploads\/2019\/04\/WhatsApp-Image-2019-04-14-at-18.22.27-1.jpeg\" data-orig-size=\"960,638\" data-comments-opened=\"0\" data-image-meta=\"{&quot;aperture&quot;:&quot;0&quot;,&quot;credit&quot;:&quot;&quot;,&quot;camera&quot;:&quot;&quot;,&quot;caption&quot;:&quot;&quot;,&quot;created_timestamp&quot;:&quot;0&quot;,&quot;copyright&quot;:&quot;&quot;,&quot;focal_length&quot;:&quot;0&quot;,&quot;iso&quot;:&quot;0&quot;,&quot;shutter_speed&quot;:&quot;0&quot;,&quot;title&quot;:&quot;&quot;,&quot;orientation&quot;:&quot;0&quot;}\" data-image-title=\"WhatsApp Image 2019-04-14 at 18.22.27 (1)\" data-image-description=\"\" data-image-caption=\"\" data-large-file=\"https:\/\/www.hoymercedes.com.ar\/principal\/wp-content\/uploads\/2019\/04\/WhatsApp-Image-2019-04-14-at-18.22.27-1.jpeg\" src=\"https:\/\/www.hoymercedes.com.ar\/principal\/wp-content\/uploads\/2019\/04\/WhatsApp-Image-2019-04-14-at-18.22.27-1.jpeg\" alt=\"\" class=\"wp-image-91547\" srcset=\"https:\/\/www.hoymercedes.com.ar\/principal\/wp-content\/uploads\/2019\/04\/WhatsApp-Image-2019-04-14-at-18.22.27-1.jpeg 960w, https:\/\/www.hoymercedes.com.ar\/principal\/wp-content\/uploads\/2019\/04\/WhatsApp-Image-2019-04-14-at-18.22.27-1-150x100.jpeg 150w, https:\/\/www.hoymercedes.com.ar\/principal\/wp-content\/uploads\/2019\/04\/WhatsApp-Image-2019-04-14-at-18.22.27-1-630x419.jpeg 630w, https:\/\/www.hoymercedes.com.ar\/principal\/wp-content\/uploads\/2019\/04\/WhatsApp-Image-2019-04-14-at-18.22.27-1-720x480.jpeg 720w, https:\/\/www.hoymercedes.com.ar\/principal\/wp-content\/uploads\/2019\/04\/WhatsApp-Image-2019-04-14-at-18.22.27-1-360x240.jpeg 360w\" sizes=\"auto, (max-width: 960px) 100vw, 960px\" \/><\/figure>\n\n\n\n<p>Nuestro plantel de Patinadoras y Patinadores con su respectiva categor\u00eda:<\/p>\n\n\n\n<p>1. Arzani, Catalina. Escuela Formativa.<\/p>\n\n\n\n<p>2. Cardoso Sucoli, F\u00e1tima. 4ta C<\/p>\n\n\n\n<p>3. Cardoso Sucoli, Catalina. Principiantes.<\/p>\n\n\n\n<p>4. Colotta, Josefina. Escuela Formativa.<\/p>\n\n\n\n<p>5. Poggio, Sof\u00eda. Escuela Formativa.<\/p>\n\n\n\n<figure class=\"wp-block-image\"><img loading=\"lazy\" decoding=\"async\" width=\"960\" height=\"638\" data-attachment-id=\"91548\" data-permalink=\"https:\/\/www.hoymercedes.com.ar\/principal\/2019\/04\/18\/club-quilmes-participo-del-torneo-de-patin-upea\/whatsapp-image-2019-04-14-at-18-22-28-2\/#main\" data-orig-file=\"https:\/\/www.hoymercedes.com.ar\/principal\/wp-content\/uploads\/2019\/04\/WhatsApp-Image-2019-04-14-at-18.22.28-1.jpeg\" data-orig-size=\"960,638\" data-comments-opened=\"0\" data-image-meta=\"{&quot;aperture&quot;:&quot;0&quot;,&quot;credit&quot;:&quot;&quot;,&quot;camera&quot;:&quot;&quot;,&quot;caption&quot;:&quot;&quot;,&quot;created_timestamp&quot;:&quot;0&quot;,&quot;copyright&quot;:&quot;&quot;,&quot;focal_length&quot;:&quot;0&quot;,&quot;iso&quot;:&quot;0&quot;,&quot;shutter_speed&quot;:&quot;0&quot;,&quot;title&quot;:&quot;&quot;,&quot;orientation&quot;:&quot;0&quot;}\" data-image-title=\"WhatsApp Image 2019-04-14 at 18.22.28\" data-image-description=\"\" data-image-caption=\"\" data-large-file=\"https:\/\/www.hoymercedes.com.ar\/principal\/wp-content\/uploads\/2019\/04\/WhatsApp-Image-2019-04-14-at-18.22.28-1.jpeg\" src=\"https:\/\/www.hoymercedes.com.ar\/principal\/wp-content\/uploads\/2019\/04\/WhatsApp-Image-2019-04-14-at-18.22.28-1.jpeg\" alt=\"\" class=\"wp-image-91548\" srcset=\"https:\/\/www.hoymercedes.com.ar\/principal\/wp-content\/uploads\/2019\/04\/WhatsApp-Image-2019-04-14-at-18.22.28-1.jpeg 960w, https:\/\/www.hoymercedes.com.ar\/principal\/wp-content\/uploads\/2019\/04\/WhatsApp-Image-2019-04-14-at-18.22.28-1-150x100.jpeg 150w, https:\/\/www.hoymercedes.com.ar\/principal\/wp-content\/uploads\/2019\/04\/WhatsApp-Image-2019-04-14-at-18.22.28-1-630x419.jpeg 630w, https:\/\/www.hoymercedes.com.ar\/principal\/wp-content\/uploads\/2019\/04\/WhatsApp-Image-2019-04-14-at-18.22.28-1-720x480.jpeg 720w, https:\/\/www.hoymercedes.com.ar\/principal\/wp-content\/uploads\/2019\/04\/WhatsApp-Image-2019-04-14-at-18.22.28-1-360x240.jpeg 360w\" sizes=\"auto, (max-width: 960px) 100vw, 960px\" \/><\/figure>\n\n\n\n<p>6. Minadevino, Elena. 4ta C.<\/p>\n\n\n\n<p>7. Castro Berenice. 3ra C.<\/p>\n\n\n\n<p>8. Contreras, Brisa. 5ta C.<\/p>\n\n\n\n<p>9. Garc\u00eda Telesca, Juana. 5ta C.<\/p>\n\n\n\n<p>10. Fern\u00e1ndez, Constanza. 3ra c<\/p>\n\n\n\n<p>11. Ch\u00e1vez, Valentina. 5ta C.<\/p>\n\n\n\n<p>12. Gonz\u00e1lez, Malena. 3ra C.<\/p>\n\n\n\n<p>13. Kuhn, Tiziana. 3ra C.<\/p>\n\n\n\n<p>14. Colombo, Priscila. 3ra C.<\/p>\n\n\n\n<figure class=\"wp-block-image\"><img loading=\"lazy\" decoding=\"async\" width=\"768\" height=\"1024\" data-attachment-id=\"91549\" data-permalink=\"https:\/\/www.hoymercedes.com.ar\/principal\/2019\/04\/18\/club-quilmes-participo-del-torneo-de-patin-upea\/whatsapp-image-2019-04-14-at-18-22-28-1\/#main\" data-orig-file=\"https:\/\/www.hoymercedes.com.ar\/principal\/wp-content\/uploads\/2019\/04\/WhatsApp-Image-2019-04-14-at-18.22.28-1-1.jpeg\" data-orig-size=\"774,1032\" data-comments-opened=\"0\" data-image-meta=\"{&quot;aperture&quot;:&quot;0&quot;,&quot;credit&quot;:&quot;&quot;,&quot;camera&quot;:&quot;&quot;,&quot;caption&quot;:&quot;&quot;,&quot;created_timestamp&quot;:&quot;0&quot;,&quot;copyright&quot;:&quot;&quot;,&quot;focal_length&quot;:&quot;0&quot;,&quot;iso&quot;:&quot;0&quot;,&quot;shutter_speed&quot;:&quot;0&quot;,&quot;title&quot;:&quot;&quot;,&quot;orientation&quot;:&quot;0&quot;}\" data-image-title=\"WhatsApp Image 2019-04-14 at 18.22.28 (1)\" data-image-description=\"\" data-image-caption=\"\" data-large-file=\"https:\/\/www.hoymercedes.com.ar\/principal\/wp-content\/uploads\/2019\/04\/WhatsApp-Image-2019-04-14-at-18.22.28-1-1-768x1024.jpeg\" src=\"https:\/\/www.hoymercedes.com.ar\/principal\/wp-content\/uploads\/2019\/04\/WhatsApp-Image-2019-04-14-at-18.22.28-1-1-768x1024.jpeg\" alt=\"\" class=\"wp-image-91549\" srcset=\"https:\/\/www.hoymercedes.com.ar\/principal\/wp-content\/uploads\/2019\/04\/WhatsApp-Image-2019-04-14-at-18.22.28-1-1-768x1024.jpeg 768w, https:\/\/www.hoymercedes.com.ar\/principal\/wp-content\/uploads\/2019\/04\/WhatsApp-Image-2019-04-14-at-18.22.28-1-1-113x150.jpeg 113w, https:\/\/www.hoymercedes.com.ar\/principal\/wp-content\/uploads\/2019\/04\/WhatsApp-Image-2019-04-14-at-18.22.28-1-1-465x620.jpeg 465w, https:\/\/www.hoymercedes.com.ar\/principal\/wp-content\/uploads\/2019\/04\/WhatsApp-Image-2019-04-14-at-18.22.28-1-1.jpeg 774w\" sizes=\"auto, (max-width: 768px) 100vw, 768px\" \/><\/figure>\n\n\n\n<p>15. Poggio, Agustina. 3ra C.<\/p>\n\n\n\n<p>16. Colombo, Azul. 2da C. Free Dance.<\/p>\n\n\n\n<p>17. Chaparro, Renata. Principiantes.<\/p>\n\n\n\n<p>18. Quevedo, M\u00eda. 5ta C.<\/p>\n\n\n\n<p>19. Quevedo, Uma. Escuela Formativa.<\/p>\n\n\n\n<p>20. Montivero Ricci, Brisa. 1ra C.<\/p>\n\n\n\n<p>21. Kuhn, Delfina. Incentivo.<\/p>\n\n\n\n<p>22. Petit, Jimena. 3ra C.<\/p>\n\n\n\n<p>23. D\u00edaz, Delfina. Principiantes.<\/p>\n\n\n\n<p>24. Rodr\u00edguez, Lucila. Principiantes.<\/p>\n\n\n\n<p>25. Pereyra Cuencas, Jazm\u00edn. Principiantes.<\/p>\n\n\n\n<p>26. Cosentino, Paloma. Incentivo.<\/p>\n\n\n\n<p>27. Godoy, Dulce. Incentivo.<\/p>\n\n\n\n<p>28. Acotto, Delfina. Principiantes.<\/p>\n\n\n\n<p>29. Athiel, delfina. Incentivo.<\/p>\n\n\n\n<p>30. Bordeau, Mar\u00eda Victoria. Incentivo.<\/p>\n\n\n\n<p>31. Rovere Unzola, Juana. Principiantes.<\/p>\n\n\n\n<p>32. Rovere Unzola, Jazmin. Principiantes.<\/p>\n\n\n\n<p>33. Martini Russo, Lara. 5ta C.<\/p>\n\n\n\n<p>34. Lamanna, Lila. Incentivo.<\/p>\n\n\n\n<p>35. Tabossi, Renata. Incentivo.<\/p>\n\n\n\n<p>36. Go\u00f1i. Morena. Principiantes.<\/p>\n\n\n\n<p>37. Sebastiano, Renata. Incentivo.<\/p>\n\n\n\n<p>38. Waiser, Delfina. Incentivo.<\/p>\n\n\n\n<p>39. Gopar, Sarah. Incentivo.<\/p>\n\n\n\n<p>40. Santana, Alma. Principiantes.<\/p>\n\n\n\n<p>41. Maldonado, Isabella. Incentivo.<\/p>\n\n\n\n<p>42. Bugallo, Roberta.<\/p>\n\n\n\n<p>43. Matteucci, Francesca. Principiantes.<\/p>\n\n\n\n<p>44. Monteamore, Clementina. Principiantes.<\/p>\n\n\n\n<p>45. Rassori, Delfina. Incentivo.<\/p>\n\n\n\n<p>46. Chidichimo, Bianca. Incentivo.<\/p>\n\n\n\n<p>47. Reyes, Malena. Incentivo.<\/p>\n\n\n\n<p>48. Gross, Agustina. Incentivo.<\/p>\n\n\n\n<p>49. Tarzzetti, Guadapule. 2da C.<\/p>\n\n\n\n<p>50. Garone, Lourdes. 2da C.<\/p>\n\n\n\n<p>51. Trevisan, Elena. Escuela Formativa.<\/p>\n\n\n\n<p>52. Zampelunghe, Abril. 5ta C.<\/p>\n\n\n\n<p>53. Tasisto, Mar\u00eda P\u00eda. Escuela Formativa.<\/p>\n\n\n\n<p>54. Albanese, Martina. 3ra C.<\/p>\n\n\n\n<p>55. Hern\u00e1ndez, Mailen. 2da C.<\/p>\n\n\n\n<p>56. Pasadore, Julia. Principiantes.<\/p>\n\n\n\n<p>57. Panessi, Joaqu\u00edn. Free Dance.<\/p>\n\n\n\n<p>Categor\u00eda DUOS:<\/p>\n\n\n\n<p>Duo Infantil: Quevedo, Uma y Cardoso Sucoli, Fatima.<\/p>\n\n\n\n<p>Duo 13 a\u00f1os: Kuhn, Tiziana y Gonzalez, Malena.<\/p>\n\n\n\n<p>Duo Mayores: Petit, Jimena y Poggio, Agustina.<\/p>\n","protected":false},"excerpt":{"rendered":"<p>El domingo 7 de abril en el partido de La Matanza se llev\u00f3 a cabo el torneo de Pat\u00edn Art\u00edstico &#8230; <a title=\"Club Quilmes particip\u00f3 del torneo de pat\u00edn UPEA\" class=\"read-more\" href=\"https:\/\/www.hoymercedes.com.ar\/principal\/2019\/04\/18\/club-quilmes-participo-del-torneo-de-patin-upea\/\" aria-label=\"Leer m\u00e1s sobre Club Quilmes particip\u00f3 del torneo de pat\u00edn UPEA\">Leer m\u00e1s<\/a><\/p>\n","protected":false},"author":1,"featured_media":91548,"comment_status":"closed","ping_status":"open","sticky":false,"template":"","format":"standard","meta":{"_monsterinsights_skip_tracking":false,"_monsterinsights_sitenote_active":false,"_monsterinsights_sitenote_note":"","_monsterinsights_sitenote_category":0,"jetpack_post_was_ever_published":false,"_jetpack_newsletter_access":"","_jetpack_dont_email_post_to_subs":false,"_jetpack_newsletter_tier_id":0,"_jetpack_memberships_contains_paywalled_content":false,"_jetpack_memberships_contains_paid_content":false,"footnotes":"","jetpack_publicize_message":"","jetpack_publicize_feature_enabled":true,"jetpack_social_post_already_shared":true,"jetpack_social_options":{"image_generator_settings":{"template":"highway","default_image_id":0,"font":"","enabled":false},"version":2},"_wpas_customize_per_network":false},"categories":[21],"tags":[1350],"class_list":["post-91544","post","type-post","status-publish","format-standard","has-post-thumbnail","hentry","category-deportes","tag-club-quilmes","generate-columns","tablet-grid-50","mobile-grid-100","grid-parent","grid-50"],"jetpack_publicize_connections":[],"jetpack_featured_media_url":"https:\/\/www.hoymercedes.com.ar\/principal\/wp-content\/uploads\/2019\/04\/WhatsApp-Image-2019-04-14-at-18.22.28-1.jpeg","wps_subtitle":"Pat\u00edn Art\u00edstico","jetpack_sharing_enabled":true,"_links":{"self":[{"href":"https:\/\/www.hoymercedes.com.ar\/principal\/wp-json\/wp\/v2\/posts\/91544","targetHints":{"allow":["GET"]}}],"collection":[{"href":"https:\/\/www.hoymercedes.com.ar\/principal\/wp-json\/wp\/v2\/posts"}],"about":[{"href":"https:\/\/www.hoymercedes.com.ar\/principal\/wp-json\/wp\/v2\/types\/post"}],"author":[{"embeddable":true,"href":"https:\/\/www.hoymercedes.com.ar\/principal\/wp-json\/wp\/v2\/users\/1"}],"replies":[{"embeddable":true,"href":"https:\/\/www.hoymercedes.com.ar\/principal\/wp-json\/wp\/v2\/comments?post=91544"}],"version-history":[{"count":0,"href":"https:\/\/www.hoymercedes.com.ar\/principal\/wp-json\/wp\/v2\/posts\/91544\/revisions"}],"wp:featuredmedia":[{"embeddable":true,"href":"https:\/\/www.hoymercedes.com.ar\/principal\/wp-json\/wp\/v2\/media\/91548"}],"wp:attachment":[{"href":"https:\/\/www.hoymercedes.com.ar\/principal\/wp-json\/wp\/v2\/media?parent=91544"}],"wp:term":[{"taxonomy":"category","embeddable":true,"href":"https:\/\/www.hoymercedes.com.ar\/principal\/wp-json\/wp\/v2\/categories?post=91544"},{"taxonomy":"post_tag","embeddable":true,"href":"https:\/\/www.hoymercedes.com.ar\/principal\/wp-json\/wp\/v2\/tags?post=91544"}],"curies":[{"name":"wp","href":"https:\/\/api.w.org\/{rel}","templated":true}]}}