{"id":91560,"date":"2019-04-18T11:24:06","date_gmt":"2019-04-18T14:24:06","guid":{"rendered":"http:\/\/www.hoymercedes.com.ar\/principal\/?p=91560"},"modified":"2019-04-18T09:19:43","modified_gmt":"2019-04-18T12:19:43","slug":"serena-silva-pazos-y-catalina-ocampo-clasificaron-al-nacional-de-patin-artistico","status":"publish","type":"post","link":"https:\/\/www.hoymercedes.com.ar\/principal\/2019\/04\/18\/serena-silva-pazos-y-catalina-ocampo-clasificaron-al-nacional-de-patin-artistico\/","title":{"rendered":"Serena Silva Pazos y Catalina Ocampo clasificaron al Nacional de Pat\u00edn Art\u00edstico"},"content":{"rendered":"\n<p>El pasado fin de semana se realiz\u00f3 el torneo clasificatorio para el Campeonato Nacional de la categor\u00eda B, fue en Avellaneda en las instalaciones del Club CIPA (Centro Integral del Pat\u00edn Art\u00edstico) donde Serena Silva Pazos y Ocampo Catalina, representantes de la Escuela de Pat\u00edn del Club Mercedes, se hicieron presentes obteniendo excelentes resultados.<\/p>\n\n\n\n<div class=\"wp-block-image\"><figure class=\"aligncenter\"><img loading=\"lazy\" decoding=\"async\" width=\"216\" height=\"288\" data-attachment-id=\"91561\" data-permalink=\"https:\/\/www.hoymercedes.com.ar\/principal\/2019\/04\/18\/serena-silva-pazos-y-catalina-ocampo-clasificaron-al-nacional-de-patin-artistico\/57096968_588314644986792_1075959573312962560_n\/#main\" data-orig-file=\"https:\/\/www.hoymercedes.com.ar\/principal\/wp-content\/uploads\/2019\/04\/57096968_588314644986792_1075959573312962560_n.jpg\" data-orig-size=\"216,288\" data-comments-opened=\"0\" data-image-meta=\"{&quot;aperture&quot;:&quot;0&quot;,&quot;credit&quot;:&quot;&quot;,&quot;camera&quot;:&quot;&quot;,&quot;caption&quot;:&quot;&quot;,&quot;created_timestamp&quot;:&quot;0&quot;,&quot;copyright&quot;:&quot;&quot;,&quot;focal_length&quot;:&quot;0&quot;,&quot;iso&quot;:&quot;0&quot;,&quot;shutter_speed&quot;:&quot;0&quot;,&quot;title&quot;:&quot;&quot;,&quot;orientation&quot;:&quot;0&quot;}\" data-image-title=\"57096968_588314644986792_1075959573312962560_n\" data-image-description=\"\" data-image-caption=\"\" data-large-file=\"https:\/\/www.hoymercedes.com.ar\/principal\/wp-content\/uploads\/2019\/04\/57096968_588314644986792_1075959573312962560_n.jpg\" src=\"https:\/\/www.hoymercedes.com.ar\/principal\/wp-content\/uploads\/2019\/04\/57096968_588314644986792_1075959573312962560_n.jpg\" alt=\"\" class=\"wp-image-91561\" srcset=\"https:\/\/www.hoymercedes.com.ar\/principal\/wp-content\/uploads\/2019\/04\/57096968_588314644986792_1075959573312962560_n.jpg 216w, https:\/\/www.hoymercedes.com.ar\/principal\/wp-content\/uploads\/2019\/04\/57096968_588314644986792_1075959573312962560_n-113x150.jpg 113w\" sizes=\"auto, (max-width: 216px) 100vw, 216px\" \/><\/figure><\/div>\n\n\n\n<p>En la categor\u00eda Promocional Infantil la peque\u00f1a Serena Silva Pazos obtuvo el tercer puesto en su categor\u00eda y Ocampo Catalina en la categor\u00eda Promocional Se\u00f1or logr\u00f3 el segundo puesto. Ambas patinadoras consiguieron su clasificaci\u00f3n directa al Campeonato Nacional de la B a disputarse entre los d\u00edas 13 al 20 de mayo en Neuqu\u00e9n.<\/p>\n\n\n\n<p>En la noche del s\u00e1bado se realiz\u00f3 la fiesta del deporte, donde representado al Club Mercedes, estaba ternada Marina Marcos que con tan solo 10 a\u00f1os logr\u00f3 por tercer a\u00f1o consecutivo estar en lo m\u00e1s alto del podio nacional, obteniendo el t\u00edtulo de Campeona Argentina en su categor\u00eda en la provincia de San Luis entre 47 patinadoras, Campeona Metropolitana de la Federaci\u00f3n Porte\u00f1a y Campeona de la Liga Ciepa.<\/p>\n\n\n\n<p>Las felicitamos a Martina por su excelente 2018 quien fue la&nbsp; ganadora de la terna de pat\u00edn art\u00edstico. Desde la instituci\u00f3n, Club Mercedes, felicitan a todas las patinadores y desean muchos \u00e9xitos a Serena Silva Pazos y a su t\u00e9cnica Mar\u00eda Laura Brunello quienes el 23, estar\u00e1n subiendo a un avi\u00f3n partiendo para el Campeonato Sudamericano en Brasil y en este caso representando a Argentina.<\/p>\n","protected":false},"excerpt":{"rendered":"<p>El pasado fin de semana se realiz\u00f3 el torneo clasificatorio para el Campeonato Nacional de la categor\u00eda B, fue en &#8230; <a title=\"Serena Silva Pazos y Catalina Ocampo clasificaron al Nacional de Pat\u00edn Art\u00edstico\" class=\"read-more\" href=\"https:\/\/www.hoymercedes.com.ar\/principal\/2019\/04\/18\/serena-silva-pazos-y-catalina-ocampo-clasificaron-al-nacional-de-patin-artistico\/\" aria-label=\"Leer m\u00e1s sobre Serena Silva Pazos y Catalina Ocampo clasificaron al Nacional de Pat\u00edn Art\u00edstico\">Leer m\u00e1s<\/a><\/p>\n","protected":false},"author":1,"featured_media":91561,"comment_status":"closed","ping_status":"open","sticky":false,"template":"","format":"standard","meta":{"_monsterinsights_skip_tracking":false,"_monsterinsights_sitenote_active":false,"_monsterinsights_sitenote_note":"","_monsterinsights_sitenote_category":0,"jetpack_post_was_ever_published":false,"_jetpack_newsletter_access":"","_jetpack_dont_email_post_to_subs":false,"_jetpack_newsletter_tier_id":0,"_jetpack_memberships_contains_paywalled_content":false,"_jetpack_memberships_contains_paid_content":false,"footnotes":"","jetpack_publicize_message":"","jetpack_publicize_feature_enabled":true,"jetpack_social_post_already_shared":true,"jetpack_social_options":{"image_generator_settings":{"template":"highway","default_image_id":0,"font":"","enabled":false},"version":2},"_wpas_customize_per_network":false},"categories":[21],"tags":[122,9267,9183],"class_list":["post-91560","post","type-post","status-publish","format-standard","has-post-thumbnail","hentry","category-deportes","tag-club-mercedes","tag-nacional-de-patin","tag-patin-artistico","generate-columns","tablet-grid-50","mobile-grid-100","grid-parent","grid-50"],"jetpack_publicize_connections":[],"jetpack_featured_media_url":"https:\/\/www.hoymercedes.com.ar\/principal\/wp-content\/uploads\/2019\/04\/57096968_588314644986792_1075959573312962560_n.jpg","wps_subtitle":"Pat\u00edn Art\u00edstico","jetpack_sharing_enabled":true,"_links":{"self":[{"href":"https:\/\/www.hoymercedes.com.ar\/principal\/wp-json\/wp\/v2\/posts\/91560","targetHints":{"allow":["GET"]}}],"collection":[{"href":"https:\/\/www.hoymercedes.com.ar\/principal\/wp-json\/wp\/v2\/posts"}],"about":[{"href":"https:\/\/www.hoymercedes.com.ar\/principal\/wp-json\/wp\/v2\/types\/post"}],"author":[{"embeddable":true,"href":"https:\/\/www.hoymercedes.com.ar\/principal\/wp-json\/wp\/v2\/users\/1"}],"replies":[{"embeddable":true,"href":"https:\/\/www.hoymercedes.com.ar\/principal\/wp-json\/wp\/v2\/comments?post=91560"}],"version-history":[{"count":0,"href":"https:\/\/www.hoymercedes.com.ar\/principal\/wp-json\/wp\/v2\/posts\/91560\/revisions"}],"wp:featuredmedia":[{"embeddable":true,"href":"https:\/\/www.hoymercedes.com.ar\/principal\/wp-json\/wp\/v2\/media\/91561"}],"wp:attachment":[{"href":"https:\/\/www.hoymercedes.com.ar\/principal\/wp-json\/wp\/v2\/media?parent=91560"}],"wp:term":[{"taxonomy":"category","embeddable":true,"href":"https:\/\/www.hoymercedes.com.ar\/principal\/wp-json\/wp\/v2\/categories?post=91560"},{"taxonomy":"post_tag","embeddable":true,"href":"https:\/\/www.hoymercedes.com.ar\/principal\/wp-json\/wp\/v2\/tags?post=91560"}],"curies":[{"name":"wp","href":"https:\/\/api.w.org\/{rel}","templated":true}]}}