{"id":91566,"date":"2019-04-19T11:44:17","date_gmt":"2019-04-19T14:44:17","guid":{"rendered":"http:\/\/www.hoymercedes.com.ar\/principal\/?p=91566"},"modified":"2019-04-17T21:54:18","modified_gmt":"2019-04-18T00:54:18","slug":"la-lmf-confirmo-su-participacion-en-los-torneos-de-selecciones-sub-13-y-15","status":"publish","type":"post","link":"https:\/\/www.hoymercedes.com.ar\/principal\/2019\/04\/19\/la-lmf-confirmo-su-participacion-en-los-torneos-de-selecciones-sub-13-y-15\/","title":{"rendered":"La LMF confirm\u00f3 su participaci\u00f3n en los torneos de Selecciones Sub 13 y 15"},"content":{"rendered":"\n<p>La Liga Mercedina de F\u00fatbol decidi\u00f3 participar de los pr\u00f3ximos torneos organizados por el Consejo Federal para Selecciones Sub 13 y Sub 15. La inscripci\u00f3n para participar vence este mi\u00e9rcoles y en la jornada del lunes, las autoridades de la Liga enviaron la correspondiente nota a la Asociaci\u00f3n del F\u00fatbol Argentino.<\/p>\n\n\n\n<figure class=\"wp-block-image\"><img loading=\"lazy\" decoding=\"async\" width=\"1024\" height=\"683\" data-attachment-id=\"91567\" data-permalink=\"https:\/\/www.hoymercedes.com.ar\/principal\/2019\/04\/19\/la-lmf-confirmo-su-participacion-en-los-torneos-de-selecciones-sub-13-y-15\/sub-15-7\/#main\" data-orig-file=\"https:\/\/www.hoymercedes.com.ar\/principal\/wp-content\/uploads\/2019\/04\/Sub-15.jpg\" data-orig-size=\"1024,683\" data-comments-opened=\"0\" data-image-meta=\"{&quot;aperture&quot;:&quot;3.5&quot;,&quot;credit&quot;:&quot;&quot;,&quot;camera&quot;:&quot;Canon EOS DIGITAL REBEL XSi&quot;,&quot;caption&quot;:&quot;&quot;,&quot;created_timestamp&quot;:&quot;1504126017&quot;,&quot;copyright&quot;:&quot;&quot;,&quot;focal_length&quot;:&quot;20&quot;,&quot;iso&quot;:&quot;1600&quot;,&quot;shutter_speed&quot;:&quot;0.00625&quot;,&quot;title&quot;:&quot;&quot;,&quot;orientation&quot;:&quot;1&quot;}\" data-image-title=\"Sub 15\" data-image-description=\"\" data-image-caption=\"\" data-large-file=\"https:\/\/www.hoymercedes.com.ar\/principal\/wp-content\/uploads\/2019\/04\/Sub-15-1024x683.jpg\" src=\"https:\/\/www.hoymercedes.com.ar\/principal\/wp-content\/uploads\/2019\/04\/Sub-15-1024x683.jpg\" alt=\"\" class=\"wp-image-91567\" srcset=\"https:\/\/www.hoymercedes.com.ar\/principal\/wp-content\/uploads\/2019\/04\/Sub-15.jpg 1024w, https:\/\/www.hoymercedes.com.ar\/principal\/wp-content\/uploads\/2019\/04\/Sub-15-150x100.jpg 150w, https:\/\/www.hoymercedes.com.ar\/principal\/wp-content\/uploads\/2019\/04\/Sub-15-630x420.jpg 630w, https:\/\/www.hoymercedes.com.ar\/principal\/wp-content\/uploads\/2019\/04\/Sub-15-720x480.jpg 720w, https:\/\/www.hoymercedes.com.ar\/principal\/wp-content\/uploads\/2019\/04\/Sub-15-360x240.jpg 360w\" sizes=\"auto, (max-width: 1024px) 100vw, 1024px\" \/><\/figure>\n\n\n\n<p>En los pr\u00f3ximos d\u00edas, y de acuerdo a los datos que se tengan sobre el inicio de la competencia, se definir\u00e1n los cuerpos t\u00e9cnicos para cada una de las selecciones. Por estos d\u00edas, dirigentes de la Liga llevan adelante contactos con diferentes entrenadores a los fines de confirmar los nombres que se har\u00e1n cargo.<\/p>\n","protected":false},"excerpt":{"rendered":"<p>La Liga Mercedina de F\u00fatbol decidi\u00f3 participar de los pr\u00f3ximos torneos organizados por el Consejo Federal para Selecciones Sub 13 &#8230; <a title=\"La LMF confirm\u00f3 su participaci\u00f3n en los torneos de Selecciones Sub 13 y 15\" class=\"read-more\" href=\"https:\/\/www.hoymercedes.com.ar\/principal\/2019\/04\/19\/la-lmf-confirmo-su-participacion-en-los-torneos-de-selecciones-sub-13-y-15\/\" aria-label=\"Leer m\u00e1s sobre La LMF confirm\u00f3 su participaci\u00f3n en los torneos de Selecciones Sub 13 y 15\">Leer m\u00e1s<\/a><\/p>\n","protected":false},"author":1,"featured_media":91567,"comment_status":"closed","ping_status":"open","sticky":false,"template":"","format":"standard","meta":{"_monsterinsights_skip_tracking":false,"_monsterinsights_sitenote_active":false,"_monsterinsights_sitenote_note":"","_monsterinsights_sitenote_category":0,"jetpack_post_was_ever_published":false,"_jetpack_newsletter_access":"","_jetpack_dont_email_post_to_subs":false,"_jetpack_newsletter_tier_id":0,"_jetpack_memberships_contains_paywalled_content":false,"_jetpack_memberships_contains_paid_content":false,"footnotes":"","jetpack_publicize_message":"","jetpack_publicize_feature_enabled":true,"jetpack_social_post_already_shared":true,"jetpack_social_options":{"image_generator_settings":{"template":"highway","default_image_id":0,"font":"","enabled":false},"version":2},"_wpas_customize_per_network":false},"categories":[21],"tags":[413,11324],"class_list":["post-91566","post","type-post","status-publish","format-standard","has-post-thumbnail","hentry","category-deportes","tag-liga-mercedina-de-futbol","tag-sub-13","generate-columns","tablet-grid-50","mobile-grid-100","grid-parent","grid-50"],"jetpack_publicize_connections":[],"jetpack_featured_media_url":"https:\/\/www.hoymercedes.com.ar\/principal\/wp-content\/uploads\/2019\/04\/Sub-15.jpg","wps_subtitle":"Selecci\u00f3n","jetpack_sharing_enabled":true,"_links":{"self":[{"href":"https:\/\/www.hoymercedes.com.ar\/principal\/wp-json\/wp\/v2\/posts\/91566","targetHints":{"allow":["GET"]}}],"collection":[{"href":"https:\/\/www.hoymercedes.com.ar\/principal\/wp-json\/wp\/v2\/posts"}],"about":[{"href":"https:\/\/www.hoymercedes.com.ar\/principal\/wp-json\/wp\/v2\/types\/post"}],"author":[{"embeddable":true,"href":"https:\/\/www.hoymercedes.com.ar\/principal\/wp-json\/wp\/v2\/users\/1"}],"replies":[{"embeddable":true,"href":"https:\/\/www.hoymercedes.com.ar\/principal\/wp-json\/wp\/v2\/comments?post=91566"}],"version-history":[{"count":0,"href":"https:\/\/www.hoymercedes.com.ar\/principal\/wp-json\/wp\/v2\/posts\/91566\/revisions"}],"wp:featuredmedia":[{"embeddable":true,"href":"https:\/\/www.hoymercedes.com.ar\/principal\/wp-json\/wp\/v2\/media\/91567"}],"wp:attachment":[{"href":"https:\/\/www.hoymercedes.com.ar\/principal\/wp-json\/wp\/v2\/media?parent=91566"}],"wp:term":[{"taxonomy":"category","embeddable":true,"href":"https:\/\/www.hoymercedes.com.ar\/principal\/wp-json\/wp\/v2\/categories?post=91566"},{"taxonomy":"post_tag","embeddable":true,"href":"https:\/\/www.hoymercedes.com.ar\/principal\/wp-json\/wp\/v2\/tags?post=91566"}],"curies":[{"name":"wp","href":"https:\/\/api.w.org\/{rel}","templated":true}]}}