{"id":91585,"date":"2019-04-18T10:43:53","date_gmt":"2019-04-18T13:43:53","guid":{"rendered":"http:\/\/www.hoymercedes.com.ar\/principal\/?p=91585"},"modified":"2019-04-18T09:17:31","modified_gmt":"2019-04-18T12:17:31","slug":"cine-mercedes-con-tres-peliculas-para-el-fin-de-semana-largo","status":"publish","type":"post","link":"https:\/\/www.hoymercedes.com.ar\/principal\/2019\/04\/18\/cine-mercedes-con-tres-peliculas-para-el-fin-de-semana-largo\/","title":{"rendered":"Cine Mercedes con tres pel\u00edculas para el fin de semana largo"},"content":{"rendered":"\n<p>Del jueves 18 al martes 23 de abril el Cine Mercedes presentar\u00e1 tres pel\u00edculas con animaci\u00f3n, suspenso y terror. En la funci\u00f3n de la hora 18, los m\u00e1s peque\u00f1os podr\u00e1 disfrutar de \u00abParque M\u00e1gico\u00bb. En tanto, a la hora 20, contin\u00faa la pel\u00edcula argentina 4X4. En la noche se presentar\u00e1 la pel\u00edcula de terror \u00abLa Llorona\u00bb que podr\u00e1 verse en las funciones de las 22 horas y el viernes y s\u00e1bado a la medianoche. <\/p>\n\n\n\n<figure class=\"wp-block-image\"><img loading=\"lazy\" decoding=\"async\" width=\"566\" height=\"800\" data-attachment-id=\"91586\" data-permalink=\"https:\/\/www.hoymercedes.com.ar\/principal\/2019\/04\/18\/cine-mercedes-con-tres-peliculas-para-el-fin-de-semana-largo\/18-cine-a\/#main\" data-orig-file=\"https:\/\/www.hoymercedes.com.ar\/principal\/wp-content\/uploads\/2019\/04\/18-cine-a.jpg\" data-orig-size=\"566,800\" data-comments-opened=\"0\" data-image-meta=\"{&quot;aperture&quot;:&quot;0&quot;,&quot;credit&quot;:&quot;&quot;,&quot;camera&quot;:&quot;&quot;,&quot;caption&quot;:&quot;&quot;,&quot;created_timestamp&quot;:&quot;1505826045&quot;,&quot;copyright&quot;:&quot;&quot;,&quot;focal_length&quot;:&quot;0&quot;,&quot;iso&quot;:&quot;0&quot;,&quot;shutter_speed&quot;:&quot;0&quot;,&quot;title&quot;:&quot;&quot;,&quot;orientation&quot;:&quot;1&quot;}\" data-image-title=\"18 cine a\" data-image-description=\"\" data-image-caption=\"\" data-large-file=\"https:\/\/www.hoymercedes.com.ar\/principal\/wp-content\/uploads\/2019\/04\/18-cine-a.jpg\" src=\"https:\/\/www.hoymercedes.com.ar\/principal\/wp-content\/uploads\/2019\/04\/18-cine-a.jpg\" alt=\"\" class=\"wp-image-91586\" srcset=\"https:\/\/www.hoymercedes.com.ar\/principal\/wp-content\/uploads\/2019\/04\/18-cine-a.jpg 566w, https:\/\/www.hoymercedes.com.ar\/principal\/wp-content\/uploads\/2019\/04\/18-cine-a-106x150.jpg 106w, https:\/\/www.hoymercedes.com.ar\/principal\/wp-content\/uploads\/2019\/04\/18-cine-a-439x620.jpg 439w\" sizes=\"auto, (max-width: 566px) 100vw, 566px\" \/><\/figure>\n","protected":false},"excerpt":{"rendered":"<p>Del jueves 18 al martes 23 de abril el Cine Mercedes presentar\u00e1 tres pel\u00edculas con animaci\u00f3n, suspenso y terror. En &#8230; <a title=\"Cine Mercedes con tres pel\u00edculas para el fin de semana largo\" class=\"read-more\" href=\"https:\/\/www.hoymercedes.com.ar\/principal\/2019\/04\/18\/cine-mercedes-con-tres-peliculas-para-el-fin-de-semana-largo\/\" aria-label=\"Leer m\u00e1s sobre Cine Mercedes con tres pel\u00edculas para el fin de semana largo\">Leer m\u00e1s<\/a><\/p>\n","protected":false},"author":1,"featured_media":91587,"comment_status":"closed","ping_status":"open","sticky":false,"template":"","format":"standard","meta":{"_monsterinsights_skip_tracking":false,"_monsterinsights_sitenote_active":false,"_monsterinsights_sitenote_note":"","_monsterinsights_sitenote_category":0,"jetpack_post_was_ever_published":false,"_jetpack_newsletter_access":"","_jetpack_dont_email_post_to_subs":false,"_jetpack_newsletter_tier_id":0,"_jetpack_memberships_contains_paywalled_content":false,"_jetpack_memberships_contains_paid_content":false,"footnotes":"","jetpack_publicize_message":"","jetpack_publicize_feature_enabled":true,"jetpack_social_post_already_shared":true,"jetpack_social_options":{"image_generator_settings":{"template":"highway","default_image_id":0,"font":"","enabled":false},"version":2},"_wpas_customize_per_network":false},"categories":[104],"tags":[8770,984,7805],"class_list":["post-91585","post","type-post","status-publish","format-standard","has-post-thumbnail","hentry","category-cultura","tag-cartelera","tag-cine-mercedes","tag-cultura","generate-columns","tablet-grid-50","mobile-grid-100","grid-parent","grid-50"],"jetpack_publicize_connections":[],"jetpack_featured_media_url":"https:\/\/www.hoymercedes.com.ar\/principal\/wp-content\/uploads\/2019\/04\/18-cine-llorona.jpg","wps_subtitle":"Cartelera","jetpack_sharing_enabled":true,"_links":{"self":[{"href":"https:\/\/www.hoymercedes.com.ar\/principal\/wp-json\/wp\/v2\/posts\/91585","targetHints":{"allow":["GET"]}}],"collection":[{"href":"https:\/\/www.hoymercedes.com.ar\/principal\/wp-json\/wp\/v2\/posts"}],"about":[{"href":"https:\/\/www.hoymercedes.com.ar\/principal\/wp-json\/wp\/v2\/types\/post"}],"author":[{"embeddable":true,"href":"https:\/\/www.hoymercedes.com.ar\/principal\/wp-json\/wp\/v2\/users\/1"}],"replies":[{"embeddable":true,"href":"https:\/\/www.hoymercedes.com.ar\/principal\/wp-json\/wp\/v2\/comments?post=91585"}],"version-history":[{"count":0,"href":"https:\/\/www.hoymercedes.com.ar\/principal\/wp-json\/wp\/v2\/posts\/91585\/revisions"}],"wp:featuredmedia":[{"embeddable":true,"href":"https:\/\/www.hoymercedes.com.ar\/principal\/wp-json\/wp\/v2\/media\/91587"}],"wp:attachment":[{"href":"https:\/\/www.hoymercedes.com.ar\/principal\/wp-json\/wp\/v2\/media?parent=91585"}],"wp:term":[{"taxonomy":"category","embeddable":true,"href":"https:\/\/www.hoymercedes.com.ar\/principal\/wp-json\/wp\/v2\/categories?post=91585"},{"taxonomy":"post_tag","embeddable":true,"href":"https:\/\/www.hoymercedes.com.ar\/principal\/wp-json\/wp\/v2\/tags?post=91585"}],"curies":[{"name":"wp","href":"https:\/\/api.w.org\/{rel}","templated":true}]}}