{"id":91601,"date":"2019-04-18T18:55:13","date_gmt":"2019-04-18T21:55:13","guid":{"rendered":"http:\/\/www.hoymercedes.com.ar\/principal\/?p=91601"},"modified":"2019-04-18T21:18:41","modified_gmt":"2019-04-19T00:18:41","slug":"el-desarrollo-sostenible-comienza-con-la-educacion","status":"publish","type":"post","link":"https:\/\/www.hoymercedes.com.ar\/principal\/2019\/04\/18\/el-desarrollo-sostenible-comienza-con-la-educacion\/","title":{"rendered":"El desarrollo sostenible comienza con la educaci\u00f3n"},"content":{"rendered":"\n<p>Cristi\u00e1n Frers* &#8211;\nEl hombre busca como cubrir todas las necesidades y satisfacer todas las\nexpectativas que tenga, y la gran parte de esas necesidades vienen de la tierra\n(ambiente). Muchas veces no estamos conscientes de que extraer recursos vitales\nalterar\u00eda el ecosistema de una localidad, regi\u00f3n o incluso llegar a provocar un\nproblema mundial. Por esta raz\u00f3n se debe de aplicar el desarrollo sustentable\npara que haya un balance entre el buen uso de la extracci\u00f3n de los recursos\nnaturales y mantener la econ\u00f3mica de una sociedad. Para que exista este balance\nla sociedad debe de tener la conciencia de c\u00f3mo aplicar este m\u00e9todo para que\nlas siguientes generaciones cubran sus necesidades con los mismos recursos que\nnosotros dependemos.<\/p>\n\n\n\n<p>Es\nesencial entender el desarrollo sustentable en la educaci\u00f3n, las personas deben\nde encontrar el sendero para mantener un equilibrio entre hombre y naturaleza.<\/p>\n\n\n\n<p>La\neducaci\u00f3n es la base para mejorar nuestra vida y el desarrollo sostenible.\nAdem\u00e1s de mejorar la calidad de vida de las personas, el acceso a la educaci\u00f3n\ninclusiva y equitativa puede ayudar abastecer a la poblaci\u00f3n local con las\nherramientas necesarias para desarrollar soluciones innovadoras a los problemas\nde la localidad y de la regi\u00f3n.<\/p>\n\n\n\n<p>La\neducaci\u00f3n es un factor que nos permitir\u00e1 desarrollar principios y valores para\nllevarlos a cabo en todo momento de nuestras vidas, para dar la importancia del\nbienestar en diferentes puntos que influyen, como el ambiente, la sociedad,\ncultura y econom\u00eda.<\/p>\n\n\n\n<p>La capacitaci\u00f3n es uno de los m\u00e9todos m\u00e1s importantes en cualquier establecimiento educativo, ya sea p\u00fablico o privado donde se transmite informaci\u00f3n para desarrollar a un grupo de personas para aplicar y manejar los recursos que implementan dentro de la instituci\u00f3n y cumplir con los procesos que conducen al logro de los objetivos, es por este motivo que quienes quieran adquirir el libro EDUCACION PARA EL DESARROLLO SUSTENTABLE, los invito a solicitarlo en el siguiente <a href=\"https:\/\/www.iberlibro.com\/servlet\/SearchResults?an=Cristian+Frers&amp;bi=0&amp;bx=off&amp;cm_sp=SearchF-_-Advtab1-_-Results&amp;ds=30&amp;recentlyadded=all&amp;sortby=20&amp;sts=t&amp;tn=Educacion+para+el+Desarrollo+Sustentable&amp;fbclid=IwAR1FfgtJhT-69OpGIkH27FlrSJ1NzFG4Ov_ba0sfsAwa8Gf6uBL_1LB3kTQ\" target=\"_blank\" rel=\"noreferrer noopener\" aria-label=\"link (opens in a new tab)\">link<\/a><\/p>\n\n\n\n<p><a href=\"https:\/\/www.iberlibro.com\/servlet\/SearchResults?an=Cristian+Frers&amp;bi=0&amp;bx=off&amp;cm_sp=SearchF-_-Advtab1-_-Results&amp;ds=30&amp;recentlyadded=all&amp;sortby=20&amp;sts=t&amp;tn=Educacion+para+el+Desarrollo+Sustentable&amp;fbclid=IwAR1FfgtJhT-69OpGIkH27FlrSJ1NzFG4Ov_ba0sfsAwa8Gf6uBL_1LB3kTQ\" target=\"_blank\" rel=\"noopener\"><\/a>Puede ser muy \u00fatil para maestras, maestros, docentes y gente interesada en el DESARROLLO SUSTENTABLE.<\/p>\n\n\n\n<p>Las\nrazones de la falta de una educaci\u00f3n de calidad son la escasez de maestras,\nmaestros y profesores capacitados y las malas condiciones de las escuelas de\nmuchas zonas y las cuestiones de equidad relacionadas con las oportunidades que\ntienen ni\u00f1os y ni\u00f1as de zonas rurales. <\/p>\n\n\n\n<p>Para\nencontrar una vida en consonancia con el ambiente, lo que debe hacerse es tener\nuna poblaci\u00f3n sensata de su pertenencia al todo que lo rodea. Se debe formar a\nlas personas desde los primeros a\u00f1os para que estudien el cuidado necesario de\nno desaprovechar los recursos del planeta, para no percudir su entorno y para\nconvivir con su vecino.<\/p>\n\n\n\n<p>\u201cPensar\nglobal, actuar localmente\u201d. Muchas veces, esta postura invisibiliza\nlas necesidades, por no decir urgencias locales y regionales. Pensemos\nlocalmente\u2026 pintemos nuestra aldea y as\u00ed pintaremos al mundo. Es por este\nmotivo, que busco impulsar propuestas como la de Mar\u00eda de los Milagros Cisterna\nsobre RECICLADO en las escuelas, maestra de un establecimiento educativo en\nCarmen de Areco \u2013 Provincia de Buenos Aires, quien piensa que \u201cDebido a una\ndeficiente cultura de preservaci\u00f3n del medio ambiente, que trasciende en\nnuestros alumnos, es necesario incentivar la creatividad para producir\ntransformando los desechos con arte e ingenio en productos que se puedan volver\na usar\u201d y continuo expresando \u201cEl proyecto busca incentivar el reciclaje y la\nconciencia ecol\u00f3gica, el reciclaje de residuos s\u00f3lidos se considera una\nestrategia importante para contribuir al fortalecimiento de una cultura\nambientalista y de ahorro\u201d. La educaci\u00f3n es la base del cambio, y se debe\napostar a ello a trav\u00e9s de diversas estrategias, el objetivo principal de este\nproyecto, se basa en \u201cPromover una conciencia ecol\u00f3gica, con una mentalidad\ncreativa y productiva, utilizando los desechos\u201d, explico la docente.<\/p>\n\n\n\n<p>Frente a todo ello se precisa una educaci\u00f3n que ayude a contemplar\nlos problemas ambientales y del desarrollo en su conjunto, teniendo en cuenta\nsu estrecha vinculaci\u00f3n y las repercusiones a corto, medio y largo plazo, tanto\npara una colectividad dada como para el conjunto de la humanidad y nuestro\nplaneta.<\/p>\n\n\n\n<p>*Cristi\u00e1n Frers \u2013 T\u00e9cnico Superior en Gesti\u00f3n Ambiental y\nT\u00e9cnico Superior en Comunicaci\u00f3n Social (Periodista).<\/p>\n","protected":false},"excerpt":{"rendered":"<p>Cristi\u00e1n Frers* &#8211; El hombre busca como cubrir todas las necesidades y satisfacer todas las expectativas que tenga, y la &#8230; <a title=\"El desarrollo sostenible comienza con la educaci\u00f3n\" class=\"read-more\" href=\"https:\/\/www.hoymercedes.com.ar\/principal\/2019\/04\/18\/el-desarrollo-sostenible-comienza-con-la-educacion\/\" aria-label=\"Leer m\u00e1s sobre El desarrollo sostenible comienza con la educaci\u00f3n\">Leer m\u00e1s<\/a><\/p>\n","protected":false},"author":1,"featured_media":91602,"comment_status":"closed","ping_status":"open","sticky":false,"template":"","format":"standard","meta":{"_monsterinsights_skip_tracking":false,"_monsterinsights_sitenote_active":false,"_monsterinsights_sitenote_note":"","_monsterinsights_sitenote_category":0,"jetpack_post_was_ever_published":false,"_jetpack_newsletter_access":"","_jetpack_dont_email_post_to_subs":false,"_jetpack_newsletter_tier_id":0,"_jetpack_memberships_contains_paywalled_content":false,"_jetpack_memberships_contains_paid_content":false,"footnotes":"","jetpack_publicize_message":"","jetpack_publicize_feature_enabled":true,"jetpack_social_post_already_shared":true,"jetpack_social_options":{"image_generator_settings":{"template":"highway","default_image_id":0,"font":"","enabled":false},"version":2},"_wpas_customize_per_network":false},"categories":[1],"tags":[14900,43,8748],"class_list":["post-91601","post","type-post","status-publish","format-standard","has-post-thumbnail","hentry","category-opinion","tag-desarrollo-sostenible","tag-medio-ambiente","tag-opinion","generate-columns","tablet-grid-50","mobile-grid-100","grid-parent","grid-50"],"jetpack_publicize_connections":[],"jetpack_featured_media_url":"https:\/\/www.hoymercedes.com.ar\/principal\/wp-content\/uploads\/2019\/04\/18-ambiente-educaci\u00f3n.jpg","wps_subtitle":"","jetpack_sharing_enabled":true,"_links":{"self":[{"href":"https:\/\/www.hoymercedes.com.ar\/principal\/wp-json\/wp\/v2\/posts\/91601","targetHints":{"allow":["GET"]}}],"collection":[{"href":"https:\/\/www.hoymercedes.com.ar\/principal\/wp-json\/wp\/v2\/posts"}],"about":[{"href":"https:\/\/www.hoymercedes.com.ar\/principal\/wp-json\/wp\/v2\/types\/post"}],"author":[{"embeddable":true,"href":"https:\/\/www.hoymercedes.com.ar\/principal\/wp-json\/wp\/v2\/users\/1"}],"replies":[{"embeddable":true,"href":"https:\/\/www.hoymercedes.com.ar\/principal\/wp-json\/wp\/v2\/comments?post=91601"}],"version-history":[{"count":0,"href":"https:\/\/www.hoymercedes.com.ar\/principal\/wp-json\/wp\/v2\/posts\/91601\/revisions"}],"wp:featuredmedia":[{"embeddable":true,"href":"https:\/\/www.hoymercedes.com.ar\/principal\/wp-json\/wp\/v2\/media\/91602"}],"wp:attachment":[{"href":"https:\/\/www.hoymercedes.com.ar\/principal\/wp-json\/wp\/v2\/media?parent=91601"}],"wp:term":[{"taxonomy":"category","embeddable":true,"href":"https:\/\/www.hoymercedes.com.ar\/principal\/wp-json\/wp\/v2\/categories?post=91601"},{"taxonomy":"post_tag","embeddable":true,"href":"https:\/\/www.hoymercedes.com.ar\/principal\/wp-json\/wp\/v2\/tags?post=91601"}],"curies":[{"name":"wp","href":"https:\/\/api.w.org\/{rel}","templated":true}]}}