{"id":91604,"date":"2019-04-18T21:40:37","date_gmt":"2019-04-19T00:40:37","guid":{"rendered":"http:\/\/www.hoymercedes.com.ar\/principal\/?p=91604"},"modified":"2019-04-18T21:18:54","modified_gmt":"2019-04-19T00:18:54","slug":"municipio-lanzo-la-propuesta-turistica-19-20","status":"publish","type":"post","link":"https:\/\/www.hoymercedes.com.ar\/principal\/2019\/04\/18\/municipio-lanzo-la-propuesta-turistica-19-20\/","title":{"rendered":"Municipio lanz\u00f3 la propuesta tur\u00edstica 19\/20"},"content":{"rendered":"\n<p>El Municipio de Mercedes, a trav\u00e9s de la Direcci\u00f3n de Turismo, lanz\u00f3 la temporada tur\u00edstica 2019. La misma se llev\u00f3 adelante en el Cine Mercedes, donde estuvieron presentes todos aquellos que de una manera u otra son parte de la ampl\u00edsima agenda tur\u00edstica de la ciudad. Se proyectaron videos promocionales, hubo exposici\u00f3n tem\u00e1tica y un encuentro para el di\u00e1logo y la reflexi\u00f3n colectiva evaluando el crecimiento tur\u00edstico que tuvo la ciudad y las medidas para que siga siendo as\u00ed en el futuro.<\/p>\n\n\n\n<figure class=\"wp-block-image\"><img loading=\"lazy\" decoding=\"async\" width=\"750\" height=\"500\" data-attachment-id=\"91607\" data-permalink=\"https:\/\/www.hoymercedes.com.ar\/principal\/2019\/04\/18\/municipio-lanzo-la-propuesta-turistica-19-20\/18-muni-cine1\/#main\" data-orig-file=\"https:\/\/www.hoymercedes.com.ar\/principal\/wp-content\/uploads\/2019\/04\/18-muni-cine1.jpg\" data-orig-size=\"750,500\" data-comments-opened=\"0\" data-image-meta=\"{&quot;aperture&quot;:&quot;0&quot;,&quot;credit&quot;:&quot;&quot;,&quot;camera&quot;:&quot;&quot;,&quot;caption&quot;:&quot;&quot;,&quot;created_timestamp&quot;:&quot;0&quot;,&quot;copyright&quot;:&quot;&quot;,&quot;focal_length&quot;:&quot;0&quot;,&quot;iso&quot;:&quot;0&quot;,&quot;shutter_speed&quot;:&quot;0&quot;,&quot;title&quot;:&quot;&quot;,&quot;orientation&quot;:&quot;0&quot;}\" data-image-title=\"18 muni cine1\" data-image-description=\"\" data-image-caption=\"\" data-large-file=\"https:\/\/www.hoymercedes.com.ar\/principal\/wp-content\/uploads\/2019\/04\/18-muni-cine1.jpg\" src=\"https:\/\/www.hoymercedes.com.ar\/principal\/wp-content\/uploads\/2019\/04\/18-muni-cine1.jpg\" alt=\"\" class=\"wp-image-91607\" srcset=\"https:\/\/www.hoymercedes.com.ar\/principal\/wp-content\/uploads\/2019\/04\/18-muni-cine1.jpg 750w, https:\/\/www.hoymercedes.com.ar\/principal\/wp-content\/uploads\/2019\/04\/18-muni-cine1-150x100.jpg 150w, https:\/\/www.hoymercedes.com.ar\/principal\/wp-content\/uploads\/2019\/04\/18-muni-cine1-630x420.jpg 630w, https:\/\/www.hoymercedes.com.ar\/principal\/wp-content\/uploads\/2019\/04\/18-muni-cine1-720x480.jpg 720w, https:\/\/www.hoymercedes.com.ar\/principal\/wp-content\/uploads\/2019\/04\/18-muni-cine1-360x240.jpg 360w\" sizes=\"auto, (max-width: 750px) 100vw, 750px\" \/><\/figure>\n\n\n\n<p>El intendente Juan Ignacio Ustarroz, ante un gran marco de p\u00fablico, agradeci\u00f3 a todos los que conforman y trabajan en cada uno de los eventos tur\u00edsticos de la ciudad y expres\u00f3 \u201cfrente a situaciones de crisis econ\u00f3micas como la que vivimos, necesitamos estar juntos, el Estado, el sector privado, emprendedores, vecinos, pensando y dise\u00f1ando pol\u00edticas p\u00fablicas, para poder mejorar y perfeccionar nuestra oferta tur\u00edstica\u201d.<\/p>\n\n\n\n<p>Asimismo, Ustarroz destac\u00f3 \u201ctodos los que estamos ac\u00e1 sabemos que el turismo es trabajo, que embellece a la ciudad y significa m\u00e1s oportunidades para todos\u201d y a\u00f1adi\u00f3 \u201cen estos a\u00f1os hemos ido conociendo a cada uno de los sectores, les hemos pedido paciencia porque hay todo un proceso para ir haciendo las cosas\u201d<\/p>\n\n\n\n<p>\u201cHoy estamos frente una oportunidad de que cada vez m\u00e1s gente conozca nuestra ciudad, algo que ya est\u00e1 sucediendo, muchas personas de localidades vecinas se acercan, porque saben que casi todos los fines de semana se organizan eventos de diferente magnitud, algo que genera trabajo\u201d y agreg\u00f3 \u201cdonde promovemos a nuestros artistas locales, que son muchos y que en cada una de las fiestas deslumbran a la gran cantidad de p\u00fablico que los va a ver\u201d.&nbsp;&nbsp;&nbsp;&nbsp;<\/p>\n\n\n\n<p>Por otro lado, el jefe comunal Ustarroz subray\u00f3 el gran trabajo que efect\u00faan los trabajadores municipales en cada uno de los eventos realizados, para que los mismos se presenten y desarrollen de la mejor manera \u201cellos siempre est\u00e1n ah\u00ed, porque son consientes de que necesitamos entre todos, poner cada qui\u00e9n, su granito de arena para que nuestra hermosa ciudad pueda crecer y prosperar\u201d.<\/p>\n\n\n\n<figure class=\"wp-block-image\"><img loading=\"lazy\" decoding=\"async\" width=\"750\" height=\"500\" data-attachment-id=\"91606\" data-permalink=\"https:\/\/www.hoymercedes.com.ar\/principal\/2019\/04\/18\/municipio-lanzo-la-propuesta-turistica-19-20\/18-muni-cine\/#main\" data-orig-file=\"https:\/\/www.hoymercedes.com.ar\/principal\/wp-content\/uploads\/2019\/04\/18-muni-cine.jpg\" data-orig-size=\"750,500\" data-comments-opened=\"0\" data-image-meta=\"{&quot;aperture&quot;:&quot;2&quot;,&quot;credit&quot;:&quot;&quot;,&quot;camera&quot;:&quot;Moto G (5S) Plus&quot;,&quot;caption&quot;:&quot;&quot;,&quot;created_timestamp&quot;:&quot;1555530309&quot;,&quot;copyright&quot;:&quot;&quot;,&quot;focal_length&quot;:&quot;3.59&quot;,&quot;iso&quot;:&quot;421&quot;,&quot;shutter_speed&quot;:&quot;0.058823529411765&quot;,&quot;title&quot;:&quot;&quot;,&quot;orientation&quot;:&quot;1&quot;}\" data-image-title=\"18 muni cine\" data-image-description=\"\" data-image-caption=\"\" data-large-file=\"https:\/\/www.hoymercedes.com.ar\/principal\/wp-content\/uploads\/2019\/04\/18-muni-cine.jpg\" src=\"https:\/\/www.hoymercedes.com.ar\/principal\/wp-content\/uploads\/2019\/04\/18-muni-cine.jpg\" alt=\"\" class=\"wp-image-91606\" srcset=\"https:\/\/www.hoymercedes.com.ar\/principal\/wp-content\/uploads\/2019\/04\/18-muni-cine.jpg 750w, https:\/\/www.hoymercedes.com.ar\/principal\/wp-content\/uploads\/2019\/04\/18-muni-cine-150x100.jpg 150w, https:\/\/www.hoymercedes.com.ar\/principal\/wp-content\/uploads\/2019\/04\/18-muni-cine-630x420.jpg 630w, https:\/\/www.hoymercedes.com.ar\/principal\/wp-content\/uploads\/2019\/04\/18-muni-cine-720x480.jpg 720w, https:\/\/www.hoymercedes.com.ar\/principal\/wp-content\/uploads\/2019\/04\/18-muni-cine-360x240.jpg 360w\" sizes=\"auto, (max-width: 750px) 100vw, 750px\" \/><\/figure>\n\n\n\n<p>Asimismo, el Intendente indic\u00f3 \u201cen estos tres a\u00f1os hemos ido desarrollando diferentes acciones, seguramente a\u00fan nos faltan, pero lo m\u00e1s importante es que trabajemos con un esp\u00edritu de unidad, con objetivos comunes, trabajando como un todo\u201d y subray\u00f3 el buen trato y cordialidad de los vecinos de la ciudad \u201ces ah\u00ed, donde m\u00e1s all\u00e1 de la infraestructura que se pueda desplegar, se acerca cada vez m\u00e1s gente e invita al turista a que siga viniendo\u201d.<\/p>\n\n\n\n<p>Al finalizar, el intendente Juan Ignacio Ustarroz dese\u00f3 \u201cque nuestra hermosa ciudad pueda seguir avanzando, prosperando y unidos como todos queremos\u201d.&nbsp;<\/p>\n\n\n\n<p>Por su parte, el director de turismo, Mart\u00edn Boragno destac\u00f3 \u201cel trabajo de la Municipalidad junto Polo gastron\u00f3mico, feriantes, bodegones, pizzer\u00edas, productores de salames, etc, nos permite pensar que tenemos una ciudad tur\u00edsticamente distinta y que ha dado un salto de calidad\u201d y a\u00f1adi\u00f3 \u201ces una idea de trabajo colectivo, algo que de no ser as\u00ed ser\u00eda muy dif\u00edcil seguir avanzando\u201d.<\/p>\n\n\n\n<p>A su vez, Boragno se\u00f1al\u00f3 \u201cvamos a comenzar un trabajo muy fuerte, junto con el \u00e1rea de comunicaci\u00f3n y prensa, para comenzar a trabajar sobre el turismo internacional, algo que nos parece es importante y ya es tiempo\u201d.<\/p>\n\n\n\n<p>Hubo artesanos, emprendedores, trabajadores, comerciantes, feriantes, medios de comunicaci\u00f3n, artistas, asociaciones de gu\u00edas de turismo, funcionarios en un marco excelente que tras las proyecciones permiti\u00f3 degustar los sabores caseros de nuestros productores y tener un rico intercambio de opiniones y reflexi\u00f3n sobre c\u00f3mo continuar trabajando mancomunadamente para el crecimiento del sector en Mercedes. \u00abNosotros entendemos esto es esencial, trabajar juntos, pensar que s\u00f3lo no se puede, pero si aunamos esfuerzos podemos seguir avanzando\u00bb coment\u00f3 uno de los tantos referentes presentes sin dejar de mencionar que \u00abEn Mercedes se vive algo in\u00e9dito, no se ve en ning\u00fan lado de la regi\u00f3n, se trabaja como en las grandes capitales. Sin duda hay mucha gesti\u00f3n, mucho trabajo, mucho empuje de todos\u00bb. <\/p>\n\n\n\n<p><strong>Videos<\/strong><\/p>\n\n\n\n<p>La pantalla del cine de la ciudad, a trav\u00e9s de tres videos de calidad cinematogr\u00e1fica, permiti\u00f3 exponer un hermoso recorrido por cada una de las fiestas que durante estos a\u00f1os se fueron desandando en Mercedes.\u00a0\u00a0Vale recordar que desde la actual gesti\u00f3n se instalaron nuevas y exitosas propuestas, como ser el Festival de Cerveceros Mercedinos, Food Trucks Caminos y Sabores, Fiesta de la Galleta de Campo, Festival de Tango y Fiesta de la Tradici\u00f3n, que se suman al Durazno, Salame, Torta Frita, Carnavales y las experiencias de Agote, Gowland y Tom\u00e1s Jofr\u00e9, adem\u00e1s de Caminos de los Bodegones y la siempre recorrida y visita Trocha.<\/p>\n\n\n\n<p>Fuente: Prensa Municipal<\/p>\n\n\n\n<p><br><br><\/p>\n","protected":false},"excerpt":{"rendered":"<p>El Municipio de Mercedes, a trav\u00e9s de la Direcci\u00f3n de Turismo, lanz\u00f3 la temporada tur\u00edstica 2019. La misma se llev\u00f3 &#8230; <a title=\"Municipio lanz\u00f3 la propuesta tur\u00edstica 19\/20\" class=\"read-more\" href=\"https:\/\/www.hoymercedes.com.ar\/principal\/2019\/04\/18\/municipio-lanzo-la-propuesta-turistica-19-20\/\" aria-label=\"Leer m\u00e1s sobre Municipio lanz\u00f3 la propuesta tur\u00edstica 19\/20\">Leer m\u00e1s<\/a><\/p>\n","protected":false},"author":1,"featured_media":91606,"comment_status":"closed","ping_status":"open","sticky":false,"template":"","format":"standard","meta":{"_monsterinsights_skip_tracking":false,"_monsterinsights_sitenote_active":false,"_monsterinsights_sitenote_note":"","_monsterinsights_sitenote_category":0,"jetpack_post_was_ever_published":false,"_jetpack_newsletter_access":"","_jetpack_dont_email_post_to_subs":false,"_jetpack_newsletter_tier_id":0,"_jetpack_memberships_contains_paywalled_content":false,"_jetpack_memberships_contains_paid_content":false,"footnotes":"","jetpack_publicize_message":"","jetpack_publicize_feature_enabled":true,"jetpack_social_post_already_shared":true,"jetpack_social_options":{"image_generator_settings":{"template":"highway","default_image_id":0,"font":"","enabled":false},"version":2},"_wpas_customize_per_network":false},"categories":[30],"tags":[244,14901,1428],"class_list":["post-91604","post","type-post","status-publish","format-standard","has-post-thumbnail","hentry","category-municipio","tag-municipio-2","tag-temporada-turistica","tag-turismo","generate-columns","tablet-grid-50","mobile-grid-100","grid-parent","grid-50"],"jetpack_publicize_connections":[],"jetpack_featured_media_url":"https:\/\/www.hoymercedes.com.ar\/principal\/wp-content\/uploads\/2019\/04\/18-muni-cine.jpg","wps_subtitle":"En la noche del mi\u00e9rcoles","jetpack_sharing_enabled":true,"_links":{"self":[{"href":"https:\/\/www.hoymercedes.com.ar\/principal\/wp-json\/wp\/v2\/posts\/91604","targetHints":{"allow":["GET"]}}],"collection":[{"href":"https:\/\/www.hoymercedes.com.ar\/principal\/wp-json\/wp\/v2\/posts"}],"about":[{"href":"https:\/\/www.hoymercedes.com.ar\/principal\/wp-json\/wp\/v2\/types\/post"}],"author":[{"embeddable":true,"href":"https:\/\/www.hoymercedes.com.ar\/principal\/wp-json\/wp\/v2\/users\/1"}],"replies":[{"embeddable":true,"href":"https:\/\/www.hoymercedes.com.ar\/principal\/wp-json\/wp\/v2\/comments?post=91604"}],"version-history":[{"count":0,"href":"https:\/\/www.hoymercedes.com.ar\/principal\/wp-json\/wp\/v2\/posts\/91604\/revisions"}],"wp:featuredmedia":[{"embeddable":true,"href":"https:\/\/www.hoymercedes.com.ar\/principal\/wp-json\/wp\/v2\/media\/91606"}],"wp:attachment":[{"href":"https:\/\/www.hoymercedes.com.ar\/principal\/wp-json\/wp\/v2\/media?parent=91604"}],"wp:term":[{"taxonomy":"category","embeddable":true,"href":"https:\/\/www.hoymercedes.com.ar\/principal\/wp-json\/wp\/v2\/categories?post=91604"},{"taxonomy":"post_tag","embeddable":true,"href":"https:\/\/www.hoymercedes.com.ar\/principal\/wp-json\/wp\/v2\/tags?post=91604"}],"curies":[{"name":"wp","href":"https:\/\/api.w.org\/{rel}","templated":true}]}}