{"id":91619,"date":"2019-04-19T11:00:32","date_gmt":"2019-04-19T14:00:32","guid":{"rendered":"http:\/\/www.hoymercedes.com.ar\/principal\/?p=91619"},"modified":"2019-04-19T13:07:01","modified_gmt":"2019-04-19T16:07:01","slug":"siguen-las-actividades-recreativas-en-la-trocha-y-llegan-las-delicias-del-mundo","status":"publish","type":"post","link":"https:\/\/www.hoymercedes.com.ar\/principal\/2019\/04\/19\/siguen-las-actividades-recreativas-en-la-trocha-y-llegan-las-delicias-del-mundo\/","title":{"rendered":"Siguen las actividades recreativas en La Trocha y llegan las Delicias del Mundo"},"content":{"rendered":"\n<p>La primera jornada de las actividades para toda la familia en La Trocha durante el fin de semana largo convoc\u00f3 a una gran cantidad de vecinos. Inflables gigantes, show de t\u00edteres, relatos, deporte, clases abiertas, feria y un predio recuperado para el goce de los mercedinos. A partir del mediod\u00eda de este viernes,  se puede almorzar las Delicias del Mundo alrededor de la Plaza San Mart\u00edn. <\/p>\n\n\n\n<figure class=\"wp-block-image\"><img loading=\"lazy\" decoding=\"async\" width=\"750\" height=\"500\" data-attachment-id=\"91620\" data-permalink=\"https:\/\/www.hoymercedes.com.ar\/principal\/2019\/04\/19\/siguen-las-actividades-recreativas-en-la-trocha-y-llegan-las-delicias-del-mundo\/19-trocha-1\/#main\" data-orig-file=\"https:\/\/www.hoymercedes.com.ar\/principal\/wp-content\/uploads\/2019\/04\/19-trocha-1.jpg\" data-orig-size=\"750,500\" data-comments-opened=\"0\" data-image-meta=\"{&quot;aperture&quot;:&quot;0&quot;,&quot;credit&quot;:&quot;SEBASTIANAMBROSSIO&quot;,&quot;camera&quot;:&quot;&quot;,&quot;caption&quot;:&quot;&quot;,&quot;created_timestamp&quot;:&quot;0&quot;,&quot;copyright&quot;:&quot;SebastianAmbrossio&quot;,&quot;focal_length&quot;:&quot;0&quot;,&quot;iso&quot;:&quot;0&quot;,&quot;shutter_speed&quot;:&quot;0&quot;,&quot;title&quot;:&quot;&quot;,&quot;orientation&quot;:&quot;0&quot;}\" data-image-title=\"19 trocha 1\" data-image-description=\"\" data-image-caption=\"\" data-large-file=\"https:\/\/www.hoymercedes.com.ar\/principal\/wp-content\/uploads\/2019\/04\/19-trocha-1.jpg\" src=\"https:\/\/www.hoymercedes.com.ar\/principal\/wp-content\/uploads\/2019\/04\/19-trocha-1.jpg\" alt=\"\" class=\"wp-image-91620\" srcset=\"https:\/\/www.hoymercedes.com.ar\/principal\/wp-content\/uploads\/2019\/04\/19-trocha-1.jpg 750w, https:\/\/www.hoymercedes.com.ar\/principal\/wp-content\/uploads\/2019\/04\/19-trocha-1-150x100.jpg 150w, https:\/\/www.hoymercedes.com.ar\/principal\/wp-content\/uploads\/2019\/04\/19-trocha-1-630x420.jpg 630w, https:\/\/www.hoymercedes.com.ar\/principal\/wp-content\/uploads\/2019\/04\/19-trocha-1-720x480.jpg 720w, https:\/\/www.hoymercedes.com.ar\/principal\/wp-content\/uploads\/2019\/04\/19-trocha-1-360x240.jpg 360w\" sizes=\"auto, (max-width: 750px) 100vw, 750px\" \/><\/figure>\n\n\n\n<p>En La Trocha, desde las 14:30 de este viernes contin\u00faa la Kermesse Cultural, Arturello Dipopolo\/ Alegre Divertimento, T\u00edteres, Aeromunic, Yoga, 17.00hs Rap en el Galp\u00f3n: Batalla Freestyle 2 vs 2 con premios, Torneo de Beach f\u00fatbol, Inflables gigantes. <\/p>\n\n\n\n<p>Y el s\u00e1bado, desde la ma\u00f1ana, habr\u00e1 Tai Chi (9:30 hs) y el Mercado Org\u00e1nico Sustentable (10 hs). En horas de la tarde se reabre la Kermesse Cultural, y los EPIS (espacios de primera infancia) con cuentos y relatos del mundo para beb\u00e9s y ni\u00f1os\/ galp\u00f3n chico, Clase abierta de iniciaci\u00f3n al deporte, Show musical. Promediando la tarde (16 hs) caminata, circo snack show y Torneo de beach handball. Finalmente el domingo por la tarde continuar\u00e1n con inflables, m\u00fasica y deportes.<\/p>\n\n\n\n<p>En tanto, en la Plaza San Mart\u00edn, desde el mediod\u00eda de este viernes se disfruta del paseo gastron\u00f3mico \u201cDelicias del mundo\u201d. Adem\u00e1s habr\u00e1 espect\u00e1culos a partir de la tarde. El viernes (19 hs) actuar\u00e1 Drumritmia, el s\u00e1bado (16 hs) presentaci\u00f3n de Payaso Cambalache, m\u00e1s tarde (20 hs) \u201cIglesias Brienza Tr\u00edo\u201d con m\u00fasica latinoamericana versionada al jazz que repetir\u00e1n el domingo.<\/p>\n\n\n\n<figure class=\"wp-block-image\"><img loading=\"lazy\" decoding=\"async\" width=\"750\" height=\"500\" data-attachment-id=\"91621\" data-permalink=\"https:\/\/www.hoymercedes.com.ar\/principal\/2019\/04\/19\/siguen-las-actividades-recreativas-en-la-trocha-y-llegan-las-delicias-del-mundo\/19-trocha-2\/#main\" data-orig-file=\"https:\/\/www.hoymercedes.com.ar\/principal\/wp-content\/uploads\/2019\/04\/19-trocha-2.jpg\" data-orig-size=\"750,500\" data-comments-opened=\"0\" data-image-meta=\"{&quot;aperture&quot;:&quot;0&quot;,&quot;credit&quot;:&quot;SEBASTIANAMBROSSIO&quot;,&quot;camera&quot;:&quot;&quot;,&quot;caption&quot;:&quot;&quot;,&quot;created_timestamp&quot;:&quot;0&quot;,&quot;copyright&quot;:&quot;SebastianAmbrossio&quot;,&quot;focal_length&quot;:&quot;0&quot;,&quot;iso&quot;:&quot;0&quot;,&quot;shutter_speed&quot;:&quot;0&quot;,&quot;title&quot;:&quot;&quot;,&quot;orientation&quot;:&quot;0&quot;}\" data-image-title=\"19 trocha 2\" data-image-description=\"\" data-image-caption=\"\" data-large-file=\"https:\/\/www.hoymercedes.com.ar\/principal\/wp-content\/uploads\/2019\/04\/19-trocha-2.jpg\" src=\"https:\/\/www.hoymercedes.com.ar\/principal\/wp-content\/uploads\/2019\/04\/19-trocha-2.jpg\" alt=\"\" class=\"wp-image-91621\" srcset=\"https:\/\/www.hoymercedes.com.ar\/principal\/wp-content\/uploads\/2019\/04\/19-trocha-2.jpg 750w, https:\/\/www.hoymercedes.com.ar\/principal\/wp-content\/uploads\/2019\/04\/19-trocha-2-150x100.jpg 150w, https:\/\/www.hoymercedes.com.ar\/principal\/wp-content\/uploads\/2019\/04\/19-trocha-2-630x420.jpg 630w, https:\/\/www.hoymercedes.com.ar\/principal\/wp-content\/uploads\/2019\/04\/19-trocha-2-720x480.jpg 720w, https:\/\/www.hoymercedes.com.ar\/principal\/wp-content\/uploads\/2019\/04\/19-trocha-2-360x240.jpg 360w\" sizes=\"auto, (max-width: 750px) 100vw, 750px\" \/><\/figure>\n\n\n\n<p><br><\/p>\n","protected":false},"excerpt":{"rendered":"<p>La primera jornada de las actividades para toda la familia en La Trocha durante el fin de semana largo convoc\u00f3 &#8230; <a title=\"Siguen las actividades recreativas en La Trocha y llegan las Delicias del Mundo\" class=\"read-more\" href=\"https:\/\/www.hoymercedes.com.ar\/principal\/2019\/04\/19\/siguen-las-actividades-recreativas-en-la-trocha-y-llegan-las-delicias-del-mundo\/\" aria-label=\"Leer m\u00e1s sobre Siguen las actividades recreativas en La Trocha y llegan las Delicias del Mundo\">Leer m\u00e1s<\/a><\/p>\n","protected":false},"author":1,"featured_media":91621,"comment_status":"closed","ping_status":"open","sticky":false,"template":"","format":"standard","meta":{"_monsterinsights_skip_tracking":false,"_monsterinsights_sitenote_active":false,"_monsterinsights_sitenote_note":"","_monsterinsights_sitenote_category":0,"jetpack_post_was_ever_published":false,"_jetpack_newsletter_access":"","_jetpack_dont_email_post_to_subs":false,"_jetpack_newsletter_tier_id":0,"_jetpack_memberships_contains_paywalled_content":false,"_jetpack_memberships_contains_paid_content":false,"footnotes":"","jetpack_publicize_message":"","jetpack_publicize_feature_enabled":true,"jetpack_social_post_already_shared":true,"jetpack_social_options":{"image_generator_settings":{"template":"highway","default_image_id":0,"font":"","enabled":false},"version":2},"_wpas_customize_per_network":false},"categories":[30],"tags":[7805,204,14891,244,1428],"class_list":["post-91619","post","type-post","status-publish","format-standard","has-post-thumbnail","hentry","category-municipio","tag-cultura","tag-deportes-2","tag-fin-de-semana-largo","tag-municipio-2","tag-turismo","generate-columns","tablet-grid-50","mobile-grid-100","grid-parent","grid-50"],"jetpack_publicize_connections":[],"jetpack_featured_media_url":"https:\/\/www.hoymercedes.com.ar\/principal\/wp-content\/uploads\/2019\/04\/19-trocha-2.jpg","wps_subtitle":"Fin de Semana XXL","jetpack_sharing_enabled":true,"_links":{"self":[{"href":"https:\/\/www.hoymercedes.com.ar\/principal\/wp-json\/wp\/v2\/posts\/91619","targetHints":{"allow":["GET"]}}],"collection":[{"href":"https:\/\/www.hoymercedes.com.ar\/principal\/wp-json\/wp\/v2\/posts"}],"about":[{"href":"https:\/\/www.hoymercedes.com.ar\/principal\/wp-json\/wp\/v2\/types\/post"}],"author":[{"embeddable":true,"href":"https:\/\/www.hoymercedes.com.ar\/principal\/wp-json\/wp\/v2\/users\/1"}],"replies":[{"embeddable":true,"href":"https:\/\/www.hoymercedes.com.ar\/principal\/wp-json\/wp\/v2\/comments?post=91619"}],"version-history":[{"count":0,"href":"https:\/\/www.hoymercedes.com.ar\/principal\/wp-json\/wp\/v2\/posts\/91619\/revisions"}],"wp:featuredmedia":[{"embeddable":true,"href":"https:\/\/www.hoymercedes.com.ar\/principal\/wp-json\/wp\/v2\/media\/91621"}],"wp:attachment":[{"href":"https:\/\/www.hoymercedes.com.ar\/principal\/wp-json\/wp\/v2\/media?parent=91619"}],"wp:term":[{"taxonomy":"category","embeddable":true,"href":"https:\/\/www.hoymercedes.com.ar\/principal\/wp-json\/wp\/v2\/categories?post=91619"},{"taxonomy":"post_tag","embeddable":true,"href":"https:\/\/www.hoymercedes.com.ar\/principal\/wp-json\/wp\/v2\/tags?post=91619"}],"curies":[{"name":"wp","href":"https:\/\/api.w.org\/{rel}","templated":true}]}}