{"id":91624,"date":"2019-04-19T13:18:13","date_gmt":"2019-04-19T16:18:13","guid":{"rendered":"http:\/\/www.hoymercedes.com.ar\/principal\/?p=91624"},"modified":"2019-04-19T14:09:31","modified_gmt":"2019-04-19T17:09:31","slug":"misa-y-lavados-de-pies-a-los-internos-de-la-unidad-5","status":"publish","type":"post","link":"https:\/\/www.hoymercedes.com.ar\/principal\/2019\/04\/19\/misa-y-lavados-de-pies-a-los-internos-de-la-unidad-5\/","title":{"rendered":"Misa y lavados de pies a los internos de la Unidad 5"},"content":{"rendered":"\n<p>El Jueves Santo se celebr\u00f3 la Misa, donde se recuerda el gesto de Jes\u00fas que en la \u00faltima cena, le lava los pies a sus disc\u00edpulos, como muestra de vocaci\u00f3n de servicio al otro, en esta oportunidad el Obispo Auxiliar de la Arquidi\u00f3cesis Mercedes \u2013 Luj\u00e1n Monse\u00f1or Jorge Eduardo Scheining, lo realizo a doce privados de la libertad de la Unidad Penitenciaria N\u00b0 5, cuatro mujeres y seis varones.<\/p>\n\n\n\n<figure class=\"wp-block-image\"><img loading=\"lazy\" decoding=\"async\" width=\"750\" height=\"561\" data-attachment-id=\"91626\" data-permalink=\"https:\/\/www.hoymercedes.com.ar\/principal\/2019\/04\/19\/misa-y-lavados-de-pies-a-los-internos-de-la-unidad-5\/19-misa-carcel-2\/#main\" data-orig-file=\"https:\/\/www.hoymercedes.com.ar\/principal\/wp-content\/uploads\/2019\/04\/19-misa-carcel-2.jpg\" data-orig-size=\"750,561\" data-comments-opened=\"0\" data-image-meta=\"{&quot;aperture&quot;:&quot;0&quot;,&quot;credit&quot;:&quot;&quot;,&quot;camera&quot;:&quot;&quot;,&quot;caption&quot;:&quot;&quot;,&quot;created_timestamp&quot;:&quot;0&quot;,&quot;copyright&quot;:&quot;&quot;,&quot;focal_length&quot;:&quot;0&quot;,&quot;iso&quot;:&quot;0&quot;,&quot;shutter_speed&quot;:&quot;0&quot;,&quot;title&quot;:&quot;&quot;,&quot;orientation&quot;:&quot;0&quot;}\" data-image-title=\"19 misa carcel 2\" data-image-description=\"\" data-image-caption=\"\" data-large-file=\"https:\/\/www.hoymercedes.com.ar\/principal\/wp-content\/uploads\/2019\/04\/19-misa-carcel-2.jpg\" src=\"https:\/\/www.hoymercedes.com.ar\/principal\/wp-content\/uploads\/2019\/04\/19-misa-carcel-2.jpg\" alt=\"\" class=\"wp-image-91626\" srcset=\"https:\/\/www.hoymercedes.com.ar\/principal\/wp-content\/uploads\/2019\/04\/19-misa-carcel-2.jpg 750w, https:\/\/www.hoymercedes.com.ar\/principal\/wp-content\/uploads\/2019\/04\/19-misa-carcel-2-150x112.jpg 150w, https:\/\/www.hoymercedes.com.ar\/principal\/wp-content\/uploads\/2019\/04\/19-misa-carcel-2-630x471.jpg 630w, https:\/\/www.hoymercedes.com.ar\/principal\/wp-content\/uploads\/2019\/04\/19-misa-carcel-2-320x240.jpg 320w, https:\/\/www.hoymercedes.com.ar\/principal\/wp-content\/uploads\/2019\/04\/19-misa-carcel-2-100x75.jpg 100w\" sizes=\"auto, (max-width: 750px) 100vw, 750px\" \/><\/figure>\n\n\n\n<p>Durante toda la celebraci\u00f3n el Obispo fue explicando cada momento, cada significado, cada paso de la Misa y de la vida de Jes\u00fas, siendo muy emotiva y llena de devoci\u00f3n. En este primer d\u00eda de la Semana Santa, se celebra la Misa llamada de la Cena del Se\u00f1or y se recuerda los tres acontecimientos centrales para la Fe cristiana, las Instituciones de la Eucarist\u00eda, del Sacerdocio y del Mandamiento nuevo del Amor Fraterno.<\/p>\n\n\n\n<p>Una vez concluida la ceremonia, le entregaron un presente al Obispo Auxiliar, realizado en los Talleres de la Unidad&nbsp;por personal y detenidos, que representa la Sagrada Familia, realizado con candados, donde esta Jos\u00e9, Mar\u00eda y el Ni\u00f1o Jes\u00fas con una llave, por lo que se da el mensaje de apertura a la libertad a trav\u00e9s de Jesucristo, todo coronado con una torre que representa el Servicio Penitenciario Bonaerense. Este regalo ser\u00e1 llevado a nuestro querido Papa,&nbsp;&nbsp;en el marco de la visita de los Obispos Argentinos en este mes a la Santa Sede.<\/p>\n\n\n\n<p>Adem\u00e1s de las internas e internos se encontraban presentes el Secretario de Coordinaci\u00f3n del Complejo Zona Norte Inspector Mayor Luis Ben\u00edtez, el Subdirector de Asistencia y Tratamiento Prefecto Dar\u00edo Potes, el Capell\u00e1n Norberto Chirigliano, personal de la Unidad, catequistas&nbsp;&nbsp;y Seminaristas.<\/p>\n\n\n\n<p>Fuente: Prensa Unidad 5<\/p>\n\n\n\n<figure class=\"wp-block-image\"><img loading=\"lazy\" decoding=\"async\" width=\"750\" height=\"500\" data-attachment-id=\"91625\" data-permalink=\"https:\/\/www.hoymercedes.com.ar\/principal\/2019\/04\/19\/misa-y-lavados-de-pies-a-los-internos-de-la-unidad-5\/19-misa-carcel-1\/#main\" data-orig-file=\"https:\/\/www.hoymercedes.com.ar\/principal\/wp-content\/uploads\/2019\/04\/19-misa-carcel-1.jpg\" data-orig-size=\"750,500\" data-comments-opened=\"0\" data-image-meta=\"{&quot;aperture&quot;:&quot;0&quot;,&quot;credit&quot;:&quot;&quot;,&quot;camera&quot;:&quot;&quot;,&quot;caption&quot;:&quot;&quot;,&quot;created_timestamp&quot;:&quot;0&quot;,&quot;copyright&quot;:&quot;&quot;,&quot;focal_length&quot;:&quot;0&quot;,&quot;iso&quot;:&quot;0&quot;,&quot;shutter_speed&quot;:&quot;0&quot;,&quot;title&quot;:&quot;&quot;,&quot;orientation&quot;:&quot;0&quot;}\" data-image-title=\"19 misa carcel 1\" data-image-description=\"\" data-image-caption=\"\" data-large-file=\"https:\/\/www.hoymercedes.com.ar\/principal\/wp-content\/uploads\/2019\/04\/19-misa-carcel-1.jpg\" src=\"https:\/\/www.hoymercedes.com.ar\/principal\/wp-content\/uploads\/2019\/04\/19-misa-carcel-1.jpg\" alt=\"\" class=\"wp-image-91625\" srcset=\"https:\/\/www.hoymercedes.com.ar\/principal\/wp-content\/uploads\/2019\/04\/19-misa-carcel-1.jpg 750w, https:\/\/www.hoymercedes.com.ar\/principal\/wp-content\/uploads\/2019\/04\/19-misa-carcel-1-150x100.jpg 150w, https:\/\/www.hoymercedes.com.ar\/principal\/wp-content\/uploads\/2019\/04\/19-misa-carcel-1-630x420.jpg 630w, https:\/\/www.hoymercedes.com.ar\/principal\/wp-content\/uploads\/2019\/04\/19-misa-carcel-1-720x480.jpg 720w, https:\/\/www.hoymercedes.com.ar\/principal\/wp-content\/uploads\/2019\/04\/19-misa-carcel-1-360x240.jpg 360w\" sizes=\"auto, (max-width: 750px) 100vw, 750px\" \/><\/figure>\n","protected":false},"excerpt":{"rendered":"<p>El Jueves Santo se celebr\u00f3 la Misa, donde se recuerda el gesto de Jes\u00fas que en la \u00faltima cena, le &#8230; <a title=\"Misa y lavados de pies a los internos de la Unidad 5\" class=\"read-more\" href=\"https:\/\/www.hoymercedes.com.ar\/principal\/2019\/04\/19\/misa-y-lavados-de-pies-a-los-internos-de-la-unidad-5\/\" aria-label=\"Leer m\u00e1s sobre Misa y lavados de pies a los internos de la Unidad 5\">Leer m\u00e1s<\/a><\/p>\n","protected":false},"author":1,"featured_media":91625,"comment_status":"closed","ping_status":"open","sticky":false,"template":"","format":"standard","meta":{"_monsterinsights_skip_tracking":false,"_monsterinsights_sitenote_active":false,"_monsterinsights_sitenote_note":"","_monsterinsights_sitenote_category":0,"jetpack_post_was_ever_published":false,"_jetpack_newsletter_access":"","_jetpack_dont_email_post_to_subs":false,"_jetpack_newsletter_tier_id":0,"_jetpack_memberships_contains_paywalled_content":false,"_jetpack_memberships_contains_paid_content":false,"footnotes":"","jetpack_publicize_message":"","jetpack_publicize_feature_enabled":true,"jetpack_social_post_already_shared":true,"jetpack_social_options":{"image_generator_settings":{"template":"highway","default_image_id":0,"font":"","enabled":false},"version":2},"_wpas_customize_per_network":false},"categories":[8],"tags":[1011,9916,14869,11738],"class_list":["post-91624","post","type-post","status-publish","format-standard","has-post-thumbnail","hentry","category-sociedad","tag-carcel","tag-misa","tag-pascuas","tag-unidad-penitenciaria-n-5","generate-columns","tablet-grid-50","mobile-grid-100","grid-parent","grid-50"],"jetpack_publicize_connections":[],"jetpack_featured_media_url":"https:\/\/www.hoymercedes.com.ar\/principal\/wp-content\/uploads\/2019\/04\/19-misa-carcel-1.jpg","wps_subtitle":"","jetpack_sharing_enabled":true,"_links":{"self":[{"href":"https:\/\/www.hoymercedes.com.ar\/principal\/wp-json\/wp\/v2\/posts\/91624","targetHints":{"allow":["GET"]}}],"collection":[{"href":"https:\/\/www.hoymercedes.com.ar\/principal\/wp-json\/wp\/v2\/posts"}],"about":[{"href":"https:\/\/www.hoymercedes.com.ar\/principal\/wp-json\/wp\/v2\/types\/post"}],"author":[{"embeddable":true,"href":"https:\/\/www.hoymercedes.com.ar\/principal\/wp-json\/wp\/v2\/users\/1"}],"replies":[{"embeddable":true,"href":"https:\/\/www.hoymercedes.com.ar\/principal\/wp-json\/wp\/v2\/comments?post=91624"}],"version-history":[{"count":0,"href":"https:\/\/www.hoymercedes.com.ar\/principal\/wp-json\/wp\/v2\/posts\/91624\/revisions"}],"wp:featuredmedia":[{"embeddable":true,"href":"https:\/\/www.hoymercedes.com.ar\/principal\/wp-json\/wp\/v2\/media\/91625"}],"wp:attachment":[{"href":"https:\/\/www.hoymercedes.com.ar\/principal\/wp-json\/wp\/v2\/media?parent=91624"}],"wp:term":[{"taxonomy":"category","embeddable":true,"href":"https:\/\/www.hoymercedes.com.ar\/principal\/wp-json\/wp\/v2\/categories?post=91624"},{"taxonomy":"post_tag","embeddable":true,"href":"https:\/\/www.hoymercedes.com.ar\/principal\/wp-json\/wp\/v2\/tags?post=91624"}],"curies":[{"name":"wp","href":"https:\/\/api.w.org\/{rel}","templated":true}]}}