{"id":9163,"date":"2011-11-17T00:36:48","date_gmt":"2011-11-17T00:36:48","guid":{"rendered":"http:\/\/www.hoymercedes.com.ar\/principal\/?p=9163"},"modified":"2011-11-17T00:36:48","modified_gmt":"2011-11-17T00:36:48","slug":"nueva-publicacion-revista-unlu","status":"publish","type":"post","link":"https:\/\/www.hoymercedes.com.ar\/principal\/2011\/11\/17\/nueva-publicacion-revista-unlu\/","title":{"rendered":"Nueva publicaci\u00f3n: \u00abRevista UNLu\u00bb"},"content":{"rendered":"<figure id=\"attachment_9165\" aria-describedby=\"caption-attachment-9165\" style=\"width: 231px\" class=\"wp-caption alignleft\"><a href=\"https:\/\/www.hoymercedes.com.ar\/principal\/wp-content\/uploads\/2011\/11\/RevistaUNLu1_tapa.jpg\"><img loading=\"lazy\" decoding=\"async\" data-attachment-id=\"9165\" data-permalink=\"https:\/\/www.hoymercedes.com.ar\/principal\/2011\/11\/17\/nueva-publicacion-revista-unlu\/revistaunlu1_tapa\/#main\" data-orig-file=\"https:\/\/www.hoymercedes.com.ar\/principal\/wp-content\/uploads\/2011\/11\/RevistaUNLu1_tapa.jpg\" data-orig-size=\"241,364\" data-comments-opened=\"1\" data-image-meta=\"{&quot;aperture&quot;:&quot;0&quot;,&quot;credit&quot;:&quot;&quot;,&quot;camera&quot;:&quot;&quot;,&quot;caption&quot;:&quot;&quot;,&quot;created_timestamp&quot;:&quot;0&quot;,&quot;copyright&quot;:&quot;&quot;,&quot;focal_length&quot;:&quot;0&quot;,&quot;iso&quot;:&quot;0&quot;,&quot;shutter_speed&quot;:&quot;0&quot;,&quot;title&quot;:&quot;&quot;}\" data-image-title=\"RevistaUNLu1_tapa\" data-image-description=\"\" data-image-caption=\"&lt;p&gt;Nueva Publicaci\u00f3n de la UNLu&lt;\/p&gt;\n\" data-large-file=\"https:\/\/www.hoymercedes.com.ar\/principal\/wp-content\/uploads\/2011\/11\/RevistaUNLu1_tapa.jpg\" class=\"size-full wp-image-9165\" title=\"RevistaUNLu1_tapa\" src=\"https:\/\/www.hoymercedes.com.ar\/principal\/wp-content\/uploads\/2011\/11\/RevistaUNLu1_tapa.jpg\" alt=\"\" width=\"241\" height=\"364\" \/><\/a><figcaption id=\"caption-attachment-9165\" class=\"wp-caption-text\">Nueva Publicaci\u00f3n de la UNLu<\/figcaption><\/figure>\n<p>La Universidad Nacional de Luj\u00e1n puso en marcha un nuevo canal de comunicaci\u00f3n con el lanzamiento del primer n\u00famero de la Revista UNLu, una producci\u00f3n mensual que a partir del mes en curso circular\u00e1 por los pasillos de la casa de altos estudios. La iniciativa \u00abintenta crear otro v\u00ednculo de comunicaci\u00f3n, en el cual podamos compartir y conocer la diversidad de actividades vinculadas a la investigaci\u00f3n, la docencia y la extensi\u00f3n realizadas en nuestra instituci\u00f3n\u00bb, seg\u00fan consta en su editorial.<\/p>\n<p>La flamante publicaci\u00f3n cuenta con tapa y contratapa color, 12 p\u00e1ginas de extensi\u00f3n y una amplia variedad de temas relacionados con la vida de la comunidad universitaria. En el primer n\u00famero, se destacan los art\u00edculos sobre golosinas saludables -producto de una investigaci\u00f3n que est\u00e1 llevando adelante la instituci\u00f3n-, una relaci\u00f3n sobre el aumento de becas a estudiantes, las obras en marcha en la sede de Campana y actividades del Voluntariado Universitario, entre otras. Tambi\u00e9n ofrece informaci\u00f3n sobre los tr\u00e1mites de inscripci\u00f3n para el pr\u00f3ximo ciclo lectivo y varias columnas de noticias breves. Sus noticias y fotos complementan y forman parte del trabajo del Departamento de Prensa y Difusi\u00f3n de la Casa, que tambi\u00e9n actualiza las noticias diariamente a trav\u00e9s de esta propia p\u00e1gina web (www.prensa.unlu.edu.ar), a trav\u00e9s del Bolet\u00edn diario de Noticias (v\u00eda mail) y a trav\u00e9s del servicio informativo diario de la Radio de la Universidad (FM 88.9 Mhz), que tambi\u00e9n puede seguirse por internet.<\/p>\n<p>La edici\u00f3n de Revista UNLu, que se distribuye en todas las sedes de la Universidad Nacional de Luj\u00e1n, se enmarca dentro de las actividades de la Secretar\u00eda de Extensi\u00f3n, Vinculaci\u00f3n y Servicios al Medio, y cuenta con la labor period\u00edstica y dise\u00f1o de Adri\u00e1n Terrizzano. \u00abCreemos que este medio contribuir\u00e1 al acercamiento entre nosotros, como integrantes de la Comunidad Universitaria, a trav\u00e9s de la divulgaci\u00f3n de tareas -muchas veces silenciosas- que se llevan adelante en la Casa\u00bb, afirman sus hacedores. Quienes deseen contactarse pueden hacerlo a direcci\u00f3n: revistadeyt@unlu.edu.ar<\/p>\n<p><span style=\"color: #888888;\">Fuente: Radio UNLu<\/span><\/p>\n","protected":false},"excerpt":{"rendered":"<p>La Universidad Nacional de Luj\u00e1n puso en marcha un nuevo canal de comunicaci\u00f3n con el lanzamiento del primer n\u00famero de &#8230; <a title=\"Nueva publicaci\u00f3n: \u00abRevista UNLu\u00bb\" class=\"read-more\" href=\"https:\/\/www.hoymercedes.com.ar\/principal\/2011\/11\/17\/nueva-publicacion-revista-unlu\/\" aria-label=\"Leer m\u00e1s sobre Nueva publicaci\u00f3n: \u00abRevista UNLu\u00bb\">Leer m\u00e1s<\/a><\/p>\n","protected":false},"author":1,"featured_media":0,"comment_status":"open","ping_status":"open","sticky":false,"template":"","format":"standard","meta":{"_monsterinsights_skip_tracking":false,"_monsterinsights_sitenote_active":false,"_monsterinsights_sitenote_note":"","_monsterinsights_sitenote_category":0,"jetpack_post_was_ever_published":false,"_jetpack_newsletter_access":"","_jetpack_dont_email_post_to_subs":false,"_jetpack_newsletter_tier_id":0,"_jetpack_memberships_contains_paywalled_content":false,"_jetpack_memberships_contains_paid_content":false,"footnotes":"","jetpack_publicize_message":"","jetpack_publicize_feature_enabled":true,"jetpack_social_post_already_shared":false,"jetpack_social_options":{"image_generator_settings":{"template":"highway","default_image_id":0,"font":"","enabled":false},"version":2},"_wpas_customize_per_network":false},"categories":[23],"tags":[1589,120,54],"class_list":["post-9163","post","type-post","status-publish","format-standard","hentry","category-educacion","tag-revista-unlu","tag-universidad-nacional-de-lujan","tag-unlu","generate-columns","tablet-grid-50","mobile-grid-100","grid-parent","grid-50"],"jetpack_publicize_connections":[],"jetpack_featured_media_url":"","wps_subtitle":"","jetpack_sharing_enabled":true,"_links":{"self":[{"href":"https:\/\/www.hoymercedes.com.ar\/principal\/wp-json\/wp\/v2\/posts\/9163","targetHints":{"allow":["GET"]}}],"collection":[{"href":"https:\/\/www.hoymercedes.com.ar\/principal\/wp-json\/wp\/v2\/posts"}],"about":[{"href":"https:\/\/www.hoymercedes.com.ar\/principal\/wp-json\/wp\/v2\/types\/post"}],"author":[{"embeddable":true,"href":"https:\/\/www.hoymercedes.com.ar\/principal\/wp-json\/wp\/v2\/users\/1"}],"replies":[{"embeddable":true,"href":"https:\/\/www.hoymercedes.com.ar\/principal\/wp-json\/wp\/v2\/comments?post=9163"}],"version-history":[{"count":0,"href":"https:\/\/www.hoymercedes.com.ar\/principal\/wp-json\/wp\/v2\/posts\/9163\/revisions"}],"wp:attachment":[{"href":"https:\/\/www.hoymercedes.com.ar\/principal\/wp-json\/wp\/v2\/media?parent=9163"}],"wp:term":[{"taxonomy":"category","embeddable":true,"href":"https:\/\/www.hoymercedes.com.ar\/principal\/wp-json\/wp\/v2\/categories?post=9163"},{"taxonomy":"post_tag","embeddable":true,"href":"https:\/\/www.hoymercedes.com.ar\/principal\/wp-json\/wp\/v2\/tags?post=9163"}],"curies":[{"name":"wp","href":"https:\/\/api.w.org\/{rel}","templated":true}]}}