{"id":91632,"date":"2019-04-19T15:34:06","date_gmt":"2019-04-19T18:34:06","guid":{"rendered":"http:\/\/www.hoymercedes.com.ar\/principal\/?p=91632"},"modified":"2019-04-19T15:02:09","modified_gmt":"2019-04-19T18:02:09","slug":"escritores-mercedinos-se-presentaran-en-la-feria-del-libro","status":"publish","type":"post","link":"https:\/\/www.hoymercedes.com.ar\/principal\/2019\/04\/19\/escritores-mercedinos-se-presentaran-en-la-feria-del-libro\/","title":{"rendered":"Escritores mercedinos se presentar\u00e1n en la Feria del Libro"},"content":{"rendered":"\n<p>El pr\u00f3ximo 2 de mayo, en la Sala Carlos Gorostiza de la 45\u00b0 Feria Internacional del Libro de la ciudad de Buenos Aires, estar\u00e1n presentes cinco escritores mercedinos y la presentaci\u00f3n de la Antolog\u00eda Dorada Oto\u00f1al 2019 de la SADE Mercedes en conjunto con otras filiales. <\/p>\n\n\n\n<p>El acontecimiento se desarrollar\u00e1 con la presentaci\u00f3n conjunta de las filiales de Campana y Lomas de Zamora, habiendo sido designado invitado de honor el escritor Dr. Alejandro Vaccaro Chao, presidente de la Sociedad Argentina de Escritores y Vicepresidente de la Fundaci\u00f3n El Libro.\u00a0 <\/p>\n\n\n\n<figure class=\"wp-block-image\"><img loading=\"lazy\" decoding=\"async\" width=\"750\" height=\"563\" data-attachment-id=\"91633\" data-permalink=\"https:\/\/www.hoymercedes.com.ar\/principal\/2019\/04\/19\/escritores-mercedinos-se-presentaran-en-la-feria-del-libro\/19-sade-libros\/#main\" data-orig-file=\"https:\/\/www.hoymercedes.com.ar\/principal\/wp-content\/uploads\/2019\/04\/19-SADE-libros.jpg\" data-orig-size=\"750,563\" data-comments-opened=\"0\" data-image-meta=\"{&quot;aperture&quot;:&quot;2.2&quot;,&quot;credit&quot;:&quot;&quot;,&quot;camera&quot;:&quot;SM-G531M&quot;,&quot;caption&quot;:&quot;&quot;,&quot;created_timestamp&quot;:&quot;1555365971&quot;,&quot;copyright&quot;:&quot;&quot;,&quot;focal_length&quot;:&quot;3.3000030517578&quot;,&quot;iso&quot;:&quot;430&quot;,&quot;shutter_speed&quot;:&quot;0.058823529411765&quot;,&quot;title&quot;:&quot;&quot;,&quot;orientation&quot;:&quot;1&quot;}\" data-image-title=\"19 SADE libros\" data-image-description=\"\" data-image-caption=\"\" data-large-file=\"https:\/\/www.hoymercedes.com.ar\/principal\/wp-content\/uploads\/2019\/04\/19-SADE-libros.jpg\" src=\"https:\/\/www.hoymercedes.com.ar\/principal\/wp-content\/uploads\/2019\/04\/19-SADE-libros.jpg\" alt=\"\" class=\"wp-image-91633\" srcset=\"https:\/\/www.hoymercedes.com.ar\/principal\/wp-content\/uploads\/2019\/04\/19-SADE-libros.jpg 750w, https:\/\/www.hoymercedes.com.ar\/principal\/wp-content\/uploads\/2019\/04\/19-SADE-libros-150x113.jpg 150w, https:\/\/www.hoymercedes.com.ar\/principal\/wp-content\/uploads\/2019\/04\/19-SADE-libros-630x473.jpg 630w, https:\/\/www.hoymercedes.com.ar\/principal\/wp-content\/uploads\/2019\/04\/19-SADE-libros-320x240.jpg 320w, https:\/\/www.hoymercedes.com.ar\/principal\/wp-content\/uploads\/2019\/04\/19-SADE-libros-100x75.jpg 100w\" sizes=\"auto, (max-width: 750px) 100vw, 750px\" \/><\/figure>\n","protected":false},"excerpt":{"rendered":"<p>El pr\u00f3ximo 2 de mayo, en la Sala Carlos Gorostiza de la 45\u00b0 Feria Internacional del Libro de la ciudad &#8230; <a title=\"Escritores mercedinos se presentar\u00e1n en la Feria del Libro\" class=\"read-more\" href=\"https:\/\/www.hoymercedes.com.ar\/principal\/2019\/04\/19\/escritores-mercedinos-se-presentaran-en-la-feria-del-libro\/\" aria-label=\"Leer m\u00e1s sobre Escritores mercedinos se presentar\u00e1n en la Feria del Libro\">Leer m\u00e1s<\/a><\/p>\n","protected":false},"author":1,"featured_media":91633,"comment_status":"closed","ping_status":"open","sticky":false,"template":"","format":"standard","meta":{"_monsterinsights_skip_tracking":false,"_monsterinsights_sitenote_active":false,"_monsterinsights_sitenote_note":"","_monsterinsights_sitenote_category":0,"jetpack_post_was_ever_published":false,"_jetpack_newsletter_access":"","_jetpack_dont_email_post_to_subs":false,"_jetpack_newsletter_tier_id":0,"_jetpack_memberships_contains_paywalled_content":false,"_jetpack_memberships_contains_paid_content":false,"footnotes":"","jetpack_publicize_message":"","jetpack_publicize_feature_enabled":true,"jetpack_social_post_already_shared":true,"jetpack_social_options":{"image_generator_settings":{"template":"highway","default_image_id":0,"font":"","enabled":false},"version":2},"_wpas_customize_per_network":false},"categories":[104],"tags":[7805,14907,685,5148],"class_list":["post-91632","post","type-post","status-publish","format-standard","has-post-thumbnail","hentry","category-cultura","tag-cultura","tag-escritores","tag-feria-del-libro","tag-sade-mercedes","generate-columns","tablet-grid-50","mobile-grid-100","grid-parent","grid-50"],"jetpack_publicize_connections":[],"jetpack_featured_media_url":"https:\/\/www.hoymercedes.com.ar\/principal\/wp-content\/uploads\/2019\/04\/19-SADE-libros.jpg","wps_subtitle":"","jetpack_sharing_enabled":true,"_links":{"self":[{"href":"https:\/\/www.hoymercedes.com.ar\/principal\/wp-json\/wp\/v2\/posts\/91632","targetHints":{"allow":["GET"]}}],"collection":[{"href":"https:\/\/www.hoymercedes.com.ar\/principal\/wp-json\/wp\/v2\/posts"}],"about":[{"href":"https:\/\/www.hoymercedes.com.ar\/principal\/wp-json\/wp\/v2\/types\/post"}],"author":[{"embeddable":true,"href":"https:\/\/www.hoymercedes.com.ar\/principal\/wp-json\/wp\/v2\/users\/1"}],"replies":[{"embeddable":true,"href":"https:\/\/www.hoymercedes.com.ar\/principal\/wp-json\/wp\/v2\/comments?post=91632"}],"version-history":[{"count":0,"href":"https:\/\/www.hoymercedes.com.ar\/principal\/wp-json\/wp\/v2\/posts\/91632\/revisions"}],"wp:featuredmedia":[{"embeddable":true,"href":"https:\/\/www.hoymercedes.com.ar\/principal\/wp-json\/wp\/v2\/media\/91633"}],"wp:attachment":[{"href":"https:\/\/www.hoymercedes.com.ar\/principal\/wp-json\/wp\/v2\/media?parent=91632"}],"wp:term":[{"taxonomy":"category","embeddable":true,"href":"https:\/\/www.hoymercedes.com.ar\/principal\/wp-json\/wp\/v2\/categories?post=91632"},{"taxonomy":"post_tag","embeddable":true,"href":"https:\/\/www.hoymercedes.com.ar\/principal\/wp-json\/wp\/v2\/tags?post=91632"}],"curies":[{"name":"wp","href":"https:\/\/api.w.org\/{rel}","templated":true}]}}