{"id":91638,"date":"2019-04-19T17:48:30","date_gmt":"2019-04-19T20:48:30","guid":{"rendered":"http:\/\/www.hoymercedes.com.ar\/principal\/?p=91638"},"modified":"2019-04-19T15:01:32","modified_gmt":"2019-04-19T18:01:32","slug":"la-casa-de-la-mujer-propone-ronda-de-mujeres","status":"publish","type":"post","link":"https:\/\/www.hoymercedes.com.ar\/principal\/2019\/04\/19\/la-casa-de-la-mujer-propone-ronda-de-mujeres\/","title":{"rendered":"La Casa de la Mujer propone \u00abronda de mujeres\u00bb"},"content":{"rendered":"\n<p>En la Casa de la Mujer Juan Azurduy de Mercedes se inici\u00f3 la ronda de mujeres, un espacio de encuentro coordinado por la Lic. Guadalupe Gonz\u00e1lez. Las reuniones son todos los mi\u00e9rcoles, de 15 a 16:30 horas, en el Centro Cultural Barrio Blandengues en calle 105, entre 12 y 14. <\/p>\n\n\n\n<p>\u201cEs un espacio de escucha y conexi\u00f3n entre las mujeres que asisten foment\u00e1ndose desde diversos mecanismos de intercambio, desde tomar un mate a o\u00edr m\u00fasica, escucharnos, entender que la mujer est\u00e1 atravesada social e hist\u00f3ricamente en un lugar e idea de ser mujer siendo la Casa de la Mujer un lugar habilitante a cuestionar aquello que tenemos naturalizado\u201d, explic\u00f3 Guadalupe Gonz\u00e1lez. <\/p>\n\n\n\n<p>\u201cBajo el lema que todas tenemos algo para decir las mujeres que tengan ganas de formar parte se pueden acercar todos los mi\u00e9rcoles desde las 15 horas en el centro comunitario del barrio Blandengues y siempre ser\u00e1 un espacio abierto\u201d, agreg\u00f3. <\/p>\n\n\n\n<p>La Casa de la Mujer se lanz\u00f3 con el objetivo de acompa\u00f1ar a las vecinas que viven distintas situaciones de violencia, f\u00edsica, simb\u00f3lica y ps\u00edquica, como as\u00ed tambi\u00e9n ser un espacio de formaci\u00f3n con talleres, cursos, programas de actividades y prevenci\u00f3n, tanto hacia quienes son parte como tambi\u00e9n en v\u00ednculo con otras instituciones.<\/p>\n\n\n\n<figure class=\"wp-block-image\"><img loading=\"lazy\" decoding=\"async\" width=\"530\" height=\"750\" data-attachment-id=\"91640\" data-permalink=\"https:\/\/www.hoymercedes.com.ar\/principal\/2019\/04\/19\/la-casa-de-la-mujer-propone-ronda-de-mujeres\/19-ronda-de-mujers-2\/#main\" data-orig-file=\"https:\/\/www.hoymercedes.com.ar\/principal\/wp-content\/uploads\/2019\/04\/19-ronda-de-mujers-2.jpg\" data-orig-size=\"530,750\" data-comments-opened=\"0\" data-image-meta=\"{&quot;aperture&quot;:&quot;0&quot;,&quot;credit&quot;:&quot;&quot;,&quot;camera&quot;:&quot;&quot;,&quot;caption&quot;:&quot;&quot;,&quot;created_timestamp&quot;:&quot;0&quot;,&quot;copyright&quot;:&quot;&quot;,&quot;focal_length&quot;:&quot;0&quot;,&quot;iso&quot;:&quot;0&quot;,&quot;shutter_speed&quot;:&quot;0&quot;,&quot;title&quot;:&quot;&quot;,&quot;orientation&quot;:&quot;0&quot;}\" data-image-title=\"19 ronda de mujers 2\" data-image-description=\"\" data-image-caption=\"\" data-large-file=\"https:\/\/www.hoymercedes.com.ar\/principal\/wp-content\/uploads\/2019\/04\/19-ronda-de-mujers-2.jpg\" src=\"https:\/\/www.hoymercedes.com.ar\/principal\/wp-content\/uploads\/2019\/04\/19-ronda-de-mujers-2.jpg\" alt=\"\" class=\"wp-image-91640\" srcset=\"https:\/\/www.hoymercedes.com.ar\/principal\/wp-content\/uploads\/2019\/04\/19-ronda-de-mujers-2.jpg 530w, https:\/\/www.hoymercedes.com.ar\/principal\/wp-content\/uploads\/2019\/04\/19-ronda-de-mujers-2-106x150.jpg 106w, https:\/\/www.hoymercedes.com.ar\/principal\/wp-content\/uploads\/2019\/04\/19-ronda-de-mujers-2-438x620.jpg 438w\" sizes=\"auto, (max-width: 530px) 100vw, 530px\" \/><\/figure>\n","protected":false},"excerpt":{"rendered":"<p>En la Casa de la Mujer Juan Azurduy de Mercedes se inici\u00f3 la ronda de mujeres, un espacio de encuentro &#8230; <a title=\"La Casa de la Mujer propone \u00abronda de mujeres\u00bb\" class=\"read-more\" href=\"https:\/\/www.hoymercedes.com.ar\/principal\/2019\/04\/19\/la-casa-de-la-mujer-propone-ronda-de-mujeres\/\" aria-label=\"Leer m\u00e1s sobre La Casa de la Mujer propone \u00abronda de mujeres\u00bb\">Leer m\u00e1s<\/a><\/p>\n","protected":false},"author":1,"featured_media":91639,"comment_status":"closed","ping_status":"open","sticky":false,"template":"","format":"standard","meta":{"_monsterinsights_skip_tracking":false,"_monsterinsights_sitenote_active":false,"_monsterinsights_sitenote_note":"","_monsterinsights_sitenote_category":0,"jetpack_post_was_ever_published":false,"_jetpack_newsletter_access":"","_jetpack_dont_email_post_to_subs":false,"_jetpack_newsletter_tier_id":0,"_jetpack_memberships_contains_paywalled_content":false,"_jetpack_memberships_contains_paid_content":false,"footnotes":"","jetpack_publicize_message":"","jetpack_publicize_feature_enabled":true,"jetpack_social_post_already_shared":true,"jetpack_social_options":{"image_generator_settings":{"template":"highway","default_image_id":0,"font":"","enabled":false},"version":2},"_wpas_customize_per_network":false},"categories":[30],"tags":[3390,12741,244,11080],"class_list":["post-91638","post","type-post","status-publish","format-standard","has-post-thumbnail","hentry","category-municipio","tag-barrio-blandengues","tag-casa-de-la-mujer","tag-municipio-2","tag-secretaria-de-seguridad","generate-columns","tablet-grid-50","mobile-grid-100","grid-parent","grid-50"],"jetpack_publicize_connections":[],"jetpack_featured_media_url":"https:\/\/www.hoymercedes.com.ar\/principal\/wp-content\/uploads\/2019\/04\/19-ronda-de-mujers-1.jpg","wps_subtitle":"Todos los mi\u00e9rcoles","jetpack_sharing_enabled":true,"_links":{"self":[{"href":"https:\/\/www.hoymercedes.com.ar\/principal\/wp-json\/wp\/v2\/posts\/91638","targetHints":{"allow":["GET"]}}],"collection":[{"href":"https:\/\/www.hoymercedes.com.ar\/principal\/wp-json\/wp\/v2\/posts"}],"about":[{"href":"https:\/\/www.hoymercedes.com.ar\/principal\/wp-json\/wp\/v2\/types\/post"}],"author":[{"embeddable":true,"href":"https:\/\/www.hoymercedes.com.ar\/principal\/wp-json\/wp\/v2\/users\/1"}],"replies":[{"embeddable":true,"href":"https:\/\/www.hoymercedes.com.ar\/principal\/wp-json\/wp\/v2\/comments?post=91638"}],"version-history":[{"count":0,"href":"https:\/\/www.hoymercedes.com.ar\/principal\/wp-json\/wp\/v2\/posts\/91638\/revisions"}],"wp:featuredmedia":[{"embeddable":true,"href":"https:\/\/www.hoymercedes.com.ar\/principal\/wp-json\/wp\/v2\/media\/91639"}],"wp:attachment":[{"href":"https:\/\/www.hoymercedes.com.ar\/principal\/wp-json\/wp\/v2\/media?parent=91638"}],"wp:term":[{"taxonomy":"category","embeddable":true,"href":"https:\/\/www.hoymercedes.com.ar\/principal\/wp-json\/wp\/v2\/categories?post=91638"},{"taxonomy":"post_tag","embeddable":true,"href":"https:\/\/www.hoymercedes.com.ar\/principal\/wp-json\/wp\/v2\/tags?post=91638"}],"curies":[{"name":"wp","href":"https:\/\/api.w.org\/{rel}","templated":true}]}}