{"id":91670,"date":"2019-04-21T14:47:04","date_gmt":"2019-04-21T17:47:04","guid":{"rendered":"http:\/\/www.hoymercedes.com.ar\/principal\/?p=91670"},"modified":"2019-04-21T14:50:09","modified_gmt":"2019-04-21T17:50:09","slug":"la-vigilia-pascual-fue-presidida-por-radrizzani","status":"publish","type":"post","link":"https:\/\/www.hoymercedes.com.ar\/principal\/2019\/04\/21\/la-vigilia-pascual-fue-presidida-por-radrizzani\/","title":{"rendered":"La Vigilia Pascual fue presidida por Radrizzani"},"content":{"rendered":"\n<p>La noche del s\u00e1bado, en la Iglesia Catedral de Mercedes se realiz\u00f3 la Vigilia Pascual. En esta oportunidad, fue presidida por el Arzobispo de Mercedes-Luj\u00e1n, Agust\u00edn Radrizzani. La misma se inici\u00f3 en la plaza San Mart\u00edn para luego ingresar al templo todos los feligreses con velas en procesi\u00f3n. En su mensaje Pascual, el Arzobispo hizo hincapi\u00e9 en la crisis econ\u00f3mica. <\/p>\n\n\n\n<p>M\u00e1s temprano, en la Catedral se realiz\u00f3 el v\u00eda crucis de ni\u00f1os, mientras la noche anterior en el atrio de la Iglesia se represent\u00f3 el v\u00eda crucis con adultos. La misma de Pascuas de este domingo, fue presidida por el padre Juan Carlos Bouzou, flamante p\u00e1rroco de la Bas\u00edlica Catedral de Mercedes. <\/p>\n\n\n\n<figure class=\"wp-block-image\"><img loading=\"lazy\" decoding=\"async\" width=\"750\" height=\"500\" data-attachment-id=\"91673\" data-permalink=\"https:\/\/www.hoymercedes.com.ar\/principal\/2019\/04\/21\/la-vigilia-pascual-fue-presidida-por-radrizzani\/21-vigilia-pascual-4\/#main\" data-orig-file=\"https:\/\/www.hoymercedes.com.ar\/principal\/wp-content\/uploads\/2019\/04\/21-vigilia-pascual-4.jpg\" data-orig-size=\"750,500\" data-comments-opened=\"0\" data-image-meta=\"{&quot;aperture&quot;:&quot;0&quot;,&quot;credit&quot;:&quot;&quot;,&quot;camera&quot;:&quot;&quot;,&quot;caption&quot;:&quot;&quot;,&quot;created_timestamp&quot;:&quot;0&quot;,&quot;copyright&quot;:&quot;&quot;,&quot;focal_length&quot;:&quot;0&quot;,&quot;iso&quot;:&quot;0&quot;,&quot;shutter_speed&quot;:&quot;0&quot;,&quot;title&quot;:&quot;&quot;,&quot;orientation&quot;:&quot;0&quot;}\" data-image-title=\"21 vigilia pascual 4\" data-image-description=\"\" data-image-caption=\"\" data-large-file=\"https:\/\/www.hoymercedes.com.ar\/principal\/wp-content\/uploads\/2019\/04\/21-vigilia-pascual-4.jpg\" src=\"https:\/\/www.hoymercedes.com.ar\/principal\/wp-content\/uploads\/2019\/04\/21-vigilia-pascual-4.jpg\" alt=\"\" class=\"wp-image-91673\" srcset=\"https:\/\/www.hoymercedes.com.ar\/principal\/wp-content\/uploads\/2019\/04\/21-vigilia-pascual-4.jpg 750w, https:\/\/www.hoymercedes.com.ar\/principal\/wp-content\/uploads\/2019\/04\/21-vigilia-pascual-4-150x100.jpg 150w, https:\/\/www.hoymercedes.com.ar\/principal\/wp-content\/uploads\/2019\/04\/21-vigilia-pascual-4-630x420.jpg 630w, https:\/\/www.hoymercedes.com.ar\/principal\/wp-content\/uploads\/2019\/04\/21-vigilia-pascual-4-720x480.jpg 720w, https:\/\/www.hoymercedes.com.ar\/principal\/wp-content\/uploads\/2019\/04\/21-vigilia-pascual-4-360x240.jpg 360w\" sizes=\"auto, (max-width: 750px) 100vw, 750px\" \/><\/figure>\n\n\n\n<p><strong>Mensaje Pascual de Radrizzani<\/strong><\/p>\n\n\n\n<p>\u00abQueridos Hermanos: <br>\u00a1Feliz Pascua de Resurrecci\u00f3n!<br>Este saludo gozoso en el fundamento de nuestra fe. El Se\u00f1or Jes\u00fas que se encarn\u00f3, vivi\u00f3 en Palestina y muri\u00f3 asesinado para darnos vida nueva, ahora vive para siempre. Esta es la realidad que nos da esperanza y la necesitamos como Naci\u00f3n y como creyentes. <br>La Argentina est\u00e1 viviendo un momento cr\u00edticos de su historia. Basta acercarnos a la gente para escuchar los problemas vinculados a la inflaci\u00f3n y a la inseguridad. A esto se le suma que la brecha no s\u00f3lo no se achica sino que crece cada d\u00eda. Hay una fuerte incertidumbre del punto de vista pol\u00edtico mirando a las elecciones de octubre\u00bb. <\/p>\n\n\n\n<p>\u00abNinguna de estas dificultades son nuevas entre nosotros. Caminamos entre luces y sombras. Pero para nosotros, creyentes, vamos m\u00e1s all\u00e1 de las vicisitudes temporales y nos unimos como comunidad para discernir con la presencia de Jes\u00fas nuestro modo de obrar. <br>Ante todo vivimos la alegr\u00eda de la fe y la certeza de que Dios nos acompa\u00f1a siempre, \u00abyo estar\u00e9 con ustedes hasta el fin\u00bb. <br>Esta convicci\u00f3n nos ayuda a mirar el futuro con optimismo. Porque el Se\u00f1or est\u00e1 con nosotros y nos da fuerza para seguir adelante con esperanza. <br>Debemos empe\u00f1arnos en intensificar la oraci\u00f3n, la reflexi\u00f3n, el di\u00e1logo y el servicio. <br>En tal sentido tenemos presente a quienes est\u00e1n pasando por dificultades econ\u00f3micas. Por eso acompa\u00f1amos toda iniciativa que sirva para vivir la caridad, como Vicentinos, C\u00e1ritas, visita a los pobres, heladeras solidarias, etc.\u00bb<\/p>\n\n\n\n<figure class=\"wp-block-image\"><img loading=\"lazy\" decoding=\"async\" width=\"750\" height=\"499\" data-attachment-id=\"91672\" data-permalink=\"https:\/\/www.hoymercedes.com.ar\/principal\/2019\/04\/21\/la-vigilia-pascual-fue-presidida-por-radrizzani\/21-vigilia-pascual-3\/#main\" data-orig-file=\"https:\/\/www.hoymercedes.com.ar\/principal\/wp-content\/uploads\/2019\/04\/21-vigilia-pascual-3.jpg\" data-orig-size=\"750,499\" data-comments-opened=\"0\" data-image-meta=\"{&quot;aperture&quot;:&quot;0&quot;,&quot;credit&quot;:&quot;&quot;,&quot;camera&quot;:&quot;&quot;,&quot;caption&quot;:&quot;&quot;,&quot;created_timestamp&quot;:&quot;0&quot;,&quot;copyright&quot;:&quot;&quot;,&quot;focal_length&quot;:&quot;0&quot;,&quot;iso&quot;:&quot;0&quot;,&quot;shutter_speed&quot;:&quot;0&quot;,&quot;title&quot;:&quot;&quot;,&quot;orientation&quot;:&quot;0&quot;}\" data-image-title=\"21 vigilia pascual 3\" data-image-description=\"\" data-image-caption=\"\" data-large-file=\"https:\/\/www.hoymercedes.com.ar\/principal\/wp-content\/uploads\/2019\/04\/21-vigilia-pascual-3.jpg\" src=\"https:\/\/www.hoymercedes.com.ar\/principal\/wp-content\/uploads\/2019\/04\/21-vigilia-pascual-3.jpg\" alt=\"\" class=\"wp-image-91672\" srcset=\"https:\/\/www.hoymercedes.com.ar\/principal\/wp-content\/uploads\/2019\/04\/21-vigilia-pascual-3.jpg 750w, https:\/\/www.hoymercedes.com.ar\/principal\/wp-content\/uploads\/2019\/04\/21-vigilia-pascual-3-150x100.jpg 150w, https:\/\/www.hoymercedes.com.ar\/principal\/wp-content\/uploads\/2019\/04\/21-vigilia-pascual-3-630x419.jpg 630w, https:\/\/www.hoymercedes.com.ar\/principal\/wp-content\/uploads\/2019\/04\/21-vigilia-pascual-3-720x480.jpg 720w, https:\/\/www.hoymercedes.com.ar\/principal\/wp-content\/uploads\/2019\/04\/21-vigilia-pascual-3-360x240.jpg 360w\" sizes=\"auto, (max-width: 750px) 100vw, 750px\" \/><\/figure>\n\n\n\n<p>\u00abEstoy convencido que el que no piensa como yo, tiene algo de verdad en su planteo. Es una forma de superar esta distancia en posiciones antag\u00f3nicas. Nadie es depositarios absolutos de la verdad y si creamos un clima de caridad, de di\u00e1logo sereno y sincero puede aparecer una nueva posici\u00f3n que nos incluya a ambos.<br>El Se\u00f1or ha resucitado y nosotros somos testigos de la vida nueva que \u00c9l nos ha tra\u00eddo. <br>La fe en \u00e9l es una gracia y un empe\u00f1o. <br>\u00c9l es la piedra angular de todo el edificio y por \u00c9l y con \u00c9l nos comprometemos para construir un mundo nuevo\u00bb.<\/p>\n\n\n\n<p>\u00abLa certeza de su presencia nos da serenidad, mayor claridad de misi\u00f3n y una permanente alegr\u00eda. Se comprende lo de San Atanasio  \u00abla Resurrecci\u00f3n de Jes\u00fas hace de nuestra vida una fiesta perenne\u00bb. <br>Les auguro que la fiesta Pascual para t\u00ed y para m\u00ed no tenga fin.\u00bb<\/p>\n\n\n\n<figure class=\"wp-block-image\"><img loading=\"lazy\" decoding=\"async\" width=\"750\" height=\"563\" data-attachment-id=\"91671\" data-permalink=\"https:\/\/www.hoymercedes.com.ar\/principal\/2019\/04\/21\/la-vigilia-pascual-fue-presidida-por-radrizzani\/21-vigilia-pascual-2\/#main\" data-orig-file=\"https:\/\/www.hoymercedes.com.ar\/principal\/wp-content\/uploads\/2019\/04\/21-vigilia-pascual-2.jpg\" data-orig-size=\"750,563\" data-comments-opened=\"0\" data-image-meta=\"{&quot;aperture&quot;:&quot;0&quot;,&quot;credit&quot;:&quot;&quot;,&quot;camera&quot;:&quot;&quot;,&quot;caption&quot;:&quot;&quot;,&quot;created_timestamp&quot;:&quot;0&quot;,&quot;copyright&quot;:&quot;&quot;,&quot;focal_length&quot;:&quot;0&quot;,&quot;iso&quot;:&quot;0&quot;,&quot;shutter_speed&quot;:&quot;0&quot;,&quot;title&quot;:&quot;&quot;,&quot;orientation&quot;:&quot;0&quot;}\" data-image-title=\"21 vigilia pascual 2\" data-image-description=\"\" data-image-caption=\"\" data-large-file=\"https:\/\/www.hoymercedes.com.ar\/principal\/wp-content\/uploads\/2019\/04\/21-vigilia-pascual-2.jpg\" src=\"https:\/\/www.hoymercedes.com.ar\/principal\/wp-content\/uploads\/2019\/04\/21-vigilia-pascual-2.jpg\" alt=\"\" class=\"wp-image-91671\" srcset=\"https:\/\/www.hoymercedes.com.ar\/principal\/wp-content\/uploads\/2019\/04\/21-vigilia-pascual-2.jpg 750w, https:\/\/www.hoymercedes.com.ar\/principal\/wp-content\/uploads\/2019\/04\/21-vigilia-pascual-2-150x113.jpg 150w, https:\/\/www.hoymercedes.com.ar\/principal\/wp-content\/uploads\/2019\/04\/21-vigilia-pascual-2-630x473.jpg 630w, https:\/\/www.hoymercedes.com.ar\/principal\/wp-content\/uploads\/2019\/04\/21-vigilia-pascual-2-320x240.jpg 320w, https:\/\/www.hoymercedes.com.ar\/principal\/wp-content\/uploads\/2019\/04\/21-vigilia-pascual-2-100x75.jpg 100w\" sizes=\"auto, (max-width: 750px) 100vw, 750px\" \/><\/figure>\n\n\n\n<p><br><\/p>\n","protected":false},"excerpt":{"rendered":"<p>La noche del s\u00e1bado, en la Iglesia Catedral de Mercedes se realiz\u00f3 la Vigilia Pascual. En esta oportunidad, fue presidida &#8230; <a title=\"La Vigilia Pascual fue presidida por Radrizzani\" class=\"read-more\" href=\"https:\/\/www.hoymercedes.com.ar\/principal\/2019\/04\/21\/la-vigilia-pascual-fue-presidida-por-radrizzani\/\" aria-label=\"Leer m\u00e1s sobre La Vigilia Pascual fue presidida por Radrizzani\">Leer m\u00e1s<\/a><\/p>\n","protected":false},"author":1,"featured_media":91671,"comment_status":"closed","ping_status":"open","sticky":false,"template":"","format":"standard","meta":{"_monsterinsights_skip_tracking":false,"_monsterinsights_sitenote_active":false,"_monsterinsights_sitenote_note":"","_monsterinsights_sitenote_category":0,"jetpack_post_was_ever_published":false,"_jetpack_newsletter_access":"","_jetpack_dont_email_post_to_subs":false,"_jetpack_newsletter_tier_id":0,"_jetpack_memberships_contains_paywalled_content":false,"_jetpack_memberships_contains_paid_content":false,"footnotes":"","jetpack_publicize_message":"","jetpack_publicize_feature_enabled":true,"jetpack_social_post_already_shared":true,"jetpack_social_options":{"image_generator_settings":{"template":"highway","default_image_id":0,"font":"","enabled":false},"version":2},"_wpas_customize_per_network":false},"categories":[8],"tags":[14808,14909,14869],"class_list":["post-91670","post","type-post","status-publish","format-standard","has-post-thumbnail","hentry","category-sociedad","tag-iglesia-catolica","tag-monsenor-agustin","tag-pascuas","generate-columns","tablet-grid-50","mobile-grid-100","grid-parent","grid-50"],"jetpack_publicize_connections":[],"jetpack_featured_media_url":"https:\/\/www.hoymercedes.com.ar\/principal\/wp-content\/uploads\/2019\/04\/21-vigilia-pascual-2.jpg","wps_subtitle":"En la noche del s\u00e1bado","jetpack_sharing_enabled":true,"_links":{"self":[{"href":"https:\/\/www.hoymercedes.com.ar\/principal\/wp-json\/wp\/v2\/posts\/91670","targetHints":{"allow":["GET"]}}],"collection":[{"href":"https:\/\/www.hoymercedes.com.ar\/principal\/wp-json\/wp\/v2\/posts"}],"about":[{"href":"https:\/\/www.hoymercedes.com.ar\/principal\/wp-json\/wp\/v2\/types\/post"}],"author":[{"embeddable":true,"href":"https:\/\/www.hoymercedes.com.ar\/principal\/wp-json\/wp\/v2\/users\/1"}],"replies":[{"embeddable":true,"href":"https:\/\/www.hoymercedes.com.ar\/principal\/wp-json\/wp\/v2\/comments?post=91670"}],"version-history":[{"count":0,"href":"https:\/\/www.hoymercedes.com.ar\/principal\/wp-json\/wp\/v2\/posts\/91670\/revisions"}],"wp:featuredmedia":[{"embeddable":true,"href":"https:\/\/www.hoymercedes.com.ar\/principal\/wp-json\/wp\/v2\/media\/91671"}],"wp:attachment":[{"href":"https:\/\/www.hoymercedes.com.ar\/principal\/wp-json\/wp\/v2\/media?parent=91670"}],"wp:term":[{"taxonomy":"category","embeddable":true,"href":"https:\/\/www.hoymercedes.com.ar\/principal\/wp-json\/wp\/v2\/categories?post=91670"},{"taxonomy":"post_tag","embeddable":true,"href":"https:\/\/www.hoymercedes.com.ar\/principal\/wp-json\/wp\/v2\/tags?post=91670"}],"curies":[{"name":"wp","href":"https:\/\/api.w.org\/{rel}","templated":true}]}}