{"id":91676,"date":"2019-04-21T16:00:37","date_gmt":"2019-04-21T19:00:37","guid":{"rendered":"http:\/\/www.hoymercedes.com.ar\/principal\/?p=91676"},"modified":"2019-04-21T15:03:27","modified_gmt":"2019-04-21T18:03:27","slug":"segunda-reunion-del-instituto-de-estudios-urbanos-del-colegio-de-arquitectos","status":"publish","type":"post","link":"https:\/\/www.hoymercedes.com.ar\/principal\/2019\/04\/21\/segunda-reunion-del-instituto-de-estudios-urbanos-del-colegio-de-arquitectos\/","title":{"rendered":"Segunda reuni\u00f3n del Instituto de Estudios Urbanos del Colegio de Arquitectos"},"content":{"rendered":"\n<p>D\u00edas atr\u00e1s, en la Sede Distrital de CAPBA5 en la ciudad de Mercedes, se llev\u00f3 a cabo la segunda reuni\u00f3n del IEU5 (Instituto de Estudios Urbanos &#8211; Distrito5) del 2019.<\/p>\n\n\n\n<p>Como introducci\u00f3n el Presidente de CAPBA5, Arq. Jorge Alberto Garc\u00eda, salud\u00f3 a los presentes y cedi\u00f3 la palabra a los coordinadores&nbsp;Arq. Gustavo Darrigo y Francisco Cadau.&nbsp;<\/p>\n\n\n\n<p>En la reuni\u00f3n se avanz\u00f3 con los proyectos presentados&nbsp;para este a\u00f1o y que adem\u00e1s se mostrar\u00e1n en la Trienal Distrital en 2019:<\/p>\n\n\n\n<p>Bragado\u00a0 \u00a0 &#8211;\u00a0 \u00a0 Puesta en valor barrio F\u00e1tima zona canal Falc\u00f3n\u00a0 \u00a0 \u00a0 \u00a0 <br>Campana\u00a0 \u00a0 &#8211;\u00a0 \u00a0Accesos a la ciudad<br>Campana\u00a0 \u00a0 &#8211;\u00a0 \u00a0 Ciclov\u00edas urbanas<br>Campana\u00a0 \u00a0 &#8211;\u00a0 \u00a0 Acciones sobre sector isle\u00f1o<br>Chivilcoy\u00a0 \u00a0 &#8211;\u00a0 \u00a0 Espacios verdes p\u00fablicos<br>Chivilcoy\u00a0 \u00a0&#8211;\u00a0 \u00a0 Producci\u00f3n social del habitat sustentable desde un modelo de gest\u00edon articulado y multi-actoral<br>Escobar\u00a0 \u00a0 &#8211;\u00a0\u00a0\u00a0 Maschwitz 2020<br>General Rodriguez\u00a0\u00a0 \u00a0&#8211;\u00a0 \u00a0Proyecto predio de la estaci\u00f3n<br>Lobos\u00a0 \u00a0&#8211;\u00a0 \u00a0 Puesta en valor zona comercial<br>Pilar\u00a0 \u00a0 &#8211;\u00a0 \u00a0Ecoparque R\u00edo Luj\u00e1n (Segunda parte) Mitigaci\u00f3n sectores urbanos involucrados. Tipolog\u00edas arquitect\u00f3nicas a aplicar en el \u00e1rea.<\/p>\n\n\n\n<figure class=\"wp-block-image\"><img loading=\"lazy\" decoding=\"async\" width=\"750\" height=\"500\" data-attachment-id=\"91677\" data-permalink=\"https:\/\/www.hoymercedes.com.ar\/principal\/2019\/04\/21\/segunda-reunion-del-instituto-de-estudios-urbanos-del-colegio-de-arquitectos\/21-arquitectos-1\/#main\" data-orig-file=\"https:\/\/www.hoymercedes.com.ar\/principal\/wp-content\/uploads\/2019\/04\/21-arquitectos-1.jpeg\" data-orig-size=\"750,500\" data-comments-opened=\"0\" data-image-meta=\"{&quot;aperture&quot;:&quot;0&quot;,&quot;credit&quot;:&quot;&quot;,&quot;camera&quot;:&quot;&quot;,&quot;caption&quot;:&quot;&quot;,&quot;created_timestamp&quot;:&quot;0&quot;,&quot;copyright&quot;:&quot;&quot;,&quot;focal_length&quot;:&quot;0&quot;,&quot;iso&quot;:&quot;0&quot;,&quot;shutter_speed&quot;:&quot;0&quot;,&quot;title&quot;:&quot;&quot;,&quot;orientation&quot;:&quot;0&quot;}\" data-image-title=\"21 arquitectos 1\" data-image-description=\"\" data-image-caption=\"\" data-large-file=\"https:\/\/www.hoymercedes.com.ar\/principal\/wp-content\/uploads\/2019\/04\/21-arquitectos-1.jpeg\" src=\"https:\/\/www.hoymercedes.com.ar\/principal\/wp-content\/uploads\/2019\/04\/21-arquitectos-1.jpeg\" alt=\"\" class=\"wp-image-91677\" srcset=\"https:\/\/www.hoymercedes.com.ar\/principal\/wp-content\/uploads\/2019\/04\/21-arquitectos-1.jpeg 750w, https:\/\/www.hoymercedes.com.ar\/principal\/wp-content\/uploads\/2019\/04\/21-arquitectos-1-150x100.jpeg 150w, https:\/\/www.hoymercedes.com.ar\/principal\/wp-content\/uploads\/2019\/04\/21-arquitectos-1-630x420.jpeg 630w, https:\/\/www.hoymercedes.com.ar\/principal\/wp-content\/uploads\/2019\/04\/21-arquitectos-1-720x480.jpeg 720w, https:\/\/www.hoymercedes.com.ar\/principal\/wp-content\/uploads\/2019\/04\/21-arquitectos-1-360x240.jpeg 360w\" sizes=\"auto, (max-width: 750px) 100vw, 750px\" \/><\/figure>\n","protected":false},"excerpt":{"rendered":"<p>D\u00edas atr\u00e1s, en la Sede Distrital de CAPBA5 en la ciudad de Mercedes, se llev\u00f3 a cabo la segunda reuni\u00f3n &#8230; <a title=\"Segunda reuni\u00f3n del Instituto de Estudios Urbanos del Colegio de Arquitectos\" class=\"read-more\" href=\"https:\/\/www.hoymercedes.com.ar\/principal\/2019\/04\/21\/segunda-reunion-del-instituto-de-estudios-urbanos-del-colegio-de-arquitectos\/\" aria-label=\"Leer m\u00e1s sobre Segunda reuni\u00f3n del Instituto de Estudios Urbanos del Colegio de Arquitectos\">Leer m\u00e1s<\/a><\/p>\n","protected":false},"author":1,"featured_media":91677,"comment_status":"closed","ping_status":"open","sticky":false,"template":"","format":"standard","meta":{"_monsterinsights_skip_tracking":false,"_monsterinsights_sitenote_active":false,"_monsterinsights_sitenote_note":"","_monsterinsights_sitenote_category":0,"jetpack_post_was_ever_published":false,"_jetpack_newsletter_access":"","_jetpack_dont_email_post_to_subs":false,"_jetpack_newsletter_tier_id":0,"_jetpack_memberships_contains_paywalled_content":false,"_jetpack_memberships_contains_paid_content":false,"footnotes":"","jetpack_publicize_message":"","jetpack_publicize_feature_enabled":true,"jetpack_social_post_already_shared":true,"jetpack_social_options":{"image_generator_settings":{"template":"highway","default_image_id":0,"font":"","enabled":false},"version":2},"_wpas_customize_per_network":false},"categories":[8],"tags":[6816],"class_list":["post-91676","post","type-post","status-publish","format-standard","has-post-thumbnail","hentry","category-sociedad","tag-colegio-de-arquitectos","generate-columns","tablet-grid-50","mobile-grid-100","grid-parent","grid-50"],"jetpack_publicize_connections":[],"jetpack_featured_media_url":"https:\/\/www.hoymercedes.com.ar\/principal\/wp-content\/uploads\/2019\/04\/21-arquitectos-1.jpeg","wps_subtitle":"","jetpack_sharing_enabled":true,"_links":{"self":[{"href":"https:\/\/www.hoymercedes.com.ar\/principal\/wp-json\/wp\/v2\/posts\/91676","targetHints":{"allow":["GET"]}}],"collection":[{"href":"https:\/\/www.hoymercedes.com.ar\/principal\/wp-json\/wp\/v2\/posts"}],"about":[{"href":"https:\/\/www.hoymercedes.com.ar\/principal\/wp-json\/wp\/v2\/types\/post"}],"author":[{"embeddable":true,"href":"https:\/\/www.hoymercedes.com.ar\/principal\/wp-json\/wp\/v2\/users\/1"}],"replies":[{"embeddable":true,"href":"https:\/\/www.hoymercedes.com.ar\/principal\/wp-json\/wp\/v2\/comments?post=91676"}],"version-history":[{"count":0,"href":"https:\/\/www.hoymercedes.com.ar\/principal\/wp-json\/wp\/v2\/posts\/91676\/revisions"}],"wp:featuredmedia":[{"embeddable":true,"href":"https:\/\/www.hoymercedes.com.ar\/principal\/wp-json\/wp\/v2\/media\/91677"}],"wp:attachment":[{"href":"https:\/\/www.hoymercedes.com.ar\/principal\/wp-json\/wp\/v2\/media?parent=91676"}],"wp:term":[{"taxonomy":"category","embeddable":true,"href":"https:\/\/www.hoymercedes.com.ar\/principal\/wp-json\/wp\/v2\/categories?post=91676"},{"taxonomy":"post_tag","embeddable":true,"href":"https:\/\/www.hoymercedes.com.ar\/principal\/wp-json\/wp\/v2\/tags?post=91676"}],"curies":[{"name":"wp","href":"https:\/\/api.w.org\/{rel}","templated":true}]}}