{"id":91679,"date":"2019-04-21T18:27:05","date_gmt":"2019-04-21T21:27:05","guid":{"rendered":"http:\/\/www.hoymercedes.com.ar\/principal\/?p=91679"},"modified":"2019-04-22T15:06:57","modified_gmt":"2019-04-22T18:06:57","slug":"quasimodo-perdio-su-hogar","status":"publish","type":"post","link":"https:\/\/www.hoymercedes.com.ar\/principal\/2019\/04\/21\/quasimodo-perdio-su-hogar\/","title":{"rendered":"Quasimodo perdi\u00f3 su hogar"},"content":{"rendered":"\n<p style=\"text-align:left\">Por Oscar Dinova &#8211; <br>\u201cY la catedral no era s\u00f3lo su compa\u00f1era, era el universo; mejor dicho, era la Naturaleza en s\u00ed misma. \u00c9l nunca so\u00f1\u00f3 de otros \u00a0follajes salvo de esos de piedra, de otras monta\u00f1as que las colosales torres de la iglesia; u otros oc\u00e9anos que Par\u00eds rugiendo bajo sus pies\u201d (Notre Dame de Paris, V. Hugo, 1831)<\/p>\n\n\n\n<figure class=\"wp-block-image\"><img loading=\"lazy\" decoding=\"async\" width=\"750\" height=\"563\" data-attachment-id=\"91680\" data-permalink=\"https:\/\/www.hoymercedes.com.ar\/principal\/2019\/04\/21\/quasimodo-perdio-su-hogar\/21-jorobado-notre\/#main\" data-orig-file=\"https:\/\/www.hoymercedes.com.ar\/principal\/wp-content\/uploads\/2019\/04\/21-jorobado-notre.jpg\" data-orig-size=\"750,563\" data-comments-opened=\"0\" data-image-meta=\"{&quot;aperture&quot;:&quot;0&quot;,&quot;credit&quot;:&quot;&quot;,&quot;camera&quot;:&quot;&quot;,&quot;caption&quot;:&quot;&quot;,&quot;created_timestamp&quot;:&quot;0&quot;,&quot;copyright&quot;:&quot;&quot;,&quot;focal_length&quot;:&quot;0&quot;,&quot;iso&quot;:&quot;0&quot;,&quot;shutter_speed&quot;:&quot;0&quot;,&quot;title&quot;:&quot;&quot;,&quot;orientation&quot;:&quot;0&quot;}\" data-image-title=\"21 jorobado notre\" data-image-description=\"\" data-image-caption=\"\" data-large-file=\"https:\/\/www.hoymercedes.com.ar\/principal\/wp-content\/uploads\/2019\/04\/21-jorobado-notre.jpg\" src=\"https:\/\/www.hoymercedes.com.ar\/principal\/wp-content\/uploads\/2019\/04\/21-jorobado-notre.jpg\" alt=\"\" class=\"wp-image-91680\" srcset=\"https:\/\/www.hoymercedes.com.ar\/principal\/wp-content\/uploads\/2019\/04\/21-jorobado-notre.jpg 750w, https:\/\/www.hoymercedes.com.ar\/principal\/wp-content\/uploads\/2019\/04\/21-jorobado-notre-150x113.jpg 150w, https:\/\/www.hoymercedes.com.ar\/principal\/wp-content\/uploads\/2019\/04\/21-jorobado-notre-630x473.jpg 630w, https:\/\/www.hoymercedes.com.ar\/principal\/wp-content\/uploads\/2019\/04\/21-jorobado-notre-320x240.jpg 320w, https:\/\/www.hoymercedes.com.ar\/principal\/wp-content\/uploads\/2019\/04\/21-jorobado-notre-100x75.jpg 100w\" sizes=\"auto, (max-width: 750px) 100vw, 750px\" \/><\/figure>\n\n\n\n<p>El pasado lunes Pascual unas im\u00e1genes provenientes de Francia nos dejaron sin aliento. Notre Dame ard\u00eda bajo un fuego inclemente y 900 a\u00f1os de historia del mundo se derret\u00edan sin miramientos en pocas horas. Los que la visitaron y los que no, la cristiandad y las dem\u00e1s religiones, los que creamos como nosotros un pasado com\u00fan, pudimos palpar una vez m\u00e1s lo concreto de la fragilidad humana, incluso en sus obras m\u00e1s encumbradas, m\u00e1s logradas.<\/p>\n\n\n\n<p>La superviviente de guerras fratricidas, de conflictos mundiales,\nde emperadores de baja talla y humores esquizofr\u00e9nicos, la testigo inc\u00f3lume de\nrevoluciones absolutas y comunas libertarias, de oprobiosas represiones y jornadas\ngloriosas yac\u00eda ardiente en el mismo piso d\u00f3nde alguna vez mis hijos\ncorreteaban su infancia de exilio.<\/p>\n\n\n\n<p>Pero, ahora quiero detenerme en un sesgo menos visto,\ninvisible si se quiere. La de una obra literaria que convirti\u00f3 a Notre Dame en\nsu propia leyenda. Pocas veces, -o quiz\u00e1s nunca- en la historia de la\nliteratura mundial, una novela, una historia escrita traspasar\u00e1 las l\u00edneas de\ntinta para darle al escenario elegido la magnificencia que ya erig\u00eda en su\nestructura g\u00f3tica de siglos anteriores.<\/p>\n\n\n\n<p>Un personaje, Quasimodo, tiene a las torres de Notre Dame\ncomo su casa, debajo, el pueblo de Par\u00eds corre la suerte de las pobres del\nmedioevo, con sus vidas sufridas bajo el yugo de una nobleza impiadosa y de un\nabsolutismo mon\u00e1rquico que no sabe de tolerancia o miradas comprensivas.<\/p>\n\n\n\n<p>Victor Hugo ha creado, a los 29 a\u00f1os, en una pincelada de\nsu talento, un personaje \u00fanico en un atm\u00f3sfera sin par. Un ser grotesco a los\nojos de todos, tiene, en las campanas m\u00e1gicas de esa Catedral imponente a sus\namigas m\u00e1s leales, ellas fueron sus custodios, sus inseparables compa\u00f1eras. <\/p>\n\n\n\n<p>El compendio de las miserias y las grandezas humanas\nestar\u00e1n presentes en esta obra maestra. Notre Dame de Paris nos muestra la intolerancia\nhacia otras razas, el rechazo a lo que no se nos parece, el autoritarismo del\npoder y el oscurantismo ante la necesidad de educaci\u00f3n de un pueblo.<\/p>\n\n\n\n<p>Quasimodo ama la belleza de una bella gitana que le diera\nde beber cuando otros lo azotaban. La b\u00fasqueda de justicia, la caridad y el\namor hacia los semejantes fueron las columnas vertebrales de una historia que\nse hicieron m\u00e1s s\u00f3lidas que las de la misma iglesia.<\/p>\n\n\n\n<p>Quasimodo salv\u00f3 a Notre Dame en su momento, con su fama y\npopularidad forz\u00f3 al gobierno franc\u00e9s de la \u00e9poca a emprender reformas y\nsalvaguardar su existencia. Hoy est\u00e1 sin hogar, sus capiteles se desmoronaron,\nsus g\u00e1rgolas est\u00e1n ennegrecidas y el campanario mudo.<\/p>\n\n\n\n<p>Quiero creer, que, en tanto los hombres la reconstruyan,\nen el tiempo que las paredes vuelvan a levantarse, este Jorobado tendr\u00e1 su\nhogar en el coraz\u00f3n de la gente, lo debemos albergar para que la b\u00fasqueda de la\nbelleza y la justicia siga constante. Para que el repicar de la esperanza no se\ndetenga.<\/p>\n\n\n\n<p>Para que no olvidemos que todos habitamos de alguna manera esos campanarios, que la fealdad de nuestras conductas est\u00e1n latentes pero lo mejor de nosotros mismos, el altruismo y desinter\u00e9s y en definitiva, la b\u00fasqueda en un ma\u00f1ana mejor, tambi\u00e9n.<\/p>\n\n\n\n<p style=\"text-align:right\">Oscar Dinova (escritor) <br>-Domingo de Pascuas-<\/p>\n","protected":false},"excerpt":{"rendered":"<p>Por Oscar Dinova &#8211; \u201cY la catedral no era s\u00f3lo su compa\u00f1era, era el universo; mejor dicho, era la Naturaleza &#8230; <a title=\"Quasimodo perdi\u00f3 su hogar\" class=\"read-more\" href=\"https:\/\/www.hoymercedes.com.ar\/principal\/2019\/04\/21\/quasimodo-perdio-su-hogar\/\" aria-label=\"Leer m\u00e1s sobre Quasimodo perdi\u00f3 su hogar\">Leer m\u00e1s<\/a><\/p>\n","protected":false},"author":1,"featured_media":91680,"comment_status":"closed","ping_status":"open","sticky":false,"template":"","format":"standard","meta":{"_monsterinsights_skip_tracking":false,"_monsterinsights_sitenote_active":false,"_monsterinsights_sitenote_note":"","_monsterinsights_sitenote_category":0,"jetpack_post_was_ever_published":false,"_jetpack_newsletter_access":"","_jetpack_dont_email_post_to_subs":false,"_jetpack_newsletter_tier_id":0,"_jetpack_memberships_contains_paywalled_content":false,"_jetpack_memberships_contains_paid_content":false,"footnotes":"","jetpack_publicize_message":"","jetpack_publicize_feature_enabled":true,"jetpack_social_post_already_shared":true,"jetpack_social_options":{"image_generator_settings":{"template":"highway","default_image_id":0,"font":"","enabled":false},"version":2},"_wpas_customize_per_network":false},"categories":[1],"tags":[14913,8748,1288],"class_list":["post-91679","post","type-post","status-publish","format-standard","has-post-thumbnail","hentry","category-opinion","tag-notre-dame","tag-opinion","tag-oscar-dinova","generate-columns","tablet-grid-50","mobile-grid-100","grid-parent","grid-50"],"jetpack_publicize_connections":[],"jetpack_featured_media_url":"https:\/\/www.hoymercedes.com.ar\/principal\/wp-content\/uploads\/2019\/04\/21-jorobado-notre.jpg","wps_subtitle":"Tras el incendio en Par\u00eds","jetpack_sharing_enabled":true,"_links":{"self":[{"href":"https:\/\/www.hoymercedes.com.ar\/principal\/wp-json\/wp\/v2\/posts\/91679","targetHints":{"allow":["GET"]}}],"collection":[{"href":"https:\/\/www.hoymercedes.com.ar\/principal\/wp-json\/wp\/v2\/posts"}],"about":[{"href":"https:\/\/www.hoymercedes.com.ar\/principal\/wp-json\/wp\/v2\/types\/post"}],"author":[{"embeddable":true,"href":"https:\/\/www.hoymercedes.com.ar\/principal\/wp-json\/wp\/v2\/users\/1"}],"replies":[{"embeddable":true,"href":"https:\/\/www.hoymercedes.com.ar\/principal\/wp-json\/wp\/v2\/comments?post=91679"}],"version-history":[{"count":0,"href":"https:\/\/www.hoymercedes.com.ar\/principal\/wp-json\/wp\/v2\/posts\/91679\/revisions"}],"wp:featuredmedia":[{"embeddable":true,"href":"https:\/\/www.hoymercedes.com.ar\/principal\/wp-json\/wp\/v2\/media\/91680"}],"wp:attachment":[{"href":"https:\/\/www.hoymercedes.com.ar\/principal\/wp-json\/wp\/v2\/media?parent=91679"}],"wp:term":[{"taxonomy":"category","embeddable":true,"href":"https:\/\/www.hoymercedes.com.ar\/principal\/wp-json\/wp\/v2\/categories?post=91679"},{"taxonomy":"post_tag","embeddable":true,"href":"https:\/\/www.hoymercedes.com.ar\/principal\/wp-json\/wp\/v2\/tags?post=91679"}],"curies":[{"name":"wp","href":"https:\/\/api.w.org\/{rel}","templated":true}]}}