{"id":91683,"date":"2019-04-21T20:30:43","date_gmt":"2019-04-21T23:30:43","guid":{"rendered":"http:\/\/www.hoymercedes.com.ar\/principal\/?p=91683"},"modified":"2019-04-22T15:06:43","modified_gmt":"2019-04-22T18:06:43","slug":"comenzo-la-campana-de-vacunacion-de-pami","status":"publish","type":"post","link":"https:\/\/www.hoymercedes.com.ar\/principal\/2019\/04\/21\/comenzo-la-campana-de-vacunacion-de-pami\/","title":{"rendered":"Comenz\u00f3 la campa\u00f1a de vacunaci\u00f3n de PAMI"},"content":{"rendered":"\n<p>D\u00edas atr\u00e1s comenzaron a llegar las vacunas antigripales para los afiliados a PAMI. En Mercedes, son 17 las farmacias que entregan y vacunan de manera totalmente gratuita a los afiliados que presente la orden correspondiente. <\/p>\n\n\n\n<p>\u00abComo todos los a\u00f1os PAMI adem\u00e1s de la vacuna antigripal, tiene disponible la vacuna que previene la neumon\u00eda. Para los beneficiarios del I.N.J.P.S.S que quieran realizarse la colocaci\u00f3n\u00a0 deben presentar el carnet de la obra social,\u00a0 y los menores de 65 a\u00f1os adem\u00e1s la orden m\u00e9dica que indique la colocaci\u00f3n\u00bb explic\u00f3 el responsable de la Agencia PAMI Mercedes, Nicol\u00e1s Far\u00edas.  <\/p>\n\n\n\n<p>Aquellos que tengan dudas sobre cuales son las farmacias que disponen la vacuna se puede llamar al 0800 222 2233 o en<br><a href=\"https:\/\/www.pami.org.ar\/vacunacion\" target=\"_blank\" rel=\"noopener\">https:\/\/www.pami.org.ar\/vacunacion<\/a> <a href=\"https:\/\/www.pami.org.ar\/vacunacion\" target=\"_blank\" rel=\"noopener\"> <\/a><\/p>\n\n\n\n<p>No obstante, aqu\u00ed compartimos el listado<\/p>\n\n\n\n<ul class=\"wp-block-list\"><li>Eduardo Telesca Av. 2 N\u00b0 360 <\/li><li>Acenso Calle 11 N\u00b0 3149 <\/li><li>Tiseyra Calle 12 N\u00b0 1124<\/li><li>D\u00b4Agosto Calle 12 N\u00b0 343 entre 13 Y 15<\/li><li>San Patricio Calle 12 N\u00ba 501<\/li><li>Sindical (Luz y Fuerza Mercedes) Calle 16 N\u00b0 669 <\/li><li>Silvestre Calle 16 N\u00b0 954 <\/li><li>Aschero Calle 16 esquina 17<\/li><li>Di Catarina Calle 2 552 <\/li><li>Ninkov Calle 21 esquina 32 <\/li><li>Marchetti Calle 22 N\u00ba 721<\/li><li>Del Pueblo Calle 25 esquina 20 <\/li><li>Arenas Av. 29 esquina 30 <\/li><li>Bocca Calle 32 N\u00ba 863 <\/li><li>Bugar\u00edn Calle 33 N\u00ba 459<\/li><li>Santa Mar\u00eda Av. 40 N\u00ba 1091 <\/li><li>Damonte Calle 5 N\u00ba 3046 <\/li><\/ul>\n","protected":false},"excerpt":{"rendered":"<p>D\u00edas atr\u00e1s comenzaron a llegar las vacunas antigripales para los afiliados a PAMI. En Mercedes, son 17 las farmacias que &#8230; <a title=\"Comenz\u00f3 la campa\u00f1a de vacunaci\u00f3n de PAMI\" class=\"read-more\" href=\"https:\/\/www.hoymercedes.com.ar\/principal\/2019\/04\/21\/comenzo-la-campana-de-vacunacion-de-pami\/\" aria-label=\"Leer m\u00e1s sobre Comenz\u00f3 la campa\u00f1a de vacunaci\u00f3n de PAMI\">Leer m\u00e1s<\/a><\/p>\n","protected":false},"author":1,"featured_media":91684,"comment_status":"closed","ping_status":"open","sticky":false,"template":"","format":"standard","meta":{"_monsterinsights_skip_tracking":false,"_monsterinsights_sitenote_active":false,"_monsterinsights_sitenote_note":"","_monsterinsights_sitenote_category":0,"jetpack_post_was_ever_published":false,"_jetpack_newsletter_access":"","_jetpack_dont_email_post_to_subs":false,"_jetpack_newsletter_tier_id":0,"_jetpack_memberships_contains_paywalled_content":false,"_jetpack_memberships_contains_paid_content":false,"footnotes":"","jetpack_publicize_message":"","jetpack_publicize_feature_enabled":true,"jetpack_social_post_already_shared":true,"jetpack_social_options":{"image_generator_settings":{"template":"highway","default_image_id":0,"font":"","enabled":false},"version":2},"_wpas_customize_per_network":false},"categories":[8],"tags":[2781,13011],"class_list":["post-91683","post","type-post","status-publish","format-standard","has-post-thumbnail","hentry","category-sociedad","tag-pami","tag-vacunacion-antigripal","generate-columns","tablet-grid-50","mobile-grid-100","grid-parent","grid-50"],"jetpack_publicize_connections":[],"jetpack_featured_media_url":"https:\/\/www.hoymercedes.com.ar\/principal\/wp-content\/uploads\/2019\/04\/21-PAMI-VACUNA.jpg","wps_subtitle":"","jetpack_sharing_enabled":true,"_links":{"self":[{"href":"https:\/\/www.hoymercedes.com.ar\/principal\/wp-json\/wp\/v2\/posts\/91683","targetHints":{"allow":["GET"]}}],"collection":[{"href":"https:\/\/www.hoymercedes.com.ar\/principal\/wp-json\/wp\/v2\/posts"}],"about":[{"href":"https:\/\/www.hoymercedes.com.ar\/principal\/wp-json\/wp\/v2\/types\/post"}],"author":[{"embeddable":true,"href":"https:\/\/www.hoymercedes.com.ar\/principal\/wp-json\/wp\/v2\/users\/1"}],"replies":[{"embeddable":true,"href":"https:\/\/www.hoymercedes.com.ar\/principal\/wp-json\/wp\/v2\/comments?post=91683"}],"version-history":[{"count":0,"href":"https:\/\/www.hoymercedes.com.ar\/principal\/wp-json\/wp\/v2\/posts\/91683\/revisions"}],"wp:featuredmedia":[{"embeddable":true,"href":"https:\/\/www.hoymercedes.com.ar\/principal\/wp-json\/wp\/v2\/media\/91684"}],"wp:attachment":[{"href":"https:\/\/www.hoymercedes.com.ar\/principal\/wp-json\/wp\/v2\/media?parent=91683"}],"wp:term":[{"taxonomy":"category","embeddable":true,"href":"https:\/\/www.hoymercedes.com.ar\/principal\/wp-json\/wp\/v2\/categories?post=91683"},{"taxonomy":"post_tag","embeddable":true,"href":"https:\/\/www.hoymercedes.com.ar\/principal\/wp-json\/wp\/v2\/tags?post=91683"}],"curies":[{"name":"wp","href":"https:\/\/api.w.org\/{rel}","templated":true}]}}