{"id":91709,"date":"2019-04-22T09:45:18","date_gmt":"2019-04-22T12:45:18","guid":{"rendered":"http:\/\/www.hoymercedes.com.ar\/principal\/?p=91709"},"modified":"2019-04-22T10:08:16","modified_gmt":"2019-04-22T13:08:16","slug":"pabellon-de-marcos-paz-se-trajo-un-empate-que-lo-posiciona-en-la-final","status":"publish","type":"post","link":"https:\/\/www.hoymercedes.com.ar\/principal\/2019\/04\/22\/pabellon-de-marcos-paz-se-trajo-un-empate-que-lo-posiciona-en-la-final\/","title":{"rendered":"Pabell\u00f3n de Marcos Paz se trajo un empate que lo posiciona en la final"},"content":{"rendered":"\n<p><strong>El Cl\u00e1sico Deportes.<\/strong> 12 de Octubre se top\u00f3 con un duro rival en la final de la Copa de Clubes de la Federaci\u00f3n Norte de la Provincia de Buenos Aires al medirse ante Pabell\u00f3n Argentino de Marcos Paz, de la Liga Mercedina. Empat\u00f3 1 a 1 en el partido de ida disputado en el Estadio de Soler y Am\u00e9rica, ante buena cantidad de espectadores. <\/p>\n\n\n\n<figure class=\"wp-block-image\"><img loading=\"lazy\" decoding=\"async\" width=\"913\" height=\"768\" data-attachment-id=\"91710\" data-permalink=\"https:\/\/www.hoymercedes.com.ar\/principal\/2019\/04\/22\/pabellon-de-marcos-paz-se-trajo-un-empate-que-lo-posiciona-en-la-final\/12-de-octubre-1-pabellon-1\/#main\" data-orig-file=\"https:\/\/www.hoymercedes.com.ar\/principal\/wp-content\/uploads\/2019\/04\/12-de-octubre-1-pabell\u00f3n-1.jpg\" data-orig-size=\"913,768\" data-comments-opened=\"0\" data-image-meta=\"{&quot;aperture&quot;:&quot;0&quot;,&quot;credit&quot;:&quot;&quot;,&quot;camera&quot;:&quot;&quot;,&quot;caption&quot;:&quot;&quot;,&quot;created_timestamp&quot;:&quot;0&quot;,&quot;copyright&quot;:&quot;&quot;,&quot;focal_length&quot;:&quot;0&quot;,&quot;iso&quot;:&quot;0&quot;,&quot;shutter_speed&quot;:&quot;0&quot;,&quot;title&quot;:&quot;&quot;,&quot;orientation&quot;:&quot;0&quot;}\" data-image-title=\"12 de octubre 1 pabell\u00f3n 1\" data-image-description=\"\" data-image-caption=\"\" data-large-file=\"https:\/\/www.hoymercedes.com.ar\/principal\/wp-content\/uploads\/2019\/04\/12-de-octubre-1-pabell\u00f3n-1.jpg\" src=\"https:\/\/www.hoymercedes.com.ar\/principal\/wp-content\/uploads\/2019\/04\/12-de-octubre-1-pabell\u00f3n-1.jpg\" alt=\"\" class=\"wp-image-91710\" srcset=\"https:\/\/www.hoymercedes.com.ar\/principal\/wp-content\/uploads\/2019\/04\/12-de-octubre-1-pabell\u00f3n-1.jpg 913w, https:\/\/www.hoymercedes.com.ar\/principal\/wp-content\/uploads\/2019\/04\/12-de-octubre-1-pabell\u00f3n-1-150x126.jpg 150w, https:\/\/www.hoymercedes.com.ar\/principal\/wp-content\/uploads\/2019\/04\/12-de-octubre-1-pabell\u00f3n-1-630x530.jpg 630w\" sizes=\"auto, (max-width: 913px) 100vw, 913px\" \/><\/figure>\n\n\n\n<p>El due\u00f1o de casa tuvo un mal arranque y al minuto ya perd\u00eda 1 a 0, el veterano Esteban Fern\u00e1ndez habilit\u00f3 a Nahuel Romero quien ingres\u00f3 libre y con derechazo cruzado estableci\u00f3 el 1 a 0. Ese gol complic\u00f3 a Doce, que en esos primeros minutos no consegu\u00eda ser claro y manejar la pelota con precisi\u00f3n cost\u00e1ndole llegar al arco rival. Danilo Lemo era su arma m\u00e1s importante en ataque y tras un pase suyo Pereyra recibi\u00f3 en el \u00e1rea, pero su disparo rebot\u00f3 en el defensor Maximiliano Romero Cahu\u00e9. <\/p>\n\n\n\n<p>Sin embargo el visitante en la primera hora se mostr\u00f3 agresivo e hizo tambalear al equipo de nuestra ciudad con algunos avances peligrosos. Sus transiciones eran r\u00e1pidas y Monz\u00f3n con su velocidad lastimaba. Gest\u00f3 dos o tres llegadas y la m\u00e1s clara fue una tijera de Fern\u00e1ndez que Ariel Garc\u00eda con sus enormes reflejos alcanz\u00f3 a desviar.<\/p>\n\n\n\n<p>En el tramo final del primer tiempo Doce creci\u00f3, y pudo preocupar a la defensa rival, siendo clave Lemo. Tras un pase suyo ingres\u00f3 Pereyra y Gionto tap\u00f3 su remate. Sigui\u00f3 insistiendo el due\u00f1o de casa hasta que cerca del ep\u00edlogo, Lemo filtr\u00f3 en el \u00e1rea dejando en el camino a Del Piero y luego el arquero le cometi\u00f3 claro penal. El propio delantero se hizo cargo de la ejecuci\u00f3n y la pelota tras pegar en el travesa\u00f1o pic\u00f3 justo detr\u00e1s de la l\u00ednea estableciendo el 1 a 1.\u00a0<\/p>\n\n\n\n<p>En la reanudaci\u00f3n Gustavo Delgado hizo ingresar a Pablo Bogado por Cabrera, buscando mejorar en la zona de gestaci\u00f3n. Sin embargo le cost\u00f3 una enormidad desequilibrar a un rival que se repleg\u00f3 ordenadamente, y que se defendi\u00f3 bien conform\u00e1ndose con el empate. Los minutos pasaban y el conjunto \u201cAuriazul\u201d no encontraba los caminos. Tuvo una chance en los pies de Leonel Rossi, pero la pelota le qued\u00f3 muy alta y la mand\u00f3 por encima del travesa\u00f1o. <\/p>\n\n\n\n<p>Crecieron los nervios y hasta Slavin tom\u00f3 la lanza en los \u00faltimos minutos buscando conseguir el gol del triunfo, pero el equipo de Marcos Paz se cerr\u00f3 bien y debi\u00f3 resignarse al empate. Y adem\u00e1s en tiempo adicional tuvo la mala noticia de ser expulsado Luis Motta, quien le peg\u00f3 un planchazo al \u201ccinco\u201d Bernardo Paulerena, en una correcta decisi\u00f3n del \u00e1rbitro Juan Ignacio Bruno. Si bien el empate como local tuvo un sabor amargo, Doce conf\u00eda en poder hacerse fuerte en la revancha y levantar la Copa. <\/p>\n\n\n\n<p> <br><strong>12 de Octubre 1:<\/strong>\u00a0Angel Garc\u00eda, Alejandro Slavin, Diego Vilche, Roberto Ortegoza, Luis Mota, Leonel Rossi, Gabriel Tisera, Enzo Cabrera, Mauricio Belmonte, Gustavo Pereyra y Dar\u00edo Lemo.\u00a0<strong>Suplentes:\u00a0<\/strong>Mariano Jaime, Daniel Ch\u00e1vez, Ariel Carbonelli, Braian Acu\u00f1a y Blas Ferrarri.<br><strong>Pabell\u00f3n 1:\u00a0<\/strong>Patricio Gionto, Juli\u00e1n Olveira, Ezequiel Lacrouts, Maximiliano Romero Cahu\u00e9, Bernardo Paulerena, Franco Del Piero, Gonzalo Castelano, Nahuel Romero, Esteban Fern\u00e1ndez, Alexis Arias y Franco Monz\u00f3n.\u00a0<strong>DT:<\/strong>\u00a0Juan Achucarro.\u00a0<strong>Suplentes:<\/strong>\u00a0C\u00e9sar Jurado, Nicol\u00e1s Guarnieri, Juan Castelano y mateo Hourquebie.<br><strong>Goles en el PT:<\/strong>\u00a0Al 1\u2019 Maximiliano Romero Cahu\u00e9 y a los Dar\u00edo Lemo de penal para 12 de Octubre.<br><strong>Cambios:<\/strong>\u00a0Pablo Bogado por Gabriel Tisera y Licio Toro por Gustavo Pereyra en 12 de Octubre. Juan Paulerena por Esteban Fern\u00e1ndez, Bautista Olgiati por Nahuel Romero y Mauro Vigliarolo por Alexis Arias en Pabell\u00f3n.<br><strong>Arbitro:<\/strong>\u00a0Juan Bruno (San Antonio de Areco).<br><strong>Expulsado:\u00a0<\/strong>Luis Motta en 12 de Octubre. <br><\/p>\n","protected":false},"excerpt":{"rendered":"<p>El Cl\u00e1sico Deportes. 12 de Octubre se top\u00f3 con un duro rival en la final de la Copa de Clubes &#8230; <a title=\"Pabell\u00f3n de Marcos Paz se trajo un empate que lo posiciona en la final\" class=\"read-more\" href=\"https:\/\/www.hoymercedes.com.ar\/principal\/2019\/04\/22\/pabellon-de-marcos-paz-se-trajo-un-empate-que-lo-posiciona-en-la-final\/\" aria-label=\"Leer m\u00e1s sobre Pabell\u00f3n de Marcos Paz se trajo un empate que lo posiciona en la final\">Leer m\u00e1s<\/a><\/p>\n","protected":false},"author":1,"featured_media":91710,"comment_status":"closed","ping_status":"open","sticky":false,"template":"","format":"standard","meta":{"_monsterinsights_skip_tracking":false,"_monsterinsights_sitenote_active":false,"_monsterinsights_sitenote_note":"","_monsterinsights_sitenote_category":0,"jetpack_post_was_ever_published":false,"_jetpack_newsletter_access":"","_jetpack_dont_email_post_to_subs":false,"_jetpack_newsletter_tier_id":0,"_jetpack_memberships_contains_paywalled_content":false,"_jetpack_memberships_contains_paid_content":false,"footnotes":"","jetpack_publicize_message":"","jetpack_publicize_feature_enabled":true,"jetpack_social_post_already_shared":true,"jetpack_social_options":{"image_generator_settings":{"template":"highway","default_image_id":0,"font":"","enabled":false},"version":2},"_wpas_customize_per_network":false},"categories":[21],"tags":[14912,14466],"class_list":["post-91709","post","type-post","status-publish","format-standard","has-post-thumbnail","hentry","category-deportes","tag-12-de-octubre-san-nicolas","tag-pabellon-marcos-paz-2","generate-columns","tablet-grid-50","mobile-grid-100","grid-parent","grid-50"],"jetpack_publicize_connections":[],"jetpack_featured_media_url":"https:\/\/www.hoymercedes.com.ar\/principal\/wp-content\/uploads\/2019\/04\/12-de-octubre-1-pabell\u00f3n-1.jpg","wps_subtitle":"Federaci\u00f3n Norte","jetpack_sharing_enabled":true,"_links":{"self":[{"href":"https:\/\/www.hoymercedes.com.ar\/principal\/wp-json\/wp\/v2\/posts\/91709","targetHints":{"allow":["GET"]}}],"collection":[{"href":"https:\/\/www.hoymercedes.com.ar\/principal\/wp-json\/wp\/v2\/posts"}],"about":[{"href":"https:\/\/www.hoymercedes.com.ar\/principal\/wp-json\/wp\/v2\/types\/post"}],"author":[{"embeddable":true,"href":"https:\/\/www.hoymercedes.com.ar\/principal\/wp-json\/wp\/v2\/users\/1"}],"replies":[{"embeddable":true,"href":"https:\/\/www.hoymercedes.com.ar\/principal\/wp-json\/wp\/v2\/comments?post=91709"}],"version-history":[{"count":0,"href":"https:\/\/www.hoymercedes.com.ar\/principal\/wp-json\/wp\/v2\/posts\/91709\/revisions"}],"wp:featuredmedia":[{"embeddable":true,"href":"https:\/\/www.hoymercedes.com.ar\/principal\/wp-json\/wp\/v2\/media\/91710"}],"wp:attachment":[{"href":"https:\/\/www.hoymercedes.com.ar\/principal\/wp-json\/wp\/v2\/media?parent=91709"}],"wp:term":[{"taxonomy":"category","embeddable":true,"href":"https:\/\/www.hoymercedes.com.ar\/principal\/wp-json\/wp\/v2\/categories?post=91709"},{"taxonomy":"post_tag","embeddable":true,"href":"https:\/\/www.hoymercedes.com.ar\/principal\/wp-json\/wp\/v2\/tags?post=91709"}],"curies":[{"name":"wp","href":"https:\/\/api.w.org\/{rel}","templated":true}]}}