{"id":91713,"date":"2019-04-22T10:45:10","date_gmt":"2019-04-22T13:45:10","guid":{"rendered":"http:\/\/www.hoymercedes.com.ar\/principal\/?p=91713"},"modified":"2019-04-22T10:58:50","modified_gmt":"2019-04-22T13:58:50","slug":"ateneo-recupero-la-punta-en-la-zona-b-y-los-carteros-aprovecharon-la-derrota-de-quilmes","status":"publish","type":"post","link":"https:\/\/www.hoymercedes.com.ar\/principal\/2019\/04\/22\/ateneo-recupero-la-punta-en-la-zona-b-y-los-carteros-aprovecharon-la-derrota-de-quilmes\/","title":{"rendered":"Ateneo recuper\u00f3 la punta en la Zona B y Los Carteros aprovecharon la derrota de Quilmes"},"content":{"rendered":"\n<p>Durante viernes y s\u00e1bado se jug\u00f3 parte de la sexta fecha del torneo de Primera Divisi\u00f3n de la Liga Mercedina, que culminar\u00e1 con los encuentros que jueguen el martes El Front\u00f3n ante Juventud y el mi\u00e9rcoles, Trocha y Pabell\u00f3n. <\/p>\n\n\n\n<p>Estudiantes venci\u00f3 a Col\u00f3n de Luj\u00e1n, y con este resultado sigue liderando con comodidad la Zona A, que est\u00e1 integrada por tres equipos que han sumado muy poco y Pabell\u00f3n, que tiene muchos pendientes. En la B, Ateneo recuper\u00f3 la punta ya que gole\u00f3 a Uni\u00f3n y aprovech\u00f3 el empate de Mercedes frente a Holanda.<\/p>\n\n\n\n<p>En la C, Quilmes perdi\u00f3 categ\u00f3ricamente ante Palometas y esto fue aprovechado por Los Carteros, que ahora es l\u00edder tras vencer a Costa Brava. La Zona D sigue con Juventud como l\u00edder con comodidad, aunque con el triunfo, el Granate ahora es tercero y le descont\u00f3 dos a V\u00e9lez, que empat\u00f3 con Defensores. <\/p>\n\n\n\n<table class=\"wp-block-table\"><tbody><tr><td>Fecha 6<\/td><\/tr><tr><td>Marcos Paz<\/td><td>5<\/td><td>Wilson N\u00fa\u00f1ez\n  3, Ariel Rocha y Facundo Heredia<\/td><\/tr><tr><td>La Diego Armando<\/td><td>2<\/td><td>ederico Blanco\n  y Daniel Becerra.<\/td><\/tr><tr><\/tr><tr><td>Estudiantes<\/td><td>3<\/td><td>Diego Ludue\u00f1a (2), Mat\u00edas L\u00f3pez<\/td><\/tr><tr><td>Col\u00f3n<\/td><td>2<\/td><td>Hugo Bordi, Tom\u00e1s Moreno<\/td><\/tr><tr><\/tr><tr><td>Holanda<\/td><td>0<\/td><\/tr><tr><td>Mercedes<\/td><td>0<\/td><\/tr><tr><\/tr><tr><td>Defensores<\/td><td>1<\/td><td>Ezequiel Roda<\/td><\/tr><tr><td>V\u00e9lez<\/td><td>1<\/td><td>Rodolfo Aquino<\/td><\/tr><tr><\/tr><tr><td>Quilmes<\/td><td>0<\/td><\/tr><tr><td>Palometas<\/td><td>3<\/td><td>Federico Amorena, Mart\u00edn Pastor, Deivy Gonz\u00e1lez<\/td><\/tr><tr><\/tr><tr><td>Uni\u00f3n<\/td><td>0<\/td><\/tr><tr><td>Ateneo<\/td><td>6<\/td><td>Angel Pucheta\n  3 y Ger\u00f3nimo Puricelli 3<\/td><\/tr><tr><\/tr><tr><td>Talleres<\/td><td>0<\/td><\/tr><tr><td>El Tim\u00f3n<\/td><td>6<\/td><td>Juan Lagrecca\n  4, Gustavo Saavedra y Federico Monz\u00f3n.<\/td><\/tr><tr><\/tr><tr><td>Costa Brava<\/td><td>0<\/td><\/tr><tr><td>Los Carteros<\/td><td>3<\/td><td>Mauro Sigona (2), Nicol\u00e1s Montenegro<\/td><\/tr><\/tbody><\/table>\n\n\n\n<p><strong>Martes 23 de abril<br>Cancha:&nbsp;<\/strong>El Front\u00f3n.<br>A las 21.15 El Front\u00f3n vs. Juventud.<\/p>\n\n\n\n<p><strong>Mi\u00e9rcoles 24 de abril<br>Cancha:&nbsp;<\/strong>Liga Mercedina.<br>A las 21.15 Trocha vs. Pabell\u00f3n Argentino.<\/p>\n\n\n\n<p><strong>Pr\u00f3xima fecha (S\u00e9ptima)<\/strong><br>Pabell\u00f3n Argentino vs. Estudiantes.<br>Holanda vs. Club Uni\u00f3n.<br>Col\u00f3n (Luj\u00e1n) vs. Trocha.<br>Club Mercedes vs. Ateneo de la Juventud.<br>El Front\u00f3n vs. Defensores Juniors.<br>Los Carteros vs. Talleres Payr\u00f3.<br>Palometas FC vs. AMEFIP San Mart\u00edn.<br>V\u00e9lez S\u00e1rsfield vs. Costa Brava.<br>Juventud de Suipacha vs. El Tim\u00f3n.<br><strong>Libres:<\/strong>\u00a0La Diego Armando, Club Mercedes y Quilmes.<\/p>\n\n\n\n<figure class=\"wp-block-image\"><img loading=\"lazy\" decoding=\"async\" width=\"657\" height=\"793\" data-attachment-id=\"91714\" data-permalink=\"https:\/\/www.hoymercedes.com.ar\/principal\/2019\/04\/22\/ateneo-recupero-la-punta-en-la-zona-b-y-los-carteros-aprovecharon-la-derrota-de-quilmes\/primera-liga-pos-11\/#main\" data-orig-file=\"https:\/\/www.hoymercedes.com.ar\/principal\/wp-content\/uploads\/2019\/04\/PRIMERA-LIGA-POS-5.png\" data-orig-size=\"657,793\" data-comments-opened=\"0\" data-image-meta=\"{&quot;aperture&quot;:&quot;0&quot;,&quot;credit&quot;:&quot;&quot;,&quot;camera&quot;:&quot;&quot;,&quot;caption&quot;:&quot;&quot;,&quot;created_timestamp&quot;:&quot;0&quot;,&quot;copyright&quot;:&quot;&quot;,&quot;focal_length&quot;:&quot;0&quot;,&quot;iso&quot;:&quot;0&quot;,&quot;shutter_speed&quot;:&quot;0&quot;,&quot;title&quot;:&quot;&quot;,&quot;orientation&quot;:&quot;0&quot;}\" data-image-title=\"PRIMERA LIGA POS\" data-image-description=\"\" data-image-caption=\"\" data-large-file=\"https:\/\/www.hoymercedes.com.ar\/principal\/wp-content\/uploads\/2019\/04\/PRIMERA-LIGA-POS-5.png\" src=\"https:\/\/www.hoymercedes.com.ar\/principal\/wp-content\/uploads\/2019\/04\/PRIMERA-LIGA-POS-5.png\" alt=\"\" class=\"wp-image-91714\" srcset=\"https:\/\/www.hoymercedes.com.ar\/principal\/wp-content\/uploads\/2019\/04\/PRIMERA-LIGA-POS-5.png 657w, https:\/\/www.hoymercedes.com.ar\/principal\/wp-content\/uploads\/2019\/04\/PRIMERA-LIGA-POS-5-124x150.png 124w, https:\/\/www.hoymercedes.com.ar\/principal\/wp-content\/uploads\/2019\/04\/PRIMERA-LIGA-POS-5-514x620.png 514w\" sizes=\"auto, (max-width: 657px) 100vw, 657px\" \/><\/figure>\n\n\n\n<div class=\"wp-block-image\"><figure class=\"aligncenter\"><img loading=\"lazy\" decoding=\"async\" width=\"324\" height=\"388\" data-attachment-id=\"91715\" data-permalink=\"https:\/\/www.hoymercedes.com.ar\/principal\/2019\/04\/22\/ateneo-recupero-la-punta-en-la-zona-b-y-los-carteros-aprovecharon-la-derrota-de-quilmes\/goles-liga-pri-6\/#main\" data-orig-file=\"https:\/\/www.hoymercedes.com.ar\/principal\/wp-content\/uploads\/2019\/04\/Goles-LIGA-PRI-3.png\" data-orig-size=\"324,388\" data-comments-opened=\"0\" data-image-meta=\"{&quot;aperture&quot;:&quot;0&quot;,&quot;credit&quot;:&quot;&quot;,&quot;camera&quot;:&quot;&quot;,&quot;caption&quot;:&quot;&quot;,&quot;created_timestamp&quot;:&quot;0&quot;,&quot;copyright&quot;:&quot;&quot;,&quot;focal_length&quot;:&quot;0&quot;,&quot;iso&quot;:&quot;0&quot;,&quot;shutter_speed&quot;:&quot;0&quot;,&quot;title&quot;:&quot;&quot;,&quot;orientation&quot;:&quot;0&quot;}\" data-image-title=\"Goles LIGA PRI\" data-image-description=\"\" data-image-caption=\"\" data-large-file=\"https:\/\/www.hoymercedes.com.ar\/principal\/wp-content\/uploads\/2019\/04\/Goles-LIGA-PRI-3.png\" src=\"https:\/\/www.hoymercedes.com.ar\/principal\/wp-content\/uploads\/2019\/04\/Goles-LIGA-PRI-3.png\" alt=\"\" class=\"wp-image-91715\" srcset=\"https:\/\/www.hoymercedes.com.ar\/principal\/wp-content\/uploads\/2019\/04\/Goles-LIGA-PRI-3.png 324w, https:\/\/www.hoymercedes.com.ar\/principal\/wp-content\/uploads\/2019\/04\/Goles-LIGA-PRI-3-125x150.png 125w\" sizes=\"auto, (max-width: 324px) 100vw, 324px\" \/><\/figure><\/div>\n","protected":false},"excerpt":{"rendered":"<p>Durante viernes y s\u00e1bado se jug\u00f3 parte de la sexta fecha del torneo de Primera Divisi\u00f3n de la Liga Mercedina, &#8230; <a title=\"Ateneo recuper\u00f3 la punta en la Zona B y Los Carteros aprovecharon la derrota de Quilmes\" class=\"read-more\" href=\"https:\/\/www.hoymercedes.com.ar\/principal\/2019\/04\/22\/ateneo-recupero-la-punta-en-la-zona-b-y-los-carteros-aprovecharon-la-derrota-de-quilmes\/\" aria-label=\"Leer m\u00e1s sobre Ateneo recuper\u00f3 la punta en la Zona B y Los Carteros aprovecharon la derrota de Quilmes\">Leer m\u00e1s<\/a><\/p>\n","protected":false},"author":1,"featured_media":91714,"comment_status":"closed","ping_status":"open","sticky":false,"template":"","format":"standard","meta":{"_monsterinsights_skip_tracking":false,"_monsterinsights_sitenote_active":false,"_monsterinsights_sitenote_note":"","_monsterinsights_sitenote_category":0,"jetpack_post_was_ever_published":false,"_jetpack_newsletter_access":"","_jetpack_dont_email_post_to_subs":false,"_jetpack_newsletter_tier_id":0,"_jetpack_memberships_contains_paywalled_content":false,"_jetpack_memberships_contains_paid_content":false,"footnotes":"","jetpack_publicize_message":"","jetpack_publicize_feature_enabled":true,"jetpack_social_post_already_shared":true,"jetpack_social_options":{"image_generator_settings":{"template":"highway","default_image_id":0,"font":"","enabled":false},"version":2},"_wpas_customize_per_network":false},"categories":[21],"tags":[12951,1901,413],"class_list":["post-91713","post","type-post","status-publish","format-standard","has-post-thumbnail","hentry","category-deportes","tag-holanda","tag-liga-mercedina","tag-liga-mercedina-de-futbol","generate-columns","tablet-grid-50","mobile-grid-100","grid-parent","grid-50"],"jetpack_publicize_connections":[],"jetpack_featured_media_url":"https:\/\/www.hoymercedes.com.ar\/principal\/wp-content\/uploads\/2019\/04\/PRIMERA-LIGA-POS-5.png","wps_subtitle":"Liga Mercedina","jetpack_sharing_enabled":true,"_links":{"self":[{"href":"https:\/\/www.hoymercedes.com.ar\/principal\/wp-json\/wp\/v2\/posts\/91713","targetHints":{"allow":["GET"]}}],"collection":[{"href":"https:\/\/www.hoymercedes.com.ar\/principal\/wp-json\/wp\/v2\/posts"}],"about":[{"href":"https:\/\/www.hoymercedes.com.ar\/principal\/wp-json\/wp\/v2\/types\/post"}],"author":[{"embeddable":true,"href":"https:\/\/www.hoymercedes.com.ar\/principal\/wp-json\/wp\/v2\/users\/1"}],"replies":[{"embeddable":true,"href":"https:\/\/www.hoymercedes.com.ar\/principal\/wp-json\/wp\/v2\/comments?post=91713"}],"version-history":[{"count":0,"href":"https:\/\/www.hoymercedes.com.ar\/principal\/wp-json\/wp\/v2\/posts\/91713\/revisions"}],"wp:featuredmedia":[{"embeddable":true,"href":"https:\/\/www.hoymercedes.com.ar\/principal\/wp-json\/wp\/v2\/media\/91714"}],"wp:attachment":[{"href":"https:\/\/www.hoymercedes.com.ar\/principal\/wp-json\/wp\/v2\/media?parent=91713"}],"wp:term":[{"taxonomy":"category","embeddable":true,"href":"https:\/\/www.hoymercedes.com.ar\/principal\/wp-json\/wp\/v2\/categories?post=91713"},{"taxonomy":"post_tag","embeddable":true,"href":"https:\/\/www.hoymercedes.com.ar\/principal\/wp-json\/wp\/v2\/tags?post=91713"}],"curies":[{"name":"wp","href":"https:\/\/api.w.org\/{rel}","templated":true}]}}