{"id":9172,"date":"2011-11-17T12:48:35","date_gmt":"2011-11-17T12:48:35","guid":{"rendered":"http:\/\/www.hoymercedes.com.ar\/principal\/?p=9172"},"modified":"2011-11-17T12:48:35","modified_gmt":"2011-11-17T12:48:35","slug":"controles-preventivos-sobre-cancer-de-piel-en-hospital-dubarry","status":"publish","type":"post","link":"https:\/\/www.hoymercedes.com.ar\/principal\/2011\/11\/17\/controles-preventivos-sobre-cancer-de-piel-en-hospital-dubarry\/","title":{"rendered":"Controles preventivos sobre C\u00e1ncer de piel en Hospital Dubarry"},"content":{"rendered":"<p>Luego del trabajo realizado a lo largo del mes de octubre con relaci\u00f3n a las medidas preventivas en la mujer para evitar el c\u00e1ncer de mamas, ahora la filial Mercedes de la Liga Argentina de Lucha Contra el C\u00e1ncer que preside la Dra. L\u00eda Matilde Dulevich ha comenzado una nueva campa\u00f1a de prevenci\u00f3n entre nuestros vecinos pero en este caso apuntando a las medidas preventivas y controles que se pueden hacer para evitar el c\u00e1ncer de piel, para lo cual se ha programado la atenci\u00f3n de consultas en el hospital Blas L Dubarry que dieron comienzo ayer mi\u00e9rcoles y continuar\u00e1n a lo largo de la ma\u00f1ana de hoy para que los vecinos puedan efectuar las preguntas que estimen necesario estando a cargo de dichas consultas un m\u00e9dico dermat\u00f3logo.<\/p>\n<p>\u201cLa idea -expresaron los responsables de LALCEC- es que toda aquella persona que de pronto se encuentre con una mancha en su cuerpo, o bien tenga lunares que han cambiado de lugar, se agranda, le pica o le sangre que no tengan dudas de efectuar la consulta en el hospital este jueves desde las 9.30 hasta las 11.30 en el Consultorio del Servicio de Dermatolog\u00eda.<\/p>\n<p>Por otra parte tambi\u00e9n pueden efectuar su consulta aquellas personas que tienen una herida que no termina de cerrar, es decir que no cicatriza y aquellos casos en que haya dudas sobre los efectos que ha producido el sol sobre la piel.<\/p>\n<p>Esta es una campa\u00f1a que se lleva a cabo a nivel nacional organizada por la Sociedad Argentina de Dermatolog\u00eda a la cual nuestra entidad central adhiere desde hace ya muchos a\u00f1os de manera ininterrumpida\u201d<\/p>\n<p>Cabe recordar que noviembre es tradicionalmente el mes durante el cual la gente ya comienza a exponerse de manera intensiva al sol por lo cual hay que tener mucho m\u00e1s cuidado que a lo largo de los meses anteriores, lo ideal es exponerse al sol el meno r tiempo posible a lo largo de las denominadas horas pico que son desde las 10.00 hasta las 16.00 y si necesariamente deben hacerlo contemplar el uso permanente de proyectores solares sobre la piel y al mismo tiempo tratar de usar sombreros y protegerse la vista con anteojos.<\/p>\n<p>El c\u00e1ncer de piel es en la actualidad una patolog\u00eda muy com\u00fan entre la mayor\u00eda de la poblaci\u00f3n que si es detectado y tratado a tiempo cuenta con el 100% de posibilidades que no se transforme en algo muy delicado.<\/p>\n<p>\u201cPor ello es fundamental que realicemos un examen permanente de la piel de nuestro cuerpo y en caso de llegar a notar alg\u00fan tipo de anomal\u00eda efectuar de inmediato la consulta a un medico especialista para detectar aquellas se\u00f1ales que puedan llegar a originar dicha enfermedad y si es detectado a tiempo , incluso aquellos casos de tumores malignos, pueden ser extirpados con un noventa por ciento y hasta el algunos casos del 100% de recuperaci\u00f3n total\u201d sostuvieron los responsables de LALCEC.<\/p>\n<p>El c\u00e1ncer de piel no es otra cosa que la acumulaci\u00f3n de c\u00e9lulas maligna en cualquier parte del cuerpo pero especialmente en aquellos que est\u00e1n m\u00e1s tiempo expuesto a los rayos solares.<\/p>\n<p>La 18 Campa\u00f1a nacional de Prevenci\u00f3n del Cancer de Piel organizada por la Sociedad Argentina de Dermatolog\u00eda dio comienzo el 14 y concluir\u00e1 el viernes 18 en todo el pa\u00eds.<\/p>\n","protected":false},"excerpt":{"rendered":"<p>Luego del trabajo realizado a lo largo del mes de octubre con relaci\u00f3n a las medidas preventivas en la mujer &#8230; <a title=\"Controles preventivos sobre C\u00e1ncer de piel en Hospital Dubarry\" class=\"read-more\" href=\"https:\/\/www.hoymercedes.com.ar\/principal\/2011\/11\/17\/controles-preventivos-sobre-cancer-de-piel-en-hospital-dubarry\/\" aria-label=\"Leer m\u00e1s sobre Controles preventivos sobre C\u00e1ncer de piel en Hospital Dubarry\">Leer m\u00e1s<\/a><\/p>\n","protected":false},"author":1,"featured_media":0,"comment_status":"open","ping_status":"open","sticky":false,"template":"","format":"standard","meta":{"_monsterinsights_skip_tracking":false,"_monsterinsights_sitenote_active":false,"_monsterinsights_sitenote_note":"","_monsterinsights_sitenote_category":0,"jetpack_post_was_ever_published":false,"_jetpack_newsletter_access":"","_jetpack_dont_email_post_to_subs":false,"_jetpack_newsletter_tier_id":0,"_jetpack_memberships_contains_paywalled_content":false,"_jetpack_memberships_contains_paid_content":false,"footnotes":"","jetpack_publicize_message":"","jetpack_publicize_feature_enabled":true,"jetpack_social_post_already_shared":false,"jetpack_social_options":{"image_generator_settings":{"template":"highway","default_image_id":0,"font":"","enabled":false},"version":2},"_wpas_customize_per_network":false},"categories":[8],"tags":[220,108],"class_list":["post-9172","post","type-post","status-publish","format-standard","hentry","category-sociedad","tag-dubarry","tag-lalcec","generate-columns","tablet-grid-50","mobile-grid-100","grid-parent","grid-50"],"jetpack_publicize_connections":[],"jetpack_featured_media_url":"","wps_subtitle":"","jetpack_sharing_enabled":true,"_links":{"self":[{"href":"https:\/\/www.hoymercedes.com.ar\/principal\/wp-json\/wp\/v2\/posts\/9172","targetHints":{"allow":["GET"]}}],"collection":[{"href":"https:\/\/www.hoymercedes.com.ar\/principal\/wp-json\/wp\/v2\/posts"}],"about":[{"href":"https:\/\/www.hoymercedes.com.ar\/principal\/wp-json\/wp\/v2\/types\/post"}],"author":[{"embeddable":true,"href":"https:\/\/www.hoymercedes.com.ar\/principal\/wp-json\/wp\/v2\/users\/1"}],"replies":[{"embeddable":true,"href":"https:\/\/www.hoymercedes.com.ar\/principal\/wp-json\/wp\/v2\/comments?post=9172"}],"version-history":[{"count":0,"href":"https:\/\/www.hoymercedes.com.ar\/principal\/wp-json\/wp\/v2\/posts\/9172\/revisions"}],"wp:attachment":[{"href":"https:\/\/www.hoymercedes.com.ar\/principal\/wp-json\/wp\/v2\/media?parent=9172"}],"wp:term":[{"taxonomy":"category","embeddable":true,"href":"https:\/\/www.hoymercedes.com.ar\/principal\/wp-json\/wp\/v2\/categories?post=9172"},{"taxonomy":"post_tag","embeddable":true,"href":"https:\/\/www.hoymercedes.com.ar\/principal\/wp-json\/wp\/v2\/tags?post=9172"}],"curies":[{"name":"wp","href":"https:\/\/api.w.org\/{rel}","templated":true}]}}