{"id":91723,"date":"2019-04-22T16:29:57","date_gmt":"2019-04-22T19:29:57","guid":{"rendered":"http:\/\/www.hoymercedes.com.ar\/principal\/?p=91723"},"modified":"2019-04-22T16:52:30","modified_gmt":"2019-04-22T19:52:30","slug":"convocan-a-participar-de-la-muestra-sobre-eva-peron","status":"publish","type":"post","link":"https:\/\/www.hoymercedes.com.ar\/principal\/2019\/04\/22\/convocan-a-participar-de-la-muestra-sobre-eva-peron\/","title":{"rendered":"Convocan a participar de la muestra sobre Eva Per\u00f3n"},"content":{"rendered":"\n<p>Desde la coordinaci\u00f3n de Museos de la Direcci\u00f3n de Cultura se invita a sindicatos, Gremios, Agrupaciones pol\u00edticas, artistas, escritores, vecinos, a participar de la convocatoria \u201c100 a\u00f1os de Evita\u201d que organiza la Direcci\u00f3n de Cultura\u00a0\u00a0en el \u201cA\u00f1o del Centenario del nacimiento de Eva Mar\u00eda Duarte de Per\u00f3n 1919-2019\u201d Decreto 15\/19<\/p>\n\n\n\n<p>Se convoca a una muestra colectiva para&nbsp;&nbsp;la cual deber\u00e1&nbsp;&nbsp;acercar al Museo M\u00edguez&nbsp;&nbsp;alg\u00fan&nbsp;&nbsp;objeto, art\u00edculo period\u00edstico, libro, documento, fotograf\u00eda relacionados&nbsp;&nbsp;con la historia de Evita O al MAMM&nbsp;&nbsp;dibujos, pinturas, esculturas, u otra manifestaci\u00f3n art\u00edstica&nbsp;&nbsp;evocando a Evita. Antes del 5 de mayo.<\/p>\n\n\n\n<p>Ser\u00e1 en car\u00e1cter de pr\u00e9stamo por el tiempo que dure la muestra que estar\u00e1 todo el mes de mayo.<\/p>\n\n\n\n<p>La inauguraci\u00f3n se realizar\u00e1:<br>&#8211; Viernes 10 de mayo a las 19 en Museo Hist\u00f3rico \u201cV\u00edctor M\u00edguez\u201d calle 12\u00a0\u00a0N\u00ba 542. (Atenci\u00f3n para recepci\u00f3n de martes a domingo de 8 a 14. Tel. 432777).<br>&#8211; S\u00e1bado 11 de mayo a las 19 en el Museo de Arte Municipalidad de Mercedes\u00a0\u00a0calle 23 N\u00ba 383\u00a0\u00a0(Atenci\u00f3n para recepci\u00f3n de martes a viernes de 8 a 19. S\u00e1b y domingo de 16 a 20\u00a0\u00a0Tel 435368)<\/p>\n\n\n\n<div class=\"wp-block-image\"><figure class=\"aligncenter\"><img loading=\"lazy\" decoding=\"async\" width=\"750\" height=\"750\" data-attachment-id=\"91724\" data-permalink=\"https:\/\/www.hoymercedes.com.ar\/principal\/2019\/04\/22\/convocan-a-participar-de-la-muestra-sobre-eva-peron\/22-muestra-eva-peron\/#main\" data-orig-file=\"https:\/\/www.hoymercedes.com.ar\/principal\/wp-content\/uploads\/2019\/04\/22-muestra-eva-peron.jpg\" data-orig-size=\"750,750\" data-comments-opened=\"0\" data-image-meta=\"{&quot;aperture&quot;:&quot;0&quot;,&quot;credit&quot;:&quot;&quot;,&quot;camera&quot;:&quot;&quot;,&quot;caption&quot;:&quot;&quot;,&quot;created_timestamp&quot;:&quot;0&quot;,&quot;copyright&quot;:&quot;&quot;,&quot;focal_length&quot;:&quot;0&quot;,&quot;iso&quot;:&quot;0&quot;,&quot;shutter_speed&quot;:&quot;0&quot;,&quot;title&quot;:&quot;&quot;,&quot;orientation&quot;:&quot;0&quot;}\" data-image-title=\"22 muestra eva peron\" data-image-description=\"\" data-image-caption=\"\" data-large-file=\"https:\/\/www.hoymercedes.com.ar\/principal\/wp-content\/uploads\/2019\/04\/22-muestra-eva-peron.jpg\" src=\"https:\/\/www.hoymercedes.com.ar\/principal\/wp-content\/uploads\/2019\/04\/22-muestra-eva-peron.jpg\" alt=\"\" class=\"wp-image-91724\" srcset=\"https:\/\/www.hoymercedes.com.ar\/principal\/wp-content\/uploads\/2019\/04\/22-muestra-eva-peron.jpg 750w, https:\/\/www.hoymercedes.com.ar\/principal\/wp-content\/uploads\/2019\/04\/22-muestra-eva-peron-150x150.jpg 150w, https:\/\/www.hoymercedes.com.ar\/principal\/wp-content\/uploads\/2019\/04\/22-muestra-eva-peron-620x620.jpg 620w, https:\/\/www.hoymercedes.com.ar\/principal\/wp-content\/uploads\/2019\/04\/22-muestra-eva-peron-100x100.jpg 100w\" sizes=\"auto, (max-width: 750px) 100vw, 750px\" \/><\/figure><\/div>\n","protected":false},"excerpt":{"rendered":"<p>Desde la coordinaci\u00f3n de Museos de la Direcci\u00f3n de Cultura se invita a sindicatos, Gremios, Agrupaciones pol\u00edticas, artistas, escritores, vecinos, &#8230; <a title=\"Convocan a participar de la muestra sobre Eva Per\u00f3n\" class=\"read-more\" href=\"https:\/\/www.hoymercedes.com.ar\/principal\/2019\/04\/22\/convocan-a-participar-de-la-muestra-sobre-eva-peron\/\" aria-label=\"Leer m\u00e1s sobre Convocan a participar de la muestra sobre Eva Per\u00f3n\">Leer m\u00e1s<\/a><\/p>\n","protected":false},"author":1,"featured_media":91724,"comment_status":"closed","ping_status":"open","sticky":false,"template":"","format":"standard","meta":{"_monsterinsights_skip_tracking":false,"_monsterinsights_sitenote_active":false,"_monsterinsights_sitenote_note":"","_monsterinsights_sitenote_category":0,"jetpack_post_was_ever_published":false,"_jetpack_newsletter_access":"","_jetpack_dont_email_post_to_subs":false,"_jetpack_newsletter_tier_id":0,"_jetpack_memberships_contains_paywalled_content":false,"_jetpack_memberships_contains_paid_content":false,"footnotes":"","jetpack_publicize_message":"","jetpack_publicize_feature_enabled":true,"jetpack_social_post_already_shared":true,"jetpack_social_options":{"image_generator_settings":{"template":"highway","default_image_id":0,"font":"","enabled":false},"version":2},"_wpas_customize_per_network":false},"categories":[104],"tags":[14914,7805],"class_list":["post-91723","post","type-post","status-publish","format-standard","has-post-thumbnail","hentry","category-cultura","tag-convocatoria-muestra","tag-cultura","generate-columns","tablet-grid-50","mobile-grid-100","grid-parent","grid-50"],"jetpack_publicize_connections":[],"jetpack_featured_media_url":"https:\/\/www.hoymercedes.com.ar\/principal\/wp-content\/uploads\/2019\/04\/22-muestra-eva-peron.jpg","wps_subtitle":"Abierta la convocatoria","jetpack_sharing_enabled":true,"_links":{"self":[{"href":"https:\/\/www.hoymercedes.com.ar\/principal\/wp-json\/wp\/v2\/posts\/91723","targetHints":{"allow":["GET"]}}],"collection":[{"href":"https:\/\/www.hoymercedes.com.ar\/principal\/wp-json\/wp\/v2\/posts"}],"about":[{"href":"https:\/\/www.hoymercedes.com.ar\/principal\/wp-json\/wp\/v2\/types\/post"}],"author":[{"embeddable":true,"href":"https:\/\/www.hoymercedes.com.ar\/principal\/wp-json\/wp\/v2\/users\/1"}],"replies":[{"embeddable":true,"href":"https:\/\/www.hoymercedes.com.ar\/principal\/wp-json\/wp\/v2\/comments?post=91723"}],"version-history":[{"count":0,"href":"https:\/\/www.hoymercedes.com.ar\/principal\/wp-json\/wp\/v2\/posts\/91723\/revisions"}],"wp:featuredmedia":[{"embeddable":true,"href":"https:\/\/www.hoymercedes.com.ar\/principal\/wp-json\/wp\/v2\/media\/91724"}],"wp:attachment":[{"href":"https:\/\/www.hoymercedes.com.ar\/principal\/wp-json\/wp\/v2\/media?parent=91723"}],"wp:term":[{"taxonomy":"category","embeddable":true,"href":"https:\/\/www.hoymercedes.com.ar\/principal\/wp-json\/wp\/v2\/categories?post=91723"},{"taxonomy":"post_tag","embeddable":true,"href":"https:\/\/www.hoymercedes.com.ar\/principal\/wp-json\/wp\/v2\/tags?post=91723"}],"curies":[{"name":"wp","href":"https:\/\/api.w.org\/{rel}","templated":true}]}}