{"id":91737,"date":"2019-04-23T07:09:24","date_gmt":"2019-04-23T10:09:24","guid":{"rendered":"http:\/\/www.hoymercedes.com.ar\/principal\/?p=91737"},"modified":"2019-04-22T20:17:10","modified_gmt":"2019-04-22T23:17:10","slug":"buena-actuacion-mercedina-en-el-kartodromo-de-zarate","status":"publish","type":"post","link":"https:\/\/www.hoymercedes.com.ar\/principal\/2019\/04\/23\/buena-actuacion-mercedina-en-el-kartodromo-de-zarate\/","title":{"rendered":"Buena actuaci\u00f3n mercedina en el kart\u00f3dromo de Z\u00e1rate"},"content":{"rendered":"\n<p>Por Daniel Biorci (Prensa PAKO). Los m\u00e1s de un centenar de pilotos de P.A.K.O. visitaron las instalaciones del Kart\u00f3dromo de la ciudad de Zarate para disputar su segunda fecha de la temporada anual.<\/p>\n\n\n\n<div class=\"wp-block-image\"><figure class=\"aligncenter\"><img loading=\"lazy\" decoding=\"async\" width=\"425\" height=\"284\" data-attachment-id=\"91738\" data-permalink=\"https:\/\/www.hoymercedes.com.ar\/principal\/2019\/04\/23\/buena-actuacion-mercedina-en-el-kartodromo-de-zarate\/simionato-1-3\/#main\" data-orig-file=\"https:\/\/www.hoymercedes.com.ar\/principal\/wp-content\/uploads\/2019\/04\/simionato-1.jpg\" data-orig-size=\"425,284\" data-comments-opened=\"0\" data-image-meta=\"{&quot;aperture&quot;:&quot;5.6&quot;,&quot;credit&quot;:&quot;&quot;,&quot;camera&quot;:&quot;NIKON D750&quot;,&quot;caption&quot;:&quot;&quot;,&quot;created_timestamp&quot;:&quot;1555258962&quot;,&quot;copyright&quot;:&quot;&quot;,&quot;focal_length&quot;:&quot;460&quot;,&quot;iso&quot;:&quot;500&quot;,&quot;shutter_speed&quot;:&quot;0.00025&quot;,&quot;title&quot;:&quot;&quot;,&quot;orientation&quot;:&quot;1&quot;}\" data-image-title=\"simionato (1)\" data-image-description=\"\" data-image-caption=\"\" data-large-file=\"https:\/\/www.hoymercedes.com.ar\/principal\/wp-content\/uploads\/2019\/04\/simionato-1.jpg\" src=\"https:\/\/www.hoymercedes.com.ar\/principal\/wp-content\/uploads\/2019\/04\/simionato-1.jpg\" alt=\"\" class=\"wp-image-91738\" srcset=\"https:\/\/www.hoymercedes.com.ar\/principal\/wp-content\/uploads\/2019\/04\/simionato-1.jpg 425w, https:\/\/www.hoymercedes.com.ar\/principal\/wp-content\/uploads\/2019\/04\/simionato-1-150x100.jpg 150w, https:\/\/www.hoymercedes.com.ar\/principal\/wp-content\/uploads\/2019\/04\/simionato-1-360x240.jpg 360w\" sizes=\"auto, (max-width: 425px) 100vw, 425px\" \/><\/figure><\/div>\n\n\n\n<p>Los cambios reglamentarios y la brillante organizaci\u00f3n hacen que se sigan sumando debutantes de distintas partes del pa\u00eds.<\/p>\n\n\n\n<p>El clima acompa\u00f1\u00f3 con una jornada a puro sol y la gran cantidad de p\u00fablico presente pudo disfrutar de emocionante carreras.<\/p>\n\n\n\n<p><strong>SE REPARTIERON LAS VICTORIAS<\/strong><\/p>\n\n\n\n<p>El piloto lujanense, Francisco Andrada fue el poleman a la hora de clasificar en la divisi\u00f3n<strong>Mec\u00e1nica Nacional \u201cA\u201d<\/strong>.<\/p>\n\n\n\n<p>En la primera final la piloto de la ciudad de Lezama y actual campeona de la categor\u00eda, Valentina Funes se llev\u00f3 un c\u00f3modo triunfo, sobre el volante de Ezpeleta, Santiango Ru\u00edz fue segundo, tercero culmino el piloto de la ciudad de Bragado, Mateo Abat.<\/p>\n\n\n\n<p>En la segunda carrera de la jornada el piloto mercedino, Valentino Simionato se alz\u00f3 con la conquista sobre Funes quien arrib\u00f3 en el segundo lugar. Tercero culmin\u00f3 Mart\u00edn C\u00f3rdoba.<\/p>\n\n\n\n<p><strong>PAIS SIGUE SIENDO EL REFERENTE<\/strong><\/p>\n\n\n\n<p>En la divisional&nbsp;<strong>150 4T<\/strong>&nbsp;el poleman fue el piloto local Emiliano Falivene quien tambi\u00e9n se llev\u00f3 la victoria parcial de la primera serie, la segunda qued\u00f3 en manos del mercedino Ezequiel Pais.<\/p>\n\n\n\n<p>En la final los pilotos dieron c\u00e1tedra de manejo y el p\u00fablico aplaudi\u00f3 de p\u00ede, desde la partida la punta fue para Falivene y a medida que transcurr\u00eda la competencia era un permanente cambi\u00f3 de liderazgo entre el piloto zarate\u00f1o y el Campe\u00f3n mercedino, quien sobre el banderazo final pudo doblegar a Falivene al segundo lugar del podio. La victoria la segunda consecutiva fue para el mercedino Ezequiel Pais. Tercero finaliz\u00f3 Stefano Biorci logrando su primer podio de la temporada.<\/p>\n\n\n\n<figure class=\"wp-block-image\"><img loading=\"lazy\" decoding=\"async\" width=\"591\" height=\"394\" data-attachment-id=\"91739\" data-permalink=\"https:\/\/www.hoymercedes.com.ar\/principal\/2019\/04\/23\/buena-actuacion-mercedina-en-el-kartodromo-de-zarate\/pais-1-3\/#main\" data-orig-file=\"https:\/\/www.hoymercedes.com.ar\/principal\/wp-content\/uploads\/2019\/04\/Pais-1.jpg\" data-orig-size=\"591,394\" data-comments-opened=\"0\" data-image-meta=\"{&quot;aperture&quot;:&quot;5.6&quot;,&quot;credit&quot;:&quot;&quot;,&quot;camera&quot;:&quot;NIKON D750&quot;,&quot;caption&quot;:&quot;&quot;,&quot;created_timestamp&quot;:&quot;1555256695&quot;,&quot;copyright&quot;:&quot;&quot;,&quot;focal_length&quot;:&quot;370&quot;,&quot;iso&quot;:&quot;500&quot;,&quot;shutter_speed&quot;:&quot;0.00025&quot;,&quot;title&quot;:&quot;&quot;,&quot;orientation&quot;:&quot;1&quot;}\" data-image-title=\"Pais (1)\" data-image-description=\"\" data-image-caption=\"\" data-large-file=\"https:\/\/www.hoymercedes.com.ar\/principal\/wp-content\/uploads\/2019\/04\/Pais-1.jpg\" src=\"https:\/\/www.hoymercedes.com.ar\/principal\/wp-content\/uploads\/2019\/04\/Pais-1.jpg\" alt=\"\" class=\"wp-image-91739\" srcset=\"https:\/\/www.hoymercedes.com.ar\/principal\/wp-content\/uploads\/2019\/04\/Pais-1.jpg 591w, https:\/\/www.hoymercedes.com.ar\/principal\/wp-content\/uploads\/2019\/04\/Pais-1-150x100.jpg 150w, https:\/\/www.hoymercedes.com.ar\/principal\/wp-content\/uploads\/2019\/04\/Pais-1-360x240.jpg 360w\" sizes=\"auto, (max-width: 591px) 100vw, 591px\" \/><\/figure>\n\n\n\n<p><strong>DE LUCCA Y BRUGUES PROFETAS DE SU TIERRA<\/strong><\/p>\n\n\n\n<p>Los pilotos zarate\u00f1os coparon la clase&nbsp;<strong>KF+40<\/strong>.<\/p>\n\n\n\n<p>Pablo Oliver el primer zarate\u00f1o en ser el m\u00e1s r\u00e1pido a la hora de clasificar.<\/p>\n\n\n\n<p>La primera final qued\u00f3 en manos del experimentado piloto de la ciudad de Zarate, Gabriel De Lucca quien se alz\u00f3 con el primer triunfo de la tarde, sus escoltas fueron el mercedino, Leandro Ilariucci y el piloto lujanense, Sergio Rinaldi, segundo y tercero respectivamente.<\/p>\n\n\n\n<p>En la segunda final el otro piloto de la ciudad de Zarate, Diego Brugues se llev\u00f3 una apasionante victoria doblegando sobre el banderazo final al piloto de la ciudad de Mercedes, Leandro Ilariucci quien debi\u00f3 conformarse con ser escolta del ganador luego de liderar gran parte de la competencia. Tercero fue el debutante Tom\u00e1s Cacciabue.<\/p>\n\n\n\n<p>La pr\u00f3xima fecha ser\u00e1 la tercera de la temporada y el escenario elegido ser\u00e1 el kart\u00f3dromo de la ciudad de Zarate los d\u00edas 11 y 12 de mayo.\u00a0 <\/p>\n","protected":false},"excerpt":{"rendered":"<p>Por Daniel Biorci (Prensa PAKO). Los m\u00e1s de un centenar de pilotos de P.A.K.O. visitaron las instalaciones del Kart\u00f3dromo de &#8230; <a title=\"Buena actuaci\u00f3n mercedina en el kart\u00f3dromo de Z\u00e1rate\" class=\"read-more\" href=\"https:\/\/www.hoymercedes.com.ar\/principal\/2019\/04\/23\/buena-actuacion-mercedina-en-el-kartodromo-de-zarate\/\" aria-label=\"Leer m\u00e1s sobre Buena actuaci\u00f3n mercedina en el kart\u00f3dromo de Z\u00e1rate\">Leer m\u00e1s<\/a><\/p>\n","protected":false},"author":1,"featured_media":91739,"comment_status":"closed","ping_status":"open","sticky":false,"template":"","format":"standard","meta":{"_monsterinsights_skip_tracking":false,"_monsterinsights_sitenote_active":false,"_monsterinsights_sitenote_note":"","_monsterinsights_sitenote_category":0,"jetpack_post_was_ever_published":false,"_jetpack_newsletter_access":"","_jetpack_dont_email_post_to_subs":false,"_jetpack_newsletter_tier_id":0,"_jetpack_memberships_contains_paywalled_content":false,"_jetpack_memberships_contains_paid_content":false,"footnotes":"","jetpack_publicize_message":"","jetpack_publicize_feature_enabled":true,"jetpack_social_post_already_shared":true,"jetpack_social_options":{"image_generator_settings":{"template":"highway","default_image_id":0,"font":"","enabled":false},"version":2},"_wpas_customize_per_network":false},"categories":[21],"tags":[9910,14915,8721,13081],"class_list":["post-91737","post","type-post","status-publish","format-standard","has-post-thumbnail","hentry","category-deportes","tag-ezequiel-pais","tag-leandro-ilariucci","tag-pako","tag-valentino-simionato","generate-columns","tablet-grid-50","mobile-grid-100","grid-parent","grid-50"],"jetpack_publicize_connections":[],"jetpack_featured_media_url":"https:\/\/www.hoymercedes.com.ar\/principal\/wp-content\/uploads\/2019\/04\/Pais-1.jpg","wps_subtitle":"Karting","jetpack_sharing_enabled":true,"_links":{"self":[{"href":"https:\/\/www.hoymercedes.com.ar\/principal\/wp-json\/wp\/v2\/posts\/91737","targetHints":{"allow":["GET"]}}],"collection":[{"href":"https:\/\/www.hoymercedes.com.ar\/principal\/wp-json\/wp\/v2\/posts"}],"about":[{"href":"https:\/\/www.hoymercedes.com.ar\/principal\/wp-json\/wp\/v2\/types\/post"}],"author":[{"embeddable":true,"href":"https:\/\/www.hoymercedes.com.ar\/principal\/wp-json\/wp\/v2\/users\/1"}],"replies":[{"embeddable":true,"href":"https:\/\/www.hoymercedes.com.ar\/principal\/wp-json\/wp\/v2\/comments?post=91737"}],"version-history":[{"count":0,"href":"https:\/\/www.hoymercedes.com.ar\/principal\/wp-json\/wp\/v2\/posts\/91737\/revisions"}],"wp:featuredmedia":[{"embeddable":true,"href":"https:\/\/www.hoymercedes.com.ar\/principal\/wp-json\/wp\/v2\/media\/91739"}],"wp:attachment":[{"href":"https:\/\/www.hoymercedes.com.ar\/principal\/wp-json\/wp\/v2\/media?parent=91737"}],"wp:term":[{"taxonomy":"category","embeddable":true,"href":"https:\/\/www.hoymercedes.com.ar\/principal\/wp-json\/wp\/v2\/categories?post=91737"},{"taxonomy":"post_tag","embeddable":true,"href":"https:\/\/www.hoymercedes.com.ar\/principal\/wp-json\/wp\/v2\/tags?post=91737"}],"curies":[{"name":"wp","href":"https:\/\/api.w.org\/{rel}","templated":true}]}}