{"id":91742,"date":"2019-04-23T11:17:35","date_gmt":"2019-04-23T14:17:35","guid":{"rendered":"http:\/\/www.hoymercedes.com.ar\/principal\/?p=91742"},"modified":"2019-04-22T20:27:45","modified_gmt":"2019-04-22T23:27:45","slug":"comenzo-la-temporada-2019-de-asamball-galeria-de-fotos","status":"publish","type":"post","link":"https:\/\/www.hoymercedes.com.ar\/principal\/2019\/04\/23\/comenzo-la-temporada-2019-de-asamball-galeria-de-fotos\/","title":{"rendered":"Comenz\u00f3 la temporada 2019 de AsAmBall (Galer\u00eda de fotos)"},"content":{"rendered":"\n<p>El viernes 19 de abril se disput\u00f3 la primera fecha de la Copa AsAmBal con sede compartida entre las ciudades de Chivilcoy y Mercedes. En esta \u00faltima estuvieron presentes los conjuntos de Navarro, San Miguel del Monte, Pilar, Chivilcoy, Olavarr\u00eda y los equipos locales, mientras que en la cancha del Club Independiente de Chivilcoy jugaron: Riestra, 25 de Mayo, Bragado, Tapalqu\u00e9 y los conjuntos locales.<\/p>\n\n\n\n<figure class=\"wp-block-image\"><img loading=\"lazy\" decoding=\"async\" width=\"960\" height=\"960\" data-attachment-id=\"91743\" data-permalink=\"https:\/\/www.hoymercedes.com.ar\/principal\/2019\/04\/23\/comenzo-la-temporada-2019-de-asamball-galeria-de-fotos\/cef-asambal-fem-fecha-1\/#main\" data-orig-file=\"https:\/\/www.hoymercedes.com.ar\/principal\/wp-content\/uploads\/2019\/04\/CEF-ASAMBAL-FEM-FECHA-1.jpg\" data-orig-size=\"960,960\" data-comments-opened=\"0\" data-image-meta=\"{&quot;aperture&quot;:&quot;0&quot;,&quot;credit&quot;:&quot;&quot;,&quot;camera&quot;:&quot;&quot;,&quot;caption&quot;:&quot;&quot;,&quot;created_timestamp&quot;:&quot;0&quot;,&quot;copyright&quot;:&quot;&quot;,&quot;focal_length&quot;:&quot;0&quot;,&quot;iso&quot;:&quot;0&quot;,&quot;shutter_speed&quot;:&quot;0&quot;,&quot;title&quot;:&quot;&quot;,&quot;orientation&quot;:&quot;0&quot;}\" data-image-title=\"CEF ASAMBAL FEM FECHA 1\" data-image-description=\"\" data-image-caption=\"\" data-large-file=\"https:\/\/www.hoymercedes.com.ar\/principal\/wp-content\/uploads\/2019\/04\/CEF-ASAMBAL-FEM-FECHA-1.jpg\" src=\"https:\/\/www.hoymercedes.com.ar\/principal\/wp-content\/uploads\/2019\/04\/CEF-ASAMBAL-FEM-FECHA-1.jpg\" alt=\"\" class=\"wp-image-91743\" srcset=\"https:\/\/www.hoymercedes.com.ar\/principal\/wp-content\/uploads\/2019\/04\/CEF-ASAMBAL-FEM-FECHA-1.jpg 960w, https:\/\/www.hoymercedes.com.ar\/principal\/wp-content\/uploads\/2019\/04\/CEF-ASAMBAL-FEM-FECHA-1-150x150.jpg 150w, https:\/\/www.hoymercedes.com.ar\/principal\/wp-content\/uploads\/2019\/04\/CEF-ASAMBAL-FEM-FECHA-1-620x620.jpg 620w, https:\/\/www.hoymercedes.com.ar\/principal\/wp-content\/uploads\/2019\/04\/CEF-ASAMBAL-FEM-FECHA-1-100x100.jpg 100w\" sizes=\"auto, (max-width: 960px) 100vw, 960px\" \/><\/figure>\n\n\n\n<p>Los elencos de la Escuela Municipal de handball tuvieron resultados dispares a lo largo de la jornada. El conjunto femenino disput\u00f3 dos partidos muy parejos frente a San Miguel del Monte y Olavarr\u00eda cayendo en las dos oportunidades con resultados muy cerrados.<\/p>\n\n\n\n<p>En su primer encuentro, ante San Miguel del Monte fue 16 a 13 para la visita, con una remontada final desde la defensa, pero como muchos errores en ataque. Mientras que en el segundo partido cayeron por 15 a 14 frente al conjunto de Olavarr\u00eda con un gol en el \u00faltimo segundo de juego. El conjunto Mercedino estuvo formado por Dom\u00ednguez, C. Campioni, S. Campioni, Cornes, Contardi, Bartolomeo, Gaiera, Ferrari, Sim\u00f3n. y Valdez.<\/p>\n\n\n\n<p>El equipo masculino, tuvo un buen partido frente a los \u00faltimos campeones de Independiente de Chivilcoy, si bien el resultado fue abultado, el conjunto mercedino pudo desarrollar un buen juego, pero el visitante impuso su experiencia y jerarqu\u00eda ganando por 41 a 26.<\/p>\n\n\n\n<figure class=\"wp-block-image\"><img loading=\"lazy\" decoding=\"async\" width=\"960\" height=\"960\" data-attachment-id=\"91744\" data-permalink=\"https:\/\/www.hoymercedes.com.ar\/principal\/2019\/04\/23\/comenzo-la-temporada-2019-de-asamball-galeria-de-fotos\/cef-asambal-masc-fecha-1\/#main\" data-orig-file=\"https:\/\/www.hoymercedes.com.ar\/principal\/wp-content\/uploads\/2019\/04\/CEF-ASAMBAL-MASC-FECHA-1.jpg\" data-orig-size=\"960,960\" data-comments-opened=\"0\" data-image-meta=\"{&quot;aperture&quot;:&quot;0&quot;,&quot;credit&quot;:&quot;&quot;,&quot;camera&quot;:&quot;&quot;,&quot;caption&quot;:&quot;&quot;,&quot;created_timestamp&quot;:&quot;0&quot;,&quot;copyright&quot;:&quot;&quot;,&quot;focal_length&quot;:&quot;0&quot;,&quot;iso&quot;:&quot;0&quot;,&quot;shutter_speed&quot;:&quot;0&quot;,&quot;title&quot;:&quot;&quot;,&quot;orientation&quot;:&quot;0&quot;}\" data-image-title=\"CEF ASAMBAL MASC FECHA 1\" data-image-description=\"\" data-image-caption=\"\" data-large-file=\"https:\/\/www.hoymercedes.com.ar\/principal\/wp-content\/uploads\/2019\/04\/CEF-ASAMBAL-MASC-FECHA-1.jpg\" src=\"https:\/\/www.hoymercedes.com.ar\/principal\/wp-content\/uploads\/2019\/04\/CEF-ASAMBAL-MASC-FECHA-1.jpg\" alt=\"\" class=\"wp-image-91744\" srcset=\"https:\/\/www.hoymercedes.com.ar\/principal\/wp-content\/uploads\/2019\/04\/CEF-ASAMBAL-MASC-FECHA-1.jpg 960w, https:\/\/www.hoymercedes.com.ar\/principal\/wp-content\/uploads\/2019\/04\/CEF-ASAMBAL-MASC-FECHA-1-150x150.jpg 150w, https:\/\/www.hoymercedes.com.ar\/principal\/wp-content\/uploads\/2019\/04\/CEF-ASAMBAL-MASC-FECHA-1-620x620.jpg 620w, https:\/\/www.hoymercedes.com.ar\/principal\/wp-content\/uploads\/2019\/04\/CEF-ASAMBAL-MASC-FECHA-1-100x100.jpg 100w\" sizes=\"auto, (max-width: 960px) 100vw, 960px\" \/><\/figure>\n\n\n\n<p>En el segundo encuentro, los locales se enfrentaron a Navarro en donde pudieron imponerse claramente por 32 a 23 con una destacada actuaci\u00f3n de Kesseler que convirtiendo 10 goles para la victoria. La Escuela Municipal estuvo integrada por: Aguirre, Ojeda, Aguirre, Beltrame, Brandoni, Contreras, Gioscio, Kesseler, Lapenta, Pi\u00f1ero, Rivas, Romero, Saion, Toscano y Villalba.<\/p>\n\n\n\n<p>La segunda fecha de la Copa AsAmBal se disputar\u00e1 en la ciudad de Bragado el pr\u00f3ximo domingo 19 de mayo en donde los equipos mercedinos volver\u00e1n a estar presentes.<\/p>\n\n\n\n<ul class=\"wp-block-gallery columns-3 is-cropped wp-block-gallery-1 is-layout-flex wp-block-gallery-is-layout-flex\"><li class=\"blocks-gallery-item\"><figure><img loading=\"lazy\" decoding=\"async\" width=\"960\" height=\"960\" data-attachment-id=\"91745\" data-permalink=\"https:\/\/www.hoymercedes.com.ar\/principal\/2019\/04\/23\/comenzo-la-temporada-2019-de-asamball-galeria-de-fotos\/58374279_10219941010782472_166033346785181696_n\/#main\" data-orig-file=\"https:\/\/www.hoymercedes.com.ar\/principal\/wp-content\/uploads\/2019\/04\/58374279_10219941010782472_166033346785181696_n.jpg\" data-orig-size=\"960,960\" data-comments-opened=\"0\" data-image-meta=\"{&quot;aperture&quot;:&quot;0&quot;,&quot;credit&quot;:&quot;&quot;,&quot;camera&quot;:&quot;&quot;,&quot;caption&quot;:&quot;&quot;,&quot;created_timestamp&quot;:&quot;0&quot;,&quot;copyright&quot;:&quot;&quot;,&quot;focal_length&quot;:&quot;0&quot;,&quot;iso&quot;:&quot;0&quot;,&quot;shutter_speed&quot;:&quot;0&quot;,&quot;title&quot;:&quot;&quot;,&quot;orientation&quot;:&quot;0&quot;}\" data-image-title=\"58374279_10219941010782472_166033346785181696_n\" data-image-description=\"\" data-image-caption=\"\" data-large-file=\"https:\/\/www.hoymercedes.com.ar\/principal\/wp-content\/uploads\/2019\/04\/58374279_10219941010782472_166033346785181696_n.jpg\" src=\"https:\/\/www.hoymercedes.com.ar\/principal\/wp-content\/uploads\/2019\/04\/58374279_10219941010782472_166033346785181696_n.jpg\" alt=\"\" data-id=\"91745\" data-link=\"https:\/\/www.hoymercedes.com.ar\/principal\/?attachment_id=91745\" class=\"wp-image-91745\" srcset=\"https:\/\/www.hoymercedes.com.ar\/principal\/wp-content\/uploads\/2019\/04\/58374279_10219941010782472_166033346785181696_n.jpg 960w, https:\/\/www.hoymercedes.com.ar\/principal\/wp-content\/uploads\/2019\/04\/58374279_10219941010782472_166033346785181696_n-150x150.jpg 150w, https:\/\/www.hoymercedes.com.ar\/principal\/wp-content\/uploads\/2019\/04\/58374279_10219941010782472_166033346785181696_n-620x620.jpg 620w, https:\/\/www.hoymercedes.com.ar\/principal\/wp-content\/uploads\/2019\/04\/58374279_10219941010782472_166033346785181696_n-100x100.jpg 100w\" sizes=\"auto, (max-width: 960px) 100vw, 960px\" \/><\/figure><\/li><li class=\"blocks-gallery-item\"><figure><img loading=\"lazy\" decoding=\"async\" width=\"960\" height=\"960\" data-attachment-id=\"91746\" data-permalink=\"https:\/\/www.hoymercedes.com.ar\/principal\/2019\/04\/23\/comenzo-la-temporada-2019-de-asamball-galeria-de-fotos\/57297801_10219941009862449_8518800776707964928_n\/#main\" data-orig-file=\"https:\/\/www.hoymercedes.com.ar\/principal\/wp-content\/uploads\/2019\/04\/57297801_10219941009862449_8518800776707964928_n.jpg\" data-orig-size=\"960,960\" data-comments-opened=\"0\" data-image-meta=\"{&quot;aperture&quot;:&quot;0&quot;,&quot;credit&quot;:&quot;&quot;,&quot;camera&quot;:&quot;&quot;,&quot;caption&quot;:&quot;&quot;,&quot;created_timestamp&quot;:&quot;0&quot;,&quot;copyright&quot;:&quot;&quot;,&quot;focal_length&quot;:&quot;0&quot;,&quot;iso&quot;:&quot;0&quot;,&quot;shutter_speed&quot;:&quot;0&quot;,&quot;title&quot;:&quot;&quot;,&quot;orientation&quot;:&quot;0&quot;}\" data-image-title=\"57297801_10219941009862449_8518800776707964928_n\" data-image-description=\"\" data-image-caption=\"\" data-large-file=\"https:\/\/www.hoymercedes.com.ar\/principal\/wp-content\/uploads\/2019\/04\/57297801_10219941009862449_8518800776707964928_n.jpg\" src=\"https:\/\/www.hoymercedes.com.ar\/principal\/wp-content\/uploads\/2019\/04\/57297801_10219941009862449_8518800776707964928_n.jpg\" alt=\"\" data-id=\"91746\" data-link=\"https:\/\/www.hoymercedes.com.ar\/principal\/?attachment_id=91746\" class=\"wp-image-91746\" srcset=\"https:\/\/www.hoymercedes.com.ar\/principal\/wp-content\/uploads\/2019\/04\/57297801_10219941009862449_8518800776707964928_n.jpg 960w, https:\/\/www.hoymercedes.com.ar\/principal\/wp-content\/uploads\/2019\/04\/57297801_10219941009862449_8518800776707964928_n-150x150.jpg 150w, https:\/\/www.hoymercedes.com.ar\/principal\/wp-content\/uploads\/2019\/04\/57297801_10219941009862449_8518800776707964928_n-620x620.jpg 620w, https:\/\/www.hoymercedes.com.ar\/principal\/wp-content\/uploads\/2019\/04\/57297801_10219941009862449_8518800776707964928_n-100x100.jpg 100w\" sizes=\"auto, (max-width: 960px) 100vw, 960px\" \/><\/figure><\/li><li class=\"blocks-gallery-item\"><figure><img loading=\"lazy\" decoding=\"async\" width=\"960\" height=\"960\" data-attachment-id=\"91747\" data-permalink=\"https:\/\/www.hoymercedes.com.ar\/principal\/2019\/04\/23\/comenzo-la-temporada-2019-de-asamball-galeria-de-fotos\/58379072_10219941009222433_7856459722369531904_n\/#main\" data-orig-file=\"https:\/\/www.hoymercedes.com.ar\/principal\/wp-content\/uploads\/2019\/04\/58379072_10219941009222433_7856459722369531904_n.jpg\" data-orig-size=\"960,960\" data-comments-opened=\"0\" data-image-meta=\"{&quot;aperture&quot;:&quot;0&quot;,&quot;credit&quot;:&quot;&quot;,&quot;camera&quot;:&quot;&quot;,&quot;caption&quot;:&quot;&quot;,&quot;created_timestamp&quot;:&quot;0&quot;,&quot;copyright&quot;:&quot;&quot;,&quot;focal_length&quot;:&quot;0&quot;,&quot;iso&quot;:&quot;0&quot;,&quot;shutter_speed&quot;:&quot;0&quot;,&quot;title&quot;:&quot;&quot;,&quot;orientation&quot;:&quot;0&quot;}\" data-image-title=\"58379072_10219941009222433_7856459722369531904_n\" data-image-description=\"\" data-image-caption=\"\" data-large-file=\"https:\/\/www.hoymercedes.com.ar\/principal\/wp-content\/uploads\/2019\/04\/58379072_10219941009222433_7856459722369531904_n.jpg\" src=\"https:\/\/www.hoymercedes.com.ar\/principal\/wp-content\/uploads\/2019\/04\/58379072_10219941009222433_7856459722369531904_n.jpg\" alt=\"\" data-id=\"91747\" data-link=\"https:\/\/www.hoymercedes.com.ar\/principal\/?attachment_id=91747\" class=\"wp-image-91747\" srcset=\"https:\/\/www.hoymercedes.com.ar\/principal\/wp-content\/uploads\/2019\/04\/58379072_10219941009222433_7856459722369531904_n.jpg 960w, https:\/\/www.hoymercedes.com.ar\/principal\/wp-content\/uploads\/2019\/04\/58379072_10219941009222433_7856459722369531904_n-150x150.jpg 150w, https:\/\/www.hoymercedes.com.ar\/principal\/wp-content\/uploads\/2019\/04\/58379072_10219941009222433_7856459722369531904_n-620x620.jpg 620w, https:\/\/www.hoymercedes.com.ar\/principal\/wp-content\/uploads\/2019\/04\/58379072_10219941009222433_7856459722369531904_n-100x100.jpg 100w\" sizes=\"auto, (max-width: 960px) 100vw, 960px\" \/><\/figure><\/li><li class=\"blocks-gallery-item\"><figure><img loading=\"lazy\" decoding=\"async\" width=\"960\" height=\"960\" data-attachment-id=\"91748\" data-permalink=\"https:\/\/www.hoymercedes.com.ar\/principal\/2019\/04\/23\/comenzo-la-temporada-2019-de-asamball-galeria-de-fotos\/58380584_10219941008222408_1879551609411731456_n\/#main\" data-orig-file=\"https:\/\/www.hoymercedes.com.ar\/principal\/wp-content\/uploads\/2019\/04\/58380584_10219941008222408_1879551609411731456_n.jpg\" data-orig-size=\"960,960\" data-comments-opened=\"0\" data-image-meta=\"{&quot;aperture&quot;:&quot;0&quot;,&quot;credit&quot;:&quot;&quot;,&quot;camera&quot;:&quot;&quot;,&quot;caption&quot;:&quot;&quot;,&quot;created_timestamp&quot;:&quot;0&quot;,&quot;copyright&quot;:&quot;&quot;,&quot;focal_length&quot;:&quot;0&quot;,&quot;iso&quot;:&quot;0&quot;,&quot;shutter_speed&quot;:&quot;0&quot;,&quot;title&quot;:&quot;&quot;,&quot;orientation&quot;:&quot;0&quot;}\" data-image-title=\"58380584_10219941008222408_1879551609411731456_n\" data-image-description=\"\" data-image-caption=\"\" data-large-file=\"https:\/\/www.hoymercedes.com.ar\/principal\/wp-content\/uploads\/2019\/04\/58380584_10219941008222408_1879551609411731456_n.jpg\" src=\"https:\/\/www.hoymercedes.com.ar\/principal\/wp-content\/uploads\/2019\/04\/58380584_10219941008222408_1879551609411731456_n.jpg\" alt=\"\" data-id=\"91748\" data-link=\"https:\/\/www.hoymercedes.com.ar\/principal\/?attachment_id=91748\" class=\"wp-image-91748\" srcset=\"https:\/\/www.hoymercedes.com.ar\/principal\/wp-content\/uploads\/2019\/04\/58380584_10219941008222408_1879551609411731456_n.jpg 960w, https:\/\/www.hoymercedes.com.ar\/principal\/wp-content\/uploads\/2019\/04\/58380584_10219941008222408_1879551609411731456_n-150x150.jpg 150w, https:\/\/www.hoymercedes.com.ar\/principal\/wp-content\/uploads\/2019\/04\/58380584_10219941008222408_1879551609411731456_n-620x620.jpg 620w, https:\/\/www.hoymercedes.com.ar\/principal\/wp-content\/uploads\/2019\/04\/58380584_10219941008222408_1879551609411731456_n-100x100.jpg 100w\" sizes=\"auto, (max-width: 960px) 100vw, 960px\" \/><\/figure><\/li><li class=\"blocks-gallery-item\"><figure><img loading=\"lazy\" decoding=\"async\" width=\"960\" height=\"960\" data-attachment-id=\"91749\" data-permalink=\"https:\/\/www.hoymercedes.com.ar\/principal\/2019\/04\/23\/comenzo-la-temporada-2019-de-asamball-galeria-de-fotos\/57503796_10219941007422388_3026713803392811008_n\/#main\" data-orig-file=\"https:\/\/www.hoymercedes.com.ar\/principal\/wp-content\/uploads\/2019\/04\/57503796_10219941007422388_3026713803392811008_n.jpg\" data-orig-size=\"960,960\" data-comments-opened=\"0\" data-image-meta=\"{&quot;aperture&quot;:&quot;0&quot;,&quot;credit&quot;:&quot;&quot;,&quot;camera&quot;:&quot;&quot;,&quot;caption&quot;:&quot;&quot;,&quot;created_timestamp&quot;:&quot;0&quot;,&quot;copyright&quot;:&quot;&quot;,&quot;focal_length&quot;:&quot;0&quot;,&quot;iso&quot;:&quot;0&quot;,&quot;shutter_speed&quot;:&quot;0&quot;,&quot;title&quot;:&quot;&quot;,&quot;orientation&quot;:&quot;0&quot;}\" data-image-title=\"57503796_10219941007422388_3026713803392811008_n\" data-image-description=\"\" data-image-caption=\"\" data-large-file=\"https:\/\/www.hoymercedes.com.ar\/principal\/wp-content\/uploads\/2019\/04\/57503796_10219941007422388_3026713803392811008_n.jpg\" src=\"https:\/\/www.hoymercedes.com.ar\/principal\/wp-content\/uploads\/2019\/04\/57503796_10219941007422388_3026713803392811008_n.jpg\" alt=\"\" data-id=\"91749\" data-link=\"https:\/\/www.hoymercedes.com.ar\/principal\/?attachment_id=91749\" class=\"wp-image-91749\" srcset=\"https:\/\/www.hoymercedes.com.ar\/principal\/wp-content\/uploads\/2019\/04\/57503796_10219941007422388_3026713803392811008_n.jpg 960w, https:\/\/www.hoymercedes.com.ar\/principal\/wp-content\/uploads\/2019\/04\/57503796_10219941007422388_3026713803392811008_n-150x150.jpg 150w, https:\/\/www.hoymercedes.com.ar\/principal\/wp-content\/uploads\/2019\/04\/57503796_10219941007422388_3026713803392811008_n-620x620.jpg 620w, https:\/\/www.hoymercedes.com.ar\/principal\/wp-content\/uploads\/2019\/04\/57503796_10219941007422388_3026713803392811008_n-100x100.jpg 100w\" sizes=\"auto, (max-width: 960px) 100vw, 960px\" \/><\/figure><\/li><li class=\"blocks-gallery-item\"><figure><img loading=\"lazy\" decoding=\"async\" width=\"960\" height=\"960\" data-attachment-id=\"91750\" data-permalink=\"https:\/\/www.hoymercedes.com.ar\/principal\/2019\/04\/23\/comenzo-la-temporada-2019-de-asamball-galeria-de-fotos\/58379446_10219941006702370_4854808075351097344_n\/#main\" data-orig-file=\"https:\/\/www.hoymercedes.com.ar\/principal\/wp-content\/uploads\/2019\/04\/58379446_10219941006702370_4854808075351097344_n.jpg\" data-orig-size=\"960,960\" data-comments-opened=\"0\" data-image-meta=\"{&quot;aperture&quot;:&quot;0&quot;,&quot;credit&quot;:&quot;&quot;,&quot;camera&quot;:&quot;&quot;,&quot;caption&quot;:&quot;&quot;,&quot;created_timestamp&quot;:&quot;0&quot;,&quot;copyright&quot;:&quot;&quot;,&quot;focal_length&quot;:&quot;0&quot;,&quot;iso&quot;:&quot;0&quot;,&quot;shutter_speed&quot;:&quot;0&quot;,&quot;title&quot;:&quot;&quot;,&quot;orientation&quot;:&quot;0&quot;}\" data-image-title=\"58379446_10219941006702370_4854808075351097344_n\" data-image-description=\"\" data-image-caption=\"\" data-large-file=\"https:\/\/www.hoymercedes.com.ar\/principal\/wp-content\/uploads\/2019\/04\/58379446_10219941006702370_4854808075351097344_n.jpg\" src=\"https:\/\/www.hoymercedes.com.ar\/principal\/wp-content\/uploads\/2019\/04\/58379446_10219941006702370_4854808075351097344_n.jpg\" alt=\"\" data-id=\"91750\" data-link=\"https:\/\/www.hoymercedes.com.ar\/principal\/?attachment_id=91750\" class=\"wp-image-91750\" srcset=\"https:\/\/www.hoymercedes.com.ar\/principal\/wp-content\/uploads\/2019\/04\/58379446_10219941006702370_4854808075351097344_n.jpg 960w, https:\/\/www.hoymercedes.com.ar\/principal\/wp-content\/uploads\/2019\/04\/58379446_10219941006702370_4854808075351097344_n-150x150.jpg 150w, https:\/\/www.hoymercedes.com.ar\/principal\/wp-content\/uploads\/2019\/04\/58379446_10219941006702370_4854808075351097344_n-620x620.jpg 620w, https:\/\/www.hoymercedes.com.ar\/principal\/wp-content\/uploads\/2019\/04\/58379446_10219941006702370_4854808075351097344_n-100x100.jpg 100w\" sizes=\"auto, (max-width: 960px) 100vw, 960px\" \/><\/figure><\/li><li class=\"blocks-gallery-item\"><figure><img loading=\"lazy\" decoding=\"async\" width=\"960\" height=\"960\" data-attachment-id=\"91751\" data-permalink=\"https:\/\/www.hoymercedes.com.ar\/principal\/2019\/04\/23\/comenzo-la-temporada-2019-de-asamball-galeria-de-fotos\/independiente-chiv-asambal-fem-fecha\/#main\" data-orig-file=\"https:\/\/www.hoymercedes.com.ar\/principal\/wp-content\/uploads\/2019\/04\/INDEPENDIENTE-CHIV-ASAMBAL-FEM-FECHA-.jpg\" data-orig-size=\"960,960\" data-comments-opened=\"0\" data-image-meta=\"{&quot;aperture&quot;:&quot;0&quot;,&quot;credit&quot;:&quot;&quot;,&quot;camera&quot;:&quot;&quot;,&quot;caption&quot;:&quot;&quot;,&quot;created_timestamp&quot;:&quot;0&quot;,&quot;copyright&quot;:&quot;&quot;,&quot;focal_length&quot;:&quot;0&quot;,&quot;iso&quot;:&quot;0&quot;,&quot;shutter_speed&quot;:&quot;0&quot;,&quot;title&quot;:&quot;&quot;,&quot;orientation&quot;:&quot;0&quot;}\" data-image-title=\"INDEPENDIENTE CHIV ASAMBAL FEM FECHA !\" data-image-description=\"\" data-image-caption=\"\" data-large-file=\"https:\/\/www.hoymercedes.com.ar\/principal\/wp-content\/uploads\/2019\/04\/INDEPENDIENTE-CHIV-ASAMBAL-FEM-FECHA-.jpg\" src=\"https:\/\/www.hoymercedes.com.ar\/principal\/wp-content\/uploads\/2019\/04\/INDEPENDIENTE-CHIV-ASAMBAL-FEM-FECHA-.jpg\" alt=\"\" data-id=\"91751\" data-link=\"https:\/\/www.hoymercedes.com.ar\/principal\/?attachment_id=91751\" class=\"wp-image-91751\" srcset=\"https:\/\/www.hoymercedes.com.ar\/principal\/wp-content\/uploads\/2019\/04\/INDEPENDIENTE-CHIV-ASAMBAL-FEM-FECHA-.jpg 960w, https:\/\/www.hoymercedes.com.ar\/principal\/wp-content\/uploads\/2019\/04\/INDEPENDIENTE-CHIV-ASAMBAL-FEM-FECHA--150x150.jpg 150w, https:\/\/www.hoymercedes.com.ar\/principal\/wp-content\/uploads\/2019\/04\/INDEPENDIENTE-CHIV-ASAMBAL-FEM-FECHA--620x620.jpg 620w, https:\/\/www.hoymercedes.com.ar\/principal\/wp-content\/uploads\/2019\/04\/INDEPENDIENTE-CHIV-ASAMBAL-FEM-FECHA--100x100.jpg 100w\" sizes=\"auto, (max-width: 960px) 100vw, 960px\" \/><\/figure><\/li><\/ul>\n\n\n\n<p><br><\/p>\n","protected":false},"excerpt":{"rendered":"<p>El viernes 19 de abril se disput\u00f3 la primera fecha de la Copa AsAmBal con sede compartida entre las ciudades &#8230; <a title=\"Comenz\u00f3 la temporada 2019 de AsAmBall (Galer\u00eda de fotos)\" class=\"read-more\" href=\"https:\/\/www.hoymercedes.com.ar\/principal\/2019\/04\/23\/comenzo-la-temporada-2019-de-asamball-galeria-de-fotos\/\" aria-label=\"Leer m\u00e1s sobre Comenz\u00f3 la temporada 2019 de AsAmBall (Galer\u00eda de fotos)\">Leer m\u00e1s<\/a><\/p>\n","protected":false},"author":1,"featured_media":91743,"comment_status":"closed","ping_status":"open","sticky":false,"template":"","format":"standard","meta":{"_monsterinsights_skip_tracking":false,"_monsterinsights_sitenote_active":false,"_monsterinsights_sitenote_note":"","_monsterinsights_sitenote_category":0,"jetpack_post_was_ever_published":false,"_jetpack_newsletter_access":"","_jetpack_dont_email_post_to_subs":false,"_jetpack_newsletter_tier_id":0,"_jetpack_memberships_contains_paywalled_content":false,"_jetpack_memberships_contains_paid_content":false,"footnotes":"","jetpack_publicize_message":"","jetpack_publicize_feature_enabled":true,"jetpack_social_post_already_shared":true,"jetpack_social_options":{"image_generator_settings":{"template":"highway","default_image_id":0,"font":"","enabled":false},"version":2},"_wpas_customize_per_network":false},"categories":[21],"tags":[958],"class_list":["post-91742","post","type-post","status-publish","format-standard","has-post-thumbnail","hentry","category-deportes","tag-cef-40","generate-columns","tablet-grid-50","mobile-grid-100","grid-parent","grid-50"],"jetpack_publicize_connections":[],"jetpack_featured_media_url":"https:\/\/www.hoymercedes.com.ar\/principal\/wp-content\/uploads\/2019\/04\/CEF-ASAMBAL-FEM-FECHA-1.jpg","wps_subtitle":"Handball","jetpack_sharing_enabled":true,"_links":{"self":[{"href":"https:\/\/www.hoymercedes.com.ar\/principal\/wp-json\/wp\/v2\/posts\/91742","targetHints":{"allow":["GET"]}}],"collection":[{"href":"https:\/\/www.hoymercedes.com.ar\/principal\/wp-json\/wp\/v2\/posts"}],"about":[{"href":"https:\/\/www.hoymercedes.com.ar\/principal\/wp-json\/wp\/v2\/types\/post"}],"author":[{"embeddable":true,"href":"https:\/\/www.hoymercedes.com.ar\/principal\/wp-json\/wp\/v2\/users\/1"}],"replies":[{"embeddable":true,"href":"https:\/\/www.hoymercedes.com.ar\/principal\/wp-json\/wp\/v2\/comments?post=91742"}],"version-history":[{"count":0,"href":"https:\/\/www.hoymercedes.com.ar\/principal\/wp-json\/wp\/v2\/posts\/91742\/revisions"}],"wp:featuredmedia":[{"embeddable":true,"href":"https:\/\/www.hoymercedes.com.ar\/principal\/wp-json\/wp\/v2\/media\/91743"}],"wp:attachment":[{"href":"https:\/\/www.hoymercedes.com.ar\/principal\/wp-json\/wp\/v2\/media?parent=91742"}],"wp:term":[{"taxonomy":"category","embeddable":true,"href":"https:\/\/www.hoymercedes.com.ar\/principal\/wp-json\/wp\/v2\/categories?post=91742"},{"taxonomy":"post_tag","embeddable":true,"href":"https:\/\/www.hoymercedes.com.ar\/principal\/wp-json\/wp\/v2\/tags?post=91742"}],"curies":[{"name":"wp","href":"https:\/\/api.w.org\/{rel}","templated":true}]}}