{"id":9176,"date":"2011-11-17T12:53:29","date_gmt":"2011-11-17T12:53:29","guid":{"rendered":"http:\/\/www.hoymercedes.com.ar\/principal\/?p=9176"},"modified":"2011-11-17T13:00:20","modified_gmt":"2011-11-17T13:00:20","slug":"concejo-deliberante-no-se-conoce-aun-fecha-de-sesion-preparatoria","status":"publish","type":"post","link":"https:\/\/www.hoymercedes.com.ar\/principal\/2011\/11\/17\/concejo-deliberante-no-se-conoce-aun-fecha-de-sesion-preparatoria\/","title":{"rendered":"Concejo Deliberante: no se conoce a\u00fan fecha de sesi\u00f3n preparatoria"},"content":{"rendered":"<p style=\"text-align: center;\"><a href=\"https:\/\/www.hoymercedes.com.ar\/principal\/wp-content\/uploads\/2011\/11\/ConcejoDeliberanteMercedes.jpg\"><img loading=\"lazy\" decoding=\"async\" data-attachment-id=\"9186\" data-permalink=\"https:\/\/www.hoymercedes.com.ar\/principal\/2011\/11\/17\/concejo-deliberante-no-se-conoce-aun-fecha-de-sesion-preparatoria\/concejodeliberantemercedes\/#main\" data-orig-file=\"https:\/\/www.hoymercedes.com.ar\/principal\/wp-content\/uploads\/2011\/11\/ConcejoDeliberanteMercedes.jpg\" data-orig-size=\"612,459\" data-comments-opened=\"1\" data-image-meta=\"{&quot;aperture&quot;:&quot;2.8&quot;,&quot;credit&quot;:&quot;&quot;,&quot;camera&quot;:&quot;COOLPIX L10&quot;,&quot;caption&quot;:&quot;&quot;,&quot;created_timestamp&quot;:&quot;1318171465&quot;,&quot;copyright&quot;:&quot;Copyright 2006&quot;,&quot;focal_length&quot;:&quot;6.2&quot;,&quot;iso&quot;:&quot;400&quot;,&quot;shutter_speed&quot;:&quot;0.016666666666667&quot;,&quot;title&quot;:&quot;&quot;}\" data-image-title=\"ConcejoDeliberanteMercedes\" data-image-description=\"\" data-image-caption=\"\" data-large-file=\"https:\/\/www.hoymercedes.com.ar\/principal\/wp-content\/uploads\/2011\/11\/ConcejoDeliberanteMercedes.jpg\" class=\"size-full wp-image-9186 aligncenter\" title=\"ConcejoDeliberanteMercedes\" src=\"https:\/\/www.hoymercedes.com.ar\/principal\/wp-content\/uploads\/2011\/11\/ConcejoDeliberanteMercedes.jpg\" alt=\"\" width=\"612\" height=\"459\" \/><\/a><\/p>\n<p>La Secretaria del Concejo Deliberante de nuestra ciudad, Yolanda Gorosito, confirm\u00f3 ayer que a\u00fan no se ha fijado la fecha para la realizaci\u00f3n de la Sesi\u00f3n Preparatoria con la participaci\u00f3n de los nuevos ediles consagrados en las \u00faltimas elecciones del 23 de octubre pr\u00f3ximo pasado para que presten el tradicional juramento y luego elijan las nuevas autoridades del cuerpo, estim\u00e1ndose que como es habitual en nuestra ciudad el presidente del Cuerpo ser\u00e1 un integrante del bloque del Frente para la Victoria, ganador de la contienda electoral, correspondiendo la vice presidencia primera a un representantes del Frente Mercedino para la Victoria y la vice presidencia segunda al bloque Uni\u00f3n Pro que ser\u00e1 el tercero con mayor cantidad de integrantes tras la nueva conformaci\u00f3n del deliberativo local.<\/p>\n<p>Yolanda Gorosito, Secretaria del HCD, \u00a0sostuvo al ser consultada acerca del procedimiento que se adoptar\u00e1: \u00a0<em>\u201cnosotros dependemos de la decisi\u00f3n que se adopte en el orden provincial a trav\u00e9s de la Junta Electoral que es la encargada en primer t\u00e9rmino de fijar las fechas y luego de realizar el env\u00edo de los Certificados que acreditan legalmente a cada uno de los nueve concejales que se eligieron el 23 de octubre a ocupar una banca.<\/em><\/p>\n<p><em>En lo personal entiendo que la Sesi\u00f3n Preparatoria deber\u00eda realizarse a m\u00e1s tardar el d\u00eda 7 de diciembre teniendo en cuenta los feriados de los d\u00edas 8 y 9, y que luego debe efectuarse la ceremonia en la que presten juramento el intendente y los nuevos Secretarios que integran su equipo de gobierno.<\/em><\/p>\n<p><em>De cualquier manera es solo mi pensamiento porque nadie puede llegar a descartar que las autoridades electorales de la provincia puedan dictaminar que la preparatoria se realice por ejemplo el 4 de diciembre\u201d.<\/em><\/p>\n<p>Finalmente agreg\u00f3 <em>\u201ccomo es sabido, la Sesi\u00f3n Preparatoria deber\u00e1 ser presidida por el concejal de mayor edad que integre el bloque que se impuso en las \u00faltimas elecciones y luego si se nominar\u00e1n los postulantes para los cargos de presidente y las dos vice presidencias\u201d<\/em><\/p>\n<p>&nbsp;<\/p>\n<p>&nbsp;<\/p>\n","protected":false},"excerpt":{"rendered":"<p>La Secretaria del Concejo Deliberante de nuestra ciudad, Yolanda Gorosito, confirm\u00f3 ayer que a\u00fan no se ha fijado la fecha &#8230; <a title=\"Concejo Deliberante: no se conoce a\u00fan fecha de sesi\u00f3n preparatoria\" class=\"read-more\" href=\"https:\/\/www.hoymercedes.com.ar\/principal\/2011\/11\/17\/concejo-deliberante-no-se-conoce-aun-fecha-de-sesion-preparatoria\/\" aria-label=\"Leer m\u00e1s sobre Concejo Deliberante: no se conoce a\u00fan fecha de sesi\u00f3n preparatoria\">Leer m\u00e1s<\/a><\/p>\n","protected":false},"author":1,"featured_media":0,"comment_status":"open","ping_status":"open","sticky":false,"template":"","format":"standard","meta":{"_monsterinsights_skip_tracking":false,"_monsterinsights_sitenote_active":false,"_monsterinsights_sitenote_note":"","_monsterinsights_sitenote_category":0,"jetpack_post_was_ever_published":false,"_jetpack_newsletter_access":"","_jetpack_dont_email_post_to_subs":false,"_jetpack_newsletter_tier_id":0,"_jetpack_memberships_contains_paywalled_content":false,"_jetpack_memberships_contains_paid_content":false,"footnotes":"","jetpack_publicize_message":"","jetpack_publicize_feature_enabled":true,"jetpack_social_post_already_shared":false,"jetpack_social_options":{"image_generator_settings":{"template":"highway","default_image_id":0,"font":"","enabled":false},"version":2},"_wpas_customize_per_network":false},"categories":[5],"tags":[45],"class_list":["post-9176","post","type-post","status-publish","format-standard","hentry","category-politica","tag-concejo-deliberante-mercedes","generate-columns","tablet-grid-50","mobile-grid-100","grid-parent","grid-50"],"jetpack_publicize_connections":[],"jetpack_featured_media_url":"","wps_subtitle":"","jetpack_sharing_enabled":true,"_links":{"self":[{"href":"https:\/\/www.hoymercedes.com.ar\/principal\/wp-json\/wp\/v2\/posts\/9176","targetHints":{"allow":["GET"]}}],"collection":[{"href":"https:\/\/www.hoymercedes.com.ar\/principal\/wp-json\/wp\/v2\/posts"}],"about":[{"href":"https:\/\/www.hoymercedes.com.ar\/principal\/wp-json\/wp\/v2\/types\/post"}],"author":[{"embeddable":true,"href":"https:\/\/www.hoymercedes.com.ar\/principal\/wp-json\/wp\/v2\/users\/1"}],"replies":[{"embeddable":true,"href":"https:\/\/www.hoymercedes.com.ar\/principal\/wp-json\/wp\/v2\/comments?post=9176"}],"version-history":[{"count":0,"href":"https:\/\/www.hoymercedes.com.ar\/principal\/wp-json\/wp\/v2\/posts\/9176\/revisions"}],"wp:attachment":[{"href":"https:\/\/www.hoymercedes.com.ar\/principal\/wp-json\/wp\/v2\/media?parent=9176"}],"wp:term":[{"taxonomy":"category","embeddable":true,"href":"https:\/\/www.hoymercedes.com.ar\/principal\/wp-json\/wp\/v2\/categories?post=9176"},{"taxonomy":"post_tag","embeddable":true,"href":"https:\/\/www.hoymercedes.com.ar\/principal\/wp-json\/wp\/v2\/tags?post=9176"}],"curies":[{"name":"wp","href":"https:\/\/api.w.org\/{rel}","templated":true}]}}