{"id":91765,"date":"2019-04-24T11:58:07","date_gmt":"2019-04-24T14:58:07","guid":{"rendered":"http:\/\/www.hoymercedes.com.ar\/principal\/?p=91765"},"modified":"2019-04-24T10:17:11","modified_gmt":"2019-04-24T13:17:11","slug":"sub-16-y-primera-division-tuvieron-su-segunda-fecha-en-el-femenino","status":"publish","type":"post","link":"https:\/\/www.hoymercedes.com.ar\/principal\/2019\/04\/24\/sub-16-y-primera-division-tuvieron-su-segunda-fecha-en-el-femenino\/","title":{"rendered":"Sub 16 y Primera Divisi\u00f3n tuvieron su segunda fecha en el Femenino"},"content":{"rendered":"\n<p>Entre viernes y s\u00e1bado se jug\u00f3 la segunda fecha del F\u00fatbol Femenino de la Liga Mercedina en las dos categor\u00edas mayores, mientras que la Sub 12 tuvo descanso. El viernes, en cancha de V\u00e9lez, hubo pocos goles, pero sirvieron para que Envi\u00f3n, ALFA y Los Carteros sean los que est\u00e9n en el podio.<\/p>\n\n\n\n<p>En Sub 16 hay un triple empate, ya que La Loma empat\u00f3 con ALFA y a los dos los alcanz\u00f3 Los Carteros, que derrot\u00f3 a V\u00e9lez por la m\u00ednima.<\/p>\n\n\n\n<p>Resultados Primera Divisi\u00f3n<\/p>\n\n\n\n<p><strong>Costa Brava 0<br>Los Carteros 1:<\/strong>\u00a0Mariel Crivella.<\/p>\n\n\n\n<p><strong>Estudiantes 0.<br>Envi\u00f3n 1:<\/strong>&nbsp;Noelia Schaaf.<\/p>\n\n\n\n<p><strong>El Front\u00f3n 0.<br>Alfa 0.<br><\/strong><br><strong>V\u00e9lez S\u00e1rsfield 0.<br>Deportivo Gowland 1:<\/strong>&nbsp;Susana Ayala.<\/p>\n\n\n\n<p><strong>Club Mercedes 0<\/strong>.<br><strong>AMEFIP San Mart\u00edn 1:<\/strong>\u00a0Sof\u00eda Cejas.<\/p>\n\n\n\n<p>Resultados Sub 16<\/p>\n\n\n\n<p><strong>Los Carteros 1:<\/strong>&nbsp;Clara G\u00f3mez.<br><strong>V\u00e9lez 0<\/strong>.<\/p>\n\n\n\n<p><strong>La Loma 0.<br>Alfa 0.<br><\/strong><br><strong>Defensores 1:<\/strong>&nbsp;Nicole Testa.<br><strong>Estudiantes 1:<\/strong>&nbsp;Gabriela L\u00f3pez Camelo.<\/p>\n\n\n\n<p><strong>Pr\u00f3xima fecha<\/strong><br><strong>Primera<br>Cancha:&nbsp;<\/strong>ALFA.<br>AMEFIP San Mart\u00edn vs. V\u00e9lez.<br>Deportivo Gowland vs. El Front\u00f3n.<br>Envi\u00f3n vs. Defensores.<br>Los Carteros vs. Juventud.<br>Libre: Club Mercedes.<\/p>\n\n\n\n<p><strong>Sub 16<br>Cancha:<\/strong>&nbsp;Estudiantes.<br>Estudiantes vs. La Loma.<br>ALFA vs. Los Carteros.<br>V\u00e9lez vs. El Front\u00f3n.<br>Libre: Defensores.<\/p>\n\n\n\n<p><strong>Sub 12<br>Cancha:<\/strong>\u00a0Estudiantes<br>Estudiantes vs. ALFA<br>Los Carteros vs. V\u00e9lez.<\/p>\n\n\n\n<div class=\"wp-block-image\"><figure class=\"aligncenter\"><img loading=\"lazy\" decoding=\"async\" width=\"432\" height=\"364\" data-attachment-id=\"91769\" data-permalink=\"https:\/\/www.hoymercedes.com.ar\/principal\/2019\/04\/24\/sub-16-y-primera-division-tuvieron-su-segunda-fecha-en-el-femenino\/pos-fem-inf-2\/#main\" data-orig-file=\"https:\/\/www.hoymercedes.com.ar\/principal\/wp-content\/uploads\/2019\/04\/POS-FEM-INF-1.png\" data-orig-size=\"432,364\" data-comments-opened=\"0\" data-image-meta=\"{&quot;aperture&quot;:&quot;0&quot;,&quot;credit&quot;:&quot;&quot;,&quot;camera&quot;:&quot;&quot;,&quot;caption&quot;:&quot;&quot;,&quot;created_timestamp&quot;:&quot;0&quot;,&quot;copyright&quot;:&quot;&quot;,&quot;focal_length&quot;:&quot;0&quot;,&quot;iso&quot;:&quot;0&quot;,&quot;shutter_speed&quot;:&quot;0&quot;,&quot;title&quot;:&quot;&quot;,&quot;orientation&quot;:&quot;0&quot;}\" data-image-title=\"POS FEM INF\" data-image-description=\"\" data-image-caption=\"\" data-large-file=\"https:\/\/www.hoymercedes.com.ar\/principal\/wp-content\/uploads\/2019\/04\/POS-FEM-INF-1.png\" src=\"https:\/\/www.hoymercedes.com.ar\/principal\/wp-content\/uploads\/2019\/04\/POS-FEM-INF-1.png\" alt=\"\" class=\"wp-image-91769\" srcset=\"https:\/\/www.hoymercedes.com.ar\/principal\/wp-content\/uploads\/2019\/04\/POS-FEM-INF-1.png 432w, https:\/\/www.hoymercedes.com.ar\/principal\/wp-content\/uploads\/2019\/04\/POS-FEM-INF-1-150x126.png 150w\" sizes=\"auto, (max-width: 432px) 100vw, 432px\" \/><\/figure><\/div>\n\n\n\n<div class=\"wp-block-image\"><figure class=\"aligncenter\"><img loading=\"lazy\" decoding=\"async\" width=\"296\" height=\"616\" data-attachment-id=\"91770\" data-permalink=\"https:\/\/www.hoymercedes.com.ar\/principal\/2019\/04\/24\/sub-16-y-primera-division-tuvieron-su-segunda-fecha-en-el-femenino\/gol-fem-2\/#main\" data-orig-file=\"https:\/\/www.hoymercedes.com.ar\/principal\/wp-content\/uploads\/2019\/04\/GOL-FEM-1.png\" data-orig-size=\"296,616\" data-comments-opened=\"0\" data-image-meta=\"{&quot;aperture&quot;:&quot;0&quot;,&quot;credit&quot;:&quot;&quot;,&quot;camera&quot;:&quot;&quot;,&quot;caption&quot;:&quot;&quot;,&quot;created_timestamp&quot;:&quot;0&quot;,&quot;copyright&quot;:&quot;&quot;,&quot;focal_length&quot;:&quot;0&quot;,&quot;iso&quot;:&quot;0&quot;,&quot;shutter_speed&quot;:&quot;0&quot;,&quot;title&quot;:&quot;&quot;,&quot;orientation&quot;:&quot;0&quot;}\" data-image-title=\"GOL FEM\" data-image-description=\"\" data-image-caption=\"\" data-large-file=\"https:\/\/www.hoymercedes.com.ar\/principal\/wp-content\/uploads\/2019\/04\/GOL-FEM-1.png\" src=\"https:\/\/www.hoymercedes.com.ar\/principal\/wp-content\/uploads\/2019\/04\/GOL-FEM-1.png\" alt=\"\" class=\"wp-image-91770\" srcset=\"https:\/\/www.hoymercedes.com.ar\/principal\/wp-content\/uploads\/2019\/04\/GOL-FEM-1.png 296w, https:\/\/www.hoymercedes.com.ar\/principal\/wp-content\/uploads\/2019\/04\/GOL-FEM-1-72x150.png 72w\" sizes=\"auto, (max-width: 296px) 100vw, 296px\" \/><\/figure><\/div>\n","protected":false},"excerpt":{"rendered":"<p>Entre viernes y s\u00e1bado se jug\u00f3 la segunda fecha del F\u00fatbol Femenino de la Liga Mercedina en las dos categor\u00edas &#8230; <a title=\"Sub 16 y Primera Divisi\u00f3n tuvieron su segunda fecha en el Femenino\" class=\"read-more\" href=\"https:\/\/www.hoymercedes.com.ar\/principal\/2019\/04\/24\/sub-16-y-primera-division-tuvieron-su-segunda-fecha-en-el-femenino\/\" aria-label=\"Leer m\u00e1s sobre Sub 16 y Primera Divisi\u00f3n tuvieron su segunda fecha en el Femenino\">Leer m\u00e1s<\/a><\/p>\n","protected":false},"author":1,"featured_media":91769,"comment_status":"closed","ping_status":"open","sticky":false,"template":"","format":"standard","meta":{"_monsterinsights_skip_tracking":false,"_monsterinsights_sitenote_active":false,"_monsterinsights_sitenote_note":"","_monsterinsights_sitenote_category":0,"jetpack_post_was_ever_published":false,"_jetpack_newsletter_access":"","_jetpack_dont_email_post_to_subs":false,"_jetpack_newsletter_tier_id":0,"_jetpack_memberships_contains_paywalled_content":false,"_jetpack_memberships_contains_paid_content":false,"footnotes":"","jetpack_publicize_message":"","jetpack_publicize_feature_enabled":true,"jetpack_social_post_already_shared":true,"jetpack_social_options":{"image_generator_settings":{"template":"highway","default_image_id":0,"font":"","enabled":false},"version":2},"_wpas_customize_per_network":false},"categories":[21],"tags":[895,413],"class_list":["post-91765","post","type-post","status-publish","format-standard","has-post-thumbnail","hentry","category-deportes","tag-futbol-femenino","tag-liga-mercedina-de-futbol","generate-columns","tablet-grid-50","mobile-grid-100","grid-parent","grid-50"],"jetpack_publicize_connections":[],"jetpack_featured_media_url":"https:\/\/www.hoymercedes.com.ar\/principal\/wp-content\/uploads\/2019\/04\/POS-FEM-INF-1.png","wps_subtitle":"","jetpack_sharing_enabled":true,"_links":{"self":[{"href":"https:\/\/www.hoymercedes.com.ar\/principal\/wp-json\/wp\/v2\/posts\/91765","targetHints":{"allow":["GET"]}}],"collection":[{"href":"https:\/\/www.hoymercedes.com.ar\/principal\/wp-json\/wp\/v2\/posts"}],"about":[{"href":"https:\/\/www.hoymercedes.com.ar\/principal\/wp-json\/wp\/v2\/types\/post"}],"author":[{"embeddable":true,"href":"https:\/\/www.hoymercedes.com.ar\/principal\/wp-json\/wp\/v2\/users\/1"}],"replies":[{"embeddable":true,"href":"https:\/\/www.hoymercedes.com.ar\/principal\/wp-json\/wp\/v2\/comments?post=91765"}],"version-history":[{"count":0,"href":"https:\/\/www.hoymercedes.com.ar\/principal\/wp-json\/wp\/v2\/posts\/91765\/revisions"}],"wp:featuredmedia":[{"embeddable":true,"href":"https:\/\/www.hoymercedes.com.ar\/principal\/wp-json\/wp\/v2\/media\/91769"}],"wp:attachment":[{"href":"https:\/\/www.hoymercedes.com.ar\/principal\/wp-json\/wp\/v2\/media?parent=91765"}],"wp:term":[{"taxonomy":"category","embeddable":true,"href":"https:\/\/www.hoymercedes.com.ar\/principal\/wp-json\/wp\/v2\/categories?post=91765"},{"taxonomy":"post_tag","embeddable":true,"href":"https:\/\/www.hoymercedes.com.ar\/principal\/wp-json\/wp\/v2\/tags?post=91765"}],"curies":[{"name":"wp","href":"https:\/\/api.w.org\/{rel}","templated":true}]}}