{"id":91810,"date":"2019-04-23T21:43:06","date_gmt":"2019-04-24T00:43:06","guid":{"rendered":"http:\/\/www.hoymercedes.com.ar\/principal\/?p=91810"},"modified":"2019-04-23T21:43:14","modified_gmt":"2019-04-24T00:43:14","slug":"bici-segura-el-nuevo-programa-de-seguridad-presentado-por-el-municipio","status":"publish","type":"post","link":"https:\/\/www.hoymercedes.com.ar\/principal\/2019\/04\/23\/bici-segura-el-nuevo-programa-de-seguridad-presentado-por-el-municipio\/","title":{"rendered":"\u201cBici Segura\u201d el nuevo programa de seguridad presentado por el Municipio"},"content":{"rendered":"\n<figure class=\"wp-block-image\"><img loading=\"lazy\" decoding=\"async\" width=\"948\" height=\"632\" data-attachment-id=\"91811\" data-permalink=\"https:\/\/www.hoymercedes.com.ar\/principal\/2019\/04\/23\/bici-segura-el-nuevo-programa-de-seguridad-presentado-por-el-municipio\/bicisegura-1\/#main\" data-orig-file=\"https:\/\/www.hoymercedes.com.ar\/principal\/wp-content\/uploads\/2019\/04\/BiciSegura-1.jpg\" data-orig-size=\"948,632\" data-comments-opened=\"0\" data-image-meta=\"{&quot;aperture&quot;:&quot;0&quot;,&quot;credit&quot;:&quot;&quot;,&quot;camera&quot;:&quot;&quot;,&quot;caption&quot;:&quot;&quot;,&quot;created_timestamp&quot;:&quot;0&quot;,&quot;copyright&quot;:&quot;&quot;,&quot;focal_length&quot;:&quot;0&quot;,&quot;iso&quot;:&quot;0&quot;,&quot;shutter_speed&quot;:&quot;0&quot;,&quot;title&quot;:&quot;&quot;,&quot;orientation&quot;:&quot;0&quot;}\" data-image-title=\"BiciSegura-1\" data-image-description=\"\" data-image-caption=\"\" data-large-file=\"https:\/\/www.hoymercedes.com.ar\/principal\/wp-content\/uploads\/2019\/04\/BiciSegura-1.jpg\" src=\"https:\/\/www.hoymercedes.com.ar\/principal\/wp-content\/uploads\/2019\/04\/BiciSegura-1.jpg\" alt=\"\" class=\"wp-image-91811\" srcset=\"https:\/\/www.hoymercedes.com.ar\/principal\/wp-content\/uploads\/2019\/04\/BiciSegura-1.jpg 948w, https:\/\/www.hoymercedes.com.ar\/principal\/wp-content\/uploads\/2019\/04\/BiciSegura-1-150x100.jpg 150w, https:\/\/www.hoymercedes.com.ar\/principal\/wp-content\/uploads\/2019\/04\/BiciSegura-1-630x420.jpg 630w, https:\/\/www.hoymercedes.com.ar\/principal\/wp-content\/uploads\/2019\/04\/BiciSegura-1-720x480.jpg 720w, https:\/\/www.hoymercedes.com.ar\/principal\/wp-content\/uploads\/2019\/04\/BiciSegura-1-360x240.jpg 360w\" sizes=\"auto, (max-width: 948px) 100vw, 948px\" \/><\/figure>\n\n\n\n<p>Atendiendo las necesidades de los\nvecinos de la ciudad, la Municipalidad de Mercedes mediante la Secretar\u00eda de\nSeguridad comenz\u00f3 a implementar el programa \u201cBici Segura\u201d. A trav\u00e9s del mismo se\npodr\u00e1n registrar las bicicletas mediante un c\u00f3digo \u00fanico, parecido a una\npatente, que se adherir\u00e1 a la bicicleta y ante un eventual robo o hurto, podr\u00e1\nser identificada y recuperada inmediatamente.&nbsp;\n&nbsp;<\/p>\n\n\n\n<p>\u201cEste es un programa que se ha\npensado y dise\u00f1ado en funci\u00f3n de una realidad que hist\u00f3ricamente es un problema\nen la ciudad, y por otro lado, poner al servicio todos los dispositivos que\ntiene la Municipalidad para poder abordar una problem\u00e1tica concreta\u201d afirm\u00f3 el\nintendente Juan Ignacio Ustarroz.<\/p>\n\n\n\n<p><strong>Trabajo <\/strong><\/p>\n\n\n\n<p>Asimismo, el jefe comunal\nUstarroz indic\u00f3 \u201cadem\u00e1s, en este caso lo que se busca es generar conciencia\ntambi\u00e9n en quienes compran bicicletas usadas o por redes sociales, algo que\nviene creciendo\u201d y agreg\u00f3 \u201cvamos a estar tambi\u00e9n en los diferentes espacios\np\u00fablicos llevando este programa, tratando de incentivar al vecino para que se\ninscriba y a que registre sus bicicletas\u201d.<\/p>\n\n\n\n<p>\u201cEsto tiene que ver con una\nconciencia mucho m\u00e1s profunda del cuidado de los bienes de nuestra gente, el\nrespeto de las normas por parte de todos y de pensar soluciones pr\u00e1cticas a\nproblemas concretos\u201d defini\u00f3 el Dr. Ustarroz.&nbsp;\n<\/p>\n\n\n\n<figure class=\"wp-block-embed-youtube wp-block-embed is-type-video is-provider-youtube wp-embed-aspect-16-9 wp-has-aspect-ratio\"><div class=\"wp-block-embed__wrapper\">\n<span class=\"embed-youtube\" style=\"text-align:center; display: block;\"><iframe loading=\"lazy\" class=\"youtube-player\" width=\"1200\" height=\"675\" src=\"https:\/\/www.youtube.com\/embed\/3T4G44uw6xc?version=3&#038;rel=1&#038;showsearch=0&#038;showinfo=1&#038;iv_load_policy=1&#038;fs=1&#038;hl=es-ES&#038;autohide=2&#038;wmode=transparent\" allowfullscreen=\"true\" style=\"border:0;\" sandbox=\"allow-scripts allow-same-origin allow-popups allow-presentation allow-popups-to-escape-sandbox\"><\/iframe><\/span>\n<\/div><\/figure>\n\n\n\n<p><strong>Registro<\/strong><\/p>\n\n\n\n<p>Los vecinos deber\u00e1n registrar sus\ndatos personales, y luego, por cada bici que tengan, registrar cada una de\nellas. El tr\u00e1mite se realiza de manera on-line, de forma muy simple y r\u00e1pida.\nEste registro no tiene costo alguno y se podr\u00e1 hacer a trav\u00e9s de la p\u00e1gina\nBicisegura.mercedes.gob.ar Una vez realizado este tr\u00e1mite, ser\u00e1n convocados por\ntel\u00e9fono o mail para que concurran a la Direcci\u00f3n de Seguridad donde se le\ncolocar\u00e1 la etiqueta identificadora. <\/p>\n\n\n\n<p><strong>Pasos<\/strong><\/p>\n\n\n\n<p>Desde la Secretar\u00eda de Seguridad\nse informa que ante un robo o hurto de una bicicleta, el usuario deber\u00e1,\nprimero, realizar la denuncia policial y despu\u00e9s llamar al 147 e informar el\nc\u00f3digo de la pegatina correspondiente a su rodado.<\/p>\n\n\n\n<figure class=\"wp-block-image\"><img loading=\"lazy\" decoding=\"async\" width=\"1024\" height=\"1024\" data-attachment-id=\"91812\" data-permalink=\"https:\/\/www.hoymercedes.com.ar\/principal\/2019\/04\/23\/bici-segura-el-nuevo-programa-de-seguridad-presentado-por-el-municipio\/bicisegura\/#main\" data-orig-file=\"https:\/\/www.hoymercedes.com.ar\/principal\/wp-content\/uploads\/2019\/04\/BiciSegura.jpeg\" data-orig-size=\"1250,1250\" data-comments-opened=\"0\" data-image-meta=\"{&quot;aperture&quot;:&quot;0&quot;,&quot;credit&quot;:&quot;&quot;,&quot;camera&quot;:&quot;&quot;,&quot;caption&quot;:&quot;&quot;,&quot;created_timestamp&quot;:&quot;0&quot;,&quot;copyright&quot;:&quot;&quot;,&quot;focal_length&quot;:&quot;0&quot;,&quot;iso&quot;:&quot;0&quot;,&quot;shutter_speed&quot;:&quot;0&quot;,&quot;title&quot;:&quot;&quot;,&quot;orientation&quot;:&quot;0&quot;}\" data-image-title=\"BiciSegura\" data-image-description=\"\" data-image-caption=\"\" data-large-file=\"https:\/\/www.hoymercedes.com.ar\/principal\/wp-content\/uploads\/2019\/04\/BiciSegura-1024x1024.jpeg\" src=\"https:\/\/www.hoymercedes.com.ar\/principal\/wp-content\/uploads\/2019\/04\/BiciSegura-1024x1024.jpeg\" alt=\"\" class=\"wp-image-91812\" srcset=\"https:\/\/www.hoymercedes.com.ar\/principal\/wp-content\/uploads\/2019\/04\/BiciSegura-1024x1024.jpeg 1024w, https:\/\/www.hoymercedes.com.ar\/principal\/wp-content\/uploads\/2019\/04\/BiciSegura-150x150.jpeg 150w, https:\/\/www.hoymercedes.com.ar\/principal\/wp-content\/uploads\/2019\/04\/BiciSegura-620x620.jpeg 620w, https:\/\/www.hoymercedes.com.ar\/principal\/wp-content\/uploads\/2019\/04\/BiciSegura-100x100.jpeg 100w, https:\/\/www.hoymercedes.com.ar\/principal\/wp-content\/uploads\/2019\/04\/BiciSegura.jpeg 1250w\" sizes=\"auto, (max-width: 1024px) 100vw, 1024px\" \/><\/figure>\n\n\n\n<p><strong>Prevenci\u00f3n<\/strong><\/p>\n\n\n\n<p>La secretaria de seguridad,\nJosefina Kelly expres\u00f3 \u201ceste es un programa de registro \u00fanico de bicicletas,\nherramienta generada y pensada para evitar el robo y hurto de bicicletas\u201d y\na\u00f1adi\u00f3 \u201cpensamos en este programa para poder hacer un seguimiento y una\ntrazabilidad del rodado, para que mediante un sistema de empadronamiento la\nmisma quede registrada, y as\u00ed intentar resolver esta problem\u00e1tica\u201d.<\/p>\n\n\n\n<p>\u201cNo es obligatorio llevar adelante este tr\u00e1mite gratuito, sino que cada vecino decide si quiere empadronarse o no\u201d. \u00a0\u00a0\u00a0<\/p>\n\n\n\n<figure class=\"wp-block-image\"><img loading=\"lazy\" decoding=\"async\" width=\"723\" height=\"1024\" data-attachment-id=\"91813\" data-permalink=\"https:\/\/www.hoymercedes.com.ar\/principal\/2019\/04\/23\/bici-segura-el-nuevo-programa-de-seguridad-presentado-por-el-municipio\/bicisegura-2\/#main\" data-orig-file=\"https:\/\/www.hoymercedes.com.ar\/principal\/wp-content\/uploads\/2019\/04\/BiciSegura.2.jpeg\" data-orig-size=\"875,1240\" data-comments-opened=\"0\" data-image-meta=\"{&quot;aperture&quot;:&quot;0&quot;,&quot;credit&quot;:&quot;&quot;,&quot;camera&quot;:&quot;&quot;,&quot;caption&quot;:&quot;&quot;,&quot;created_timestamp&quot;:&quot;0&quot;,&quot;copyright&quot;:&quot;&quot;,&quot;focal_length&quot;:&quot;0&quot;,&quot;iso&quot;:&quot;0&quot;,&quot;shutter_speed&quot;:&quot;0&quot;,&quot;title&quot;:&quot;&quot;,&quot;orientation&quot;:&quot;0&quot;}\" data-image-title=\"BiciSegura.2\" data-image-description=\"\" data-image-caption=\"\" data-large-file=\"https:\/\/www.hoymercedes.com.ar\/principal\/wp-content\/uploads\/2019\/04\/BiciSegura.2-723x1024.jpeg\" src=\"https:\/\/www.hoymercedes.com.ar\/principal\/wp-content\/uploads\/2019\/04\/BiciSegura.2-723x1024.jpeg\" alt=\"\" class=\"wp-image-91813\" srcset=\"https:\/\/www.hoymercedes.com.ar\/principal\/wp-content\/uploads\/2019\/04\/BiciSegura.2-723x1024.jpeg 723w, https:\/\/www.hoymercedes.com.ar\/principal\/wp-content\/uploads\/2019\/04\/BiciSegura.2-106x150.jpeg 106w, https:\/\/www.hoymercedes.com.ar\/principal\/wp-content\/uploads\/2019\/04\/BiciSegura.2-438x620.jpeg 438w, https:\/\/www.hoymercedes.com.ar\/principal\/wp-content\/uploads\/2019\/04\/BiciSegura.2.jpeg 875w\" sizes=\"auto, (max-width: 723px) 100vw, 723px\" \/><\/figure>\n\n\n\n<p>Info: Municipio<\/p>\n","protected":false},"excerpt":{"rendered":"<p>Atendiendo las necesidades de los vecinos de la ciudad, la Municipalidad de Mercedes mediante la Secretar\u00eda de Seguridad comenz\u00f3 a &#8230; <a title=\"\u201cBici Segura\u201d el nuevo programa de seguridad presentado por el Municipio\" class=\"read-more\" href=\"https:\/\/www.hoymercedes.com.ar\/principal\/2019\/04\/23\/bici-segura-el-nuevo-programa-de-seguridad-presentado-por-el-municipio\/\" aria-label=\"Leer m\u00e1s sobre \u201cBici Segura\u201d el nuevo programa de seguridad presentado por el Municipio\">Leer m\u00e1s<\/a><\/p>\n","protected":false},"author":1,"featured_media":91812,"comment_status":"closed","ping_status":"open","sticky":false,"template":"","format":"standard","meta":{"_monsterinsights_skip_tracking":false,"_monsterinsights_sitenote_active":false,"_monsterinsights_sitenote_note":"","_monsterinsights_sitenote_category":0,"jetpack_post_was_ever_published":false,"_jetpack_newsletter_access":"","_jetpack_dont_email_post_to_subs":false,"_jetpack_newsletter_tier_id":0,"_jetpack_memberships_contains_paywalled_content":false,"_jetpack_memberships_contains_paid_content":false,"footnotes":"","jetpack_publicize_message":"","jetpack_publicize_feature_enabled":true,"jetpack_social_post_already_shared":true,"jetpack_social_options":{"image_generator_settings":{"template":"highway","default_image_id":0,"font":"","enabled":false},"version":2},"_wpas_customize_per_network":false},"categories":[30],"tags":[8437,424],"class_list":["post-91810","post","type-post","status-publish","format-standard","has-post-thumbnail","hentry","category-municipio","tag-josefina-kelly","tag-ustarroz","generate-columns","tablet-grid-50","mobile-grid-100","grid-parent","grid-50"],"jetpack_publicize_connections":[],"jetpack_featured_media_url":"https:\/\/www.hoymercedes.com.ar\/principal\/wp-content\/uploads\/2019\/04\/BiciSegura.jpeg","wps_subtitle":"Prevenci\u00f3n del delito ","jetpack_sharing_enabled":true,"_links":{"self":[{"href":"https:\/\/www.hoymercedes.com.ar\/principal\/wp-json\/wp\/v2\/posts\/91810","targetHints":{"allow":["GET"]}}],"collection":[{"href":"https:\/\/www.hoymercedes.com.ar\/principal\/wp-json\/wp\/v2\/posts"}],"about":[{"href":"https:\/\/www.hoymercedes.com.ar\/principal\/wp-json\/wp\/v2\/types\/post"}],"author":[{"embeddable":true,"href":"https:\/\/www.hoymercedes.com.ar\/principal\/wp-json\/wp\/v2\/users\/1"}],"replies":[{"embeddable":true,"href":"https:\/\/www.hoymercedes.com.ar\/principal\/wp-json\/wp\/v2\/comments?post=91810"}],"version-history":[{"count":0,"href":"https:\/\/www.hoymercedes.com.ar\/principal\/wp-json\/wp\/v2\/posts\/91810\/revisions"}],"wp:featuredmedia":[{"embeddable":true,"href":"https:\/\/www.hoymercedes.com.ar\/principal\/wp-json\/wp\/v2\/media\/91812"}],"wp:attachment":[{"href":"https:\/\/www.hoymercedes.com.ar\/principal\/wp-json\/wp\/v2\/media?parent=91810"}],"wp:term":[{"taxonomy":"category","embeddable":true,"href":"https:\/\/www.hoymercedes.com.ar\/principal\/wp-json\/wp\/v2\/categories?post=91810"},{"taxonomy":"post_tag","embeddable":true,"href":"https:\/\/www.hoymercedes.com.ar\/principal\/wp-json\/wp\/v2\/tags?post=91810"}],"curies":[{"name":"wp","href":"https:\/\/api.w.org\/{rel}","templated":true}]}}