{"id":91833,"date":"2019-04-24T12:30:30","date_gmt":"2019-04-24T15:30:30","guid":{"rendered":"http:\/\/www.hoymercedes.com.ar\/principal\/?p=91833"},"modified":"2019-04-24T15:28:04","modified_gmt":"2019-04-24T18:28:04","slug":"oficina-de-mediacion-atiende-conflictos-entre-vecinos","status":"publish","type":"post","link":"https:\/\/www.hoymercedes.com.ar\/principal\/2019\/04\/24\/oficina-de-mediacion-atiende-conflictos-entre-vecinos\/","title":{"rendered":"Oficina de Mediaci\u00f3n atiende conflictos entre vecinos"},"content":{"rendered":"\n<p>Hace tres a\u00f1os que est\u00e1 funcionando la oficina de Mediaci\u00f3n Comunitaria que depende de la Secretar\u00eda de Seguridad de la Municipalidad de Mercedes. El objetivo de este organismo es intervenir o gestionar los conflictos vecinales o comunitarios a trav\u00e9s de distintos m\u00e9todos, donde las diferentes partes puedan encargarse y solucionar sus problemas. <\/p>\n\n\n\n<p>\u201cLo que hacemos desde la mediaci\u00f3n es intervenir como un tercero neutral, ayudando a las partes para que encuentren una respuesta\u201d indic\u00f3 Cristina Solana, abogada y mediadora a cargo de esta oficina. <\/p>\n\n\n\n<p>El trabajo de este ente, en un principio comenz\u00f3 por un convenio entre la comuna y Defensor\u00eda del Pueblo \u2013dado que la mediaci\u00f3n es uno de los objetivos de este ente- motivo por el cual se tiene un lugar dentro de su edificio.<\/p>\n\n\n\n<p>A su vez, Solana se\u00f1al\u00f3 cu\u00e1les son los conflictos en los cuales la oficina interviene \u201cen general son por ruidos molestos, por temas que tienen que ver con la medianer\u00eda, de convivencia, tenencia de animales, invasi\u00f3n de \u00e1rboles por los cercos, sumado a aquellos que tienen que ver con lo convivencial\u201d.<\/p>\n\n\n\n<p>Una vez hecho el reclamo, comienzan un proceso de entrevistas que \u201cen su gran mayor\u00eda los resultados son muy efectivos\u201d destac\u00f3 Solana de la Oficina de Mediaci\u00f3n y agreg\u00f3 \u201cnosotros tratamos de dar respuestas, articulando con diferentes \u00e1reas, sean del Municipio o no\u201d.<\/p>\n\n\n\n<p>Algo importante de destacar es que los reclamos no pueden realizarse de manera an\u00f3nima, y los mismos son recibidos a trav\u00e9s del 147 y a trav\u00e9s de la Defensor\u00eda del Pueblo.<\/p>\n\n\n\n<p>Adem\u00e1s, Solano aclar\u00f3 \u201clo que nosotros hacemos a trav\u00e9s de estos m\u00e9todos de resoluci\u00f3n de conflictos, es utilizar m\u00e9todos alternativos a la justicia, puede ser algo que para la ley no es una infracci\u00f3n o una ordenanza pero influye de manera negativa en la buena convivencia\u201d y ejemplific\u00f3 \u201csurge un problema por ruidos molestos y los decibeles no son los suficientes para que sea una infracci\u00f3n, pero sin embargo al vecino le est\u00e1 molestando, en ese caso nosotros intervenimos\u201d.<\/p>\n\n\n\n<p>En caso de no resoluci\u00f3n del conflicto, desde esta oficina se realiza un seguimiento de los casos para que el mismo no escale.<\/p>\n\n\n\n<p>Por otro lado, Cristina Solana de la oficina de Mediaci\u00f3n Comunitaria, se\u00f1al\u00f3 \u201ceste a\u00f1o estamos llevando la oficina a los barrios, los jueves estamos en la Sociedad de Fomento del barrio Trocha, y a su vez estamos comunic\u00e1ndonos con todos los referentes barriales y con todas las instituciones que est\u00e1n en el barrio y escuelas llevando un poco lo que es la mediaci\u00f3n\u201d y subray\u00f3 \u201cqueremos estar en los diferentes conflictos que se suscitan en la ciudad y poder poner nuestro granito de arena en su soluci\u00f3n\u201d.<\/p>\n\n\n\n<p>La oficina se encuentra en calle 30 N\u00b0 664 (entre 27 y 29) el tel\u00e9fono es 434262 y el mail es\u00a0<a rel=\"noreferrer noopener\" target=\"_blank\" href=\"mailto:mediaciones@mercedes.gob.ar\">mediaciones@mercedes.gob.ar<\/a>\u00a0o tambi\u00e9n pueden llamar al 147 y pedir que lo deriven a mediaci\u00f3n. Horarios de 08:00 a 14:00 horas.\u00a0\u00a0<\/p>\n\n\n\n<p>Fuente: Prensa Municipal<\/p>\n","protected":false},"excerpt":{"rendered":"<p>Hace tres a\u00f1os que est\u00e1 funcionando la oficina de Mediaci\u00f3n Comunitaria que depende de la Secretar\u00eda de Seguridad de la &#8230; <a title=\"Oficina de Mediaci\u00f3n atiende conflictos entre vecinos\" class=\"read-more\" href=\"https:\/\/www.hoymercedes.com.ar\/principal\/2019\/04\/24\/oficina-de-mediacion-atiende-conflictos-entre-vecinos\/\" aria-label=\"Leer m\u00e1s sobre Oficina de Mediaci\u00f3n atiende conflictos entre vecinos\">Leer m\u00e1s<\/a><\/p>\n","protected":false},"author":1,"featured_media":0,"comment_status":"closed","ping_status":"open","sticky":false,"template":"","format":"standard","meta":{"_monsterinsights_skip_tracking":false,"_monsterinsights_sitenote_active":false,"_monsterinsights_sitenote_note":"","_monsterinsights_sitenote_category":0,"jetpack_post_was_ever_published":false,"_jetpack_newsletter_access":"","_jetpack_dont_email_post_to_subs":false,"_jetpack_newsletter_tier_id":0,"_jetpack_memberships_contains_paywalled_content":false,"_jetpack_memberships_contains_paid_content":false,"footnotes":"","jetpack_publicize_message":"","jetpack_publicize_feature_enabled":true,"jetpack_social_post_already_shared":true,"jetpack_social_options":{"image_generator_settings":{"template":"highway","default_image_id":0,"font":"","enabled":false},"version":2},"_wpas_customize_per_network":false},"categories":[30],"tags":[14926,244,14925],"class_list":["post-91833","post","type-post","status-publish","format-standard","hentry","category-municipio","tag-conflictos-entre-vecinos","tag-municipio-2","tag-oficina-de-mediacion","generate-columns","tablet-grid-50","mobile-grid-100","grid-parent","grid-50"],"jetpack_publicize_connections":[],"jetpack_featured_media_url":"","wps_subtitle":"Atenci\u00f3n en 30, entre 27 y 29","jetpack_sharing_enabled":true,"_links":{"self":[{"href":"https:\/\/www.hoymercedes.com.ar\/principal\/wp-json\/wp\/v2\/posts\/91833","targetHints":{"allow":["GET"]}}],"collection":[{"href":"https:\/\/www.hoymercedes.com.ar\/principal\/wp-json\/wp\/v2\/posts"}],"about":[{"href":"https:\/\/www.hoymercedes.com.ar\/principal\/wp-json\/wp\/v2\/types\/post"}],"author":[{"embeddable":true,"href":"https:\/\/www.hoymercedes.com.ar\/principal\/wp-json\/wp\/v2\/users\/1"}],"replies":[{"embeddable":true,"href":"https:\/\/www.hoymercedes.com.ar\/principal\/wp-json\/wp\/v2\/comments?post=91833"}],"version-history":[{"count":0,"href":"https:\/\/www.hoymercedes.com.ar\/principal\/wp-json\/wp\/v2\/posts\/91833\/revisions"}],"wp:attachment":[{"href":"https:\/\/www.hoymercedes.com.ar\/principal\/wp-json\/wp\/v2\/media?parent=91833"}],"wp:term":[{"taxonomy":"category","embeddable":true,"href":"https:\/\/www.hoymercedes.com.ar\/principal\/wp-json\/wp\/v2\/categories?post=91833"},{"taxonomy":"post_tag","embeddable":true,"href":"https:\/\/www.hoymercedes.com.ar\/principal\/wp-json\/wp\/v2\/tags?post=91833"}],"curies":[{"name":"wp","href":"https:\/\/api.w.org\/{rel}","templated":true}]}}